{"id":29954,"date":"2025-08-06T18:01:13","date_gmt":"2025-08-06T18:01:13","guid":{"rendered":"https:\/\/www.europesays.com\/es\/29954\/"},"modified":"2025-08-06T18:01:13","modified_gmt":"2025-08-06T18:01:13","slug":"cuando-terminara-la-ola-de-calor-la-aemet-ya-pone-fecha-al-final-del-episodio-extremo","status":"publish","type":"post","link":"https:\/\/www.europesays.com\/es\/29954\/","title":{"rendered":"\u00bfCu\u00e1ndo terminar\u00e1 la ola de calor? La Aemet ya pone fecha al final del episodio extremo"},"content":{"rendered":"<p class=\"c-paragraph\">Este lunes la pen\u00ednsula amanec\u00eda con un total de doce comunidades aut\u00f3nomas en alerta ante las temperaturas extremas que se van a registrar durante los pr\u00f3ximos d\u00edas, que est\u00e1n rondando los 40 grados de forma generalizada en muchos lugares, super\u00e1ndose incluso en algunos de ellos. Aunque los registros r\u00e9cord comenzaban el pasado domingo 3 de agosto, con una <b>m\u00e1xima de 43,4\u00baC en la ciudad de Badajoz y de\u00a0\u00a042 \u00baC en C\u00f3rdoba, Ciudad Real, Sevilla o Ja\u00e9n<\/b>,\u00a0seg\u00fan la predicci\u00f3n de la Agencia Estatal de Meteorolog\u00eda (Aemet)<\/p>\n<p class=\"c-paragraph\">Este mi\u00e9rcoles los avisos meteorol\u00f3gicos que activa la Agencia Estatal de Meteorolog\u00eda se han ampliado a trece comunidades aut\u00f3nomas. La alerta es adem\u00e1s de\u00a0<b><b>nivel naranja<\/b><\/b>\u00a0(riesgo importante)<b><b>\u00a0en seis comunidades aut\u00f3nomas<\/b><\/b>\u00a0(Andaluc\u00eda, Castilla-La Mancha, Extremadura, Galicia, Madrid y Canarias), ante la previsi\u00f3n de que los term\u00f3metros se disparen por encima de los 40 grados en las horas centrales del d\u00eda. <b>De hecho, en tan solo dos d\u00edas\u00a0<a href=\"https:\/\/www.20minutos.es\/nacional\/1-000-municipios-riesgo-alto-salud-consulta-zonas-afectadas-ola-calor_6234032_0.html\" rel=\"nofollow noopener\" target=\"_blank\">el n\u00famero de municipios en Espa\u00f1a que est\u00e1n en alerta roja por calor ha saltado de 1.300<\/a>\u00a0a 2.300. <\/b>Los expertos advierten adem\u00e1s de que el \u00edndice ultravioleta ser\u00e1 extremo en el sur peninsular y archipi\u00e9lagos.\u00a0<\/p>\n<p class=\"c-paragraph\">En amplias zonas de estas mismas comunidades se ha activado igualmente el aviso amarillo por riesgo,<b> nivel que comparten Arag\u00f3n, Cantabria, Castilla y Le\u00f3n, Catalu\u00f1a, Navarra, La Rioja y la Comunidad Valenciana<\/b>, donde las temperaturas alcanzar\u00e1n tambi\u00e9n cifras muy elevadas. Este mi\u00e9rcoles solo se libran de las alertas meteorol\u00f3gicas el archipi\u00e9lago balear, toda la franja costera del Cant\u00e1brico y gran parte del litoral mediterr\u00e1neo, a excepci\u00f3n de un amplio sector en el poniente y en la capital almeriense, donde los term\u00f3metros superar\u00e1n igualmente los 35 grados.<\/p>\n<p>\u00bfHasta cu\u00e1ndo durar\u00e1 la segunda ola de calor?<\/p>\n<p class=\"c-paragraph\">La ola de calor comenz\u00f3 el domingo\u202f3 de agosto de 2025 e inicialmente se preve\u00eda que se disipase, alrededor del jueves\u202f7 de agosto. M\u00e1s tarde se alarg\u00f3 hasta\u00a0el domingo\u202f10 de agosto y ahora, la aemet ha confirmado que<b> la\u00a0<a href=\"https:\/\/www.20minutos.es\/tags\/temas\/ola-de-calor.html\" rel=\"nofollow noopener\" target=\"_blank\">ola de calor<\/a>\u00a0se va a extender, hasta, al menos el martes 12 de agosto.<\/b><\/p>\n<p class=\"c-paragraph\">A partir del\u00a0jueves\u202f7, la incertidumbre sobre la evoluci\u00f3n aumenta, aunque es probable que las temperaturas sigan subiendo, sobre todo en el\u00a0tercio oriental peninsular. Aunque podr\u00eda haber una ligera bajada en el Cant\u00e1brico el viernes, el calor retornar\u00eda por el oeste, extendi\u00e9ndose al fin de semana.<\/p>\n<p class=\"c-paragraph\">De hecho, seg\u00fan Meteored, algunos escenarios contemplan que podr\u00eda ser una de las olas de calor m\u00e1s largas desde que hay registros en Espa\u00f1a (se contabilizan desde 1975), con mapas que muestran que\u00a0<b>este episodio de calor muy intenso se extender\u00eda al menos hasta mediados o finales de la pr\u00f3xima semana.<\/b><\/p>\n<p class=\"c-paragraph\">\u00a0Adem\u00e1s, las\u00a0noches tropicales\u00a0dificultar\u00e1n el descanso, con m\u00ednimas que apenas bajar\u00e1n de los\u00a023-25\u202f\u00b0C\u00a0en el centro y sur. Este ser\u00e1 el momento m\u00e1s intenso de la ola, con r<b>iesgo elevado para la salud y la posibilidad de que se activen\u00a0nuevos avisos naranjas y rojos<\/b>\u00a0en buena parte del pa\u00eds.<\/p>\n","protected":false},"excerpt":{"rendered":"Este lunes la pen\u00ednsula amanec\u00eda con un total de doce comunidades aut\u00f3nomas en alerta ante las temperaturas extremas&hellip;\n","protected":false},"author":2,"featured_media":29955,"comment_status":"","ping_status":"","sticky":false,"template":"","format":"standard","meta":{"footnotes":""},"categories":[5],"tags":[17,18,4922,15880,25,24,13,14,1151,11,19,20,9,10,15,16,3007,3215,23,15881,12,21,22],"class_list":{"0":"post-29954","1":"post","2":"type-post","3":"status-publish","4":"format-standard","5":"has-post-thumbnail","7":"category-titulares","8":"tag-breaking-news","9":"tag-breakingnews","10":"tag-calor","11":"tag-cuando","12":"tag-es","13":"tag-espana","14":"tag-featured-news","15":"tag-featurednews","16":"tag-fecha","17":"tag-headlines","18":"tag-latest-news","19":"tag-latestnews","20":"tag-news","21":"tag-noticias","22":"tag-noticias-destacadas","23":"tag-noticiasdestacadas","24":"tag-ola","25":"tag-seo20","26":"tag-spain","27":"tag-terminara","28":"tag-titulares","29":"tag-ultimas-noticias","30":"tag-ultimasnoticias"},"share_on_mastodon":{"url":"","error":""},"_links":{"self":[{"href":"https:\/\/www.europesays.com\/es\/wp-json\/wp\/v2\/posts\/29954","targetHints":{"allow":["GET"]}}],"collection":[{"href":"https:\/\/www.europesays.com\/es\/wp-json\/wp\/v2\/posts"}],"about":[{"href":"https:\/\/www.europesays.com\/es\/wp-json\/wp\/v2\/types\/post"}],"author":[{"embeddable":true,"href":"https:\/\/www.europesays.com\/es\/wp-json\/wp\/v2\/users\/2"}],"replies":[{"embeddable":true,"href":"https:\/\/www.europesays.com\/es\/wp-json\/wp\/v2\/comments?post=29954"}],"version-history":[{"count":0,"href":"https:\/\/www.europesays.com\/es\/wp-json\/wp\/v2\/posts\/29954\/revisions"}],"wp:featuredmedia":[{"embeddable":true,"href":"https:\/\/www.europesays.com\/es\/wp-json\/wp\/v2\/media\/29955"}],"wp:attachment":[{"href":"https:\/\/www.europesays.com\/es\/wp-json\/wp\/v2\/media?parent=29954"}],"wp:term":[{"taxonomy":"category","embeddable":true,"href":"https:\/\/www.europesays.com\/es\/wp-json\/wp\/v2\/categories?post=29954"},{"taxonomy":"post_tag","embeddable":true,"href":"https:\/\/www.europesays.com\/es\/wp-json\/wp\/v2\/tags?post=29954"}],"curies":[{"name":"wp","href":"https:\/\/api.w.org\/{rel}","templated":true}]}}