{"id":299616,"date":"2025-12-21T12:13:08","date_gmt":"2025-12-21T12:13:08","guid":{"rendered":"https:\/\/www.europesays.com\/es\/299616\/"},"modified":"2025-12-21T12:13:08","modified_gmt":"2025-12-21T12:13:08","slug":"en-el-barcelona-no-hablaba-con-nadie","status":"publish","type":"post","link":"https:\/\/www.europesays.com\/es\/299616\/","title":{"rendered":"En el Barcelona no hablaba con nadie"},"content":{"rendered":"<p data-mrf-recirculation=\"Links P\u00e1rrafos\" class=\"ue-c-article__paragraph paragraph ue-c-article--first-letter-highlighted\">A sus 32 a\u00f1os, <strong>Samuel Umtiti <\/strong>ha comenzado a reconstruir su vida despu\u00e9s de dejar atr\u00e1s su carrera como futbolista. Las lesiones y los desaf\u00edos inesperados que vinieron con ellas lo llevaron, en septiembre de este a\u00f1o, a retirarse del f\u00fatbol profesional. En una profunda entrevista con<strong> La Gazzetta dello Sport,<\/strong> Umtiti comparti\u00f3 algunas de las complejas y dif\u00edciles etapas emocionales que vivi\u00f3 durante su carrera, una de las cuales lo llev\u00f3 a tomar la decisi\u00f3n de fichar por el Lecce en 2022, un club de la Serie A, cedido por el Barcelona. Para \u00e9l, esta decisi\u00f3n fue un intento de encontrar algo de paz y tranquilidad despu\u00e9s de un per\u00edodo lleno de adversidades.<\/p>\n<p>Umtiti anuncia su retirada: \u00abHa llegado el momento de decir adi\u00f3s\u00bb<\/p>\n<p data-mrf-recirculation=\"Links P\u00e1rrafos\" class=\"ue-c-article__paragraph paragraph\">Umtiti explic\u00f3 lo que lo motiv\u00f3 a tomar esa decisi\u00f3n:<strong> \u00abEn Barcelona, me sent\u00eda muy solo. No quer\u00eda hablar con nadie. Mientras tanto, las lesiones me afectaban constantemente y jugaba muy poco. <\/strong>Si no est\u00e1s bien emocionalmente, tu cuerpo no puede rendir al m\u00e1ximo, y eso afecta a tu rendimiento. Es fundamental que los futbolistas reciban el apoyo necesario, porque a menudo nos vemos lanzados a un mundo que es enorme y dif\u00edcil de gestionar. Es importante tener el valor de admitir cuando no te encuentras bien, de decirlo en voz alta.\u00bb<\/p>\n<p>Homenaje a Samuel Umtiti<\/p>\n<p data-mrf-recirculation=\"Links P\u00e1rrafos\" class=\"ue-c-article__paragraph paragraph\"><strong>El paso por el Lecce represent\u00f3 un cambio radical para \u00e9l, y la imagen m\u00e1s ic\u00f3nica de su llegada a Italia fue el momento en que, visiblemente emocionado, derram\u00f3 l\u00e1grimas al ser recibido por los aficionados en el aeropuerto.\u00a0<\/strong><\/p>\n<p>Umtiti estalla contra un aficionado que se sube a su cap\u00f3: \u00abVen aqu\u00ed. \u00bfPagas t\u00fa el coche? \u00bfPor qu\u00e9 t<\/p>\n<p>Una declaraci\u00f3n sincera<\/p>\n<p data-mrf-recirculation=\"Links P\u00e1rrafos\" class=\"ue-c-article__paragraph paragraph\">En ese momento, Umtiti comparti\u00f3 lo que sent\u00eda: \u00abSoy una persona que no suele hablar mucho; mi coraz\u00f3n se expresa mejor que mi boca. Quiz\u00e1s esas l\u00e1grimas salieron directamente del coraz\u00f3n. Ven\u00eda de una etapa muy dif\u00edcil, en la que sent\u00eda que la gente no me entend\u00eda. Necesitaba amor sincero, y lo encontr\u00e9 desde el primer momento en Lecce. <strong>El director Corvino me dijo que me enamorar\u00eda de la gente y de la ciudad.<\/strong> Yo no estaba tan seguro, ven\u00eda de Barcelona, y la verdad, no sab\u00eda qu\u00e9 esperar. Pero ten\u00eda raz\u00f3n, se cre\u00f3 un v\u00ednculo muy fuerte\u00bb.<\/p>\n","protected":false},"excerpt":{"rendered":"A sus 32 a\u00f1os, Samuel Umtiti ha comenzado a reconstruir su vida despu\u00e9s de dejar atr\u00e1s su carrera&hellip;\n","protected":false},"author":2,"featured_media":299617,"comment_status":"","ping_status":"","sticky":false,"template":"","format":"standard","meta":{"footnotes":""},"categories":[268],"tags":[168,25,24,280,282,281,23,167],"class_list":{"0":"post-299616","1":"post","2":"type-post","3":"status-publish","4":"format-standard","5":"has-post-thumbnail","7":"category-futbol","8":"tag-deportes","9":"tag-es","10":"tag-espana","11":"tag-football","12":"tag-futbol","13":"tag-soccer","14":"tag-spain","15":"tag-sports"},"share_on_mastodon":{"url":"https:\/\/pubeurope.com\/@es\/115757502297490633","error":""},"_links":{"self":[{"href":"https:\/\/www.europesays.com\/es\/wp-json\/wp\/v2\/posts\/299616","targetHints":{"allow":["GET"]}}],"collection":[{"href":"https:\/\/www.europesays.com\/es\/wp-json\/wp\/v2\/posts"}],"about":[{"href":"https:\/\/www.europesays.com\/es\/wp-json\/wp\/v2\/types\/post"}],"author":[{"embeddable":true,"href":"https:\/\/www.europesays.com\/es\/wp-json\/wp\/v2\/users\/2"}],"replies":[{"embeddable":true,"href":"https:\/\/www.europesays.com\/es\/wp-json\/wp\/v2\/comments?post=299616"}],"version-history":[{"count":0,"href":"https:\/\/www.europesays.com\/es\/wp-json\/wp\/v2\/posts\/299616\/revisions"}],"wp:featuredmedia":[{"embeddable":true,"href":"https:\/\/www.europesays.com\/es\/wp-json\/wp\/v2\/media\/299617"}],"wp:attachment":[{"href":"https:\/\/www.europesays.com\/es\/wp-json\/wp\/v2\/media?parent=299616"}],"wp:term":[{"taxonomy":"category","embeddable":true,"href":"https:\/\/www.europesays.com\/es\/wp-json\/wp\/v2\/categories?post=299616"},{"taxonomy":"post_tag","embeddable":true,"href":"https:\/\/www.europesays.com\/es\/wp-json\/wp\/v2\/tags?post=299616"}],"curies":[{"name":"wp","href":"https:\/\/api.w.org\/{rel}","templated":true}]}}