{"id":299630,"date":"2025-12-21T12:22:24","date_gmt":"2025-12-21T12:22:24","guid":{"rendered":"https:\/\/www.europesays.com\/es\/299630\/"},"modified":"2025-12-21T12:22:24","modified_gmt":"2025-12-21T12:22:24","slug":"manuel-y-margarita-declaran-la-guerra-a-leocadia-del-22-al-26-de-diciembre","status":"publish","type":"post","link":"https:\/\/www.europesays.com\/es\/299630\/","title":{"rendered":"Manuel y Margarita declaran la guerra a Leocadia, del 22 al 26 de diciembre"},"content":{"rendered":"<p>Revoluci\u00f3n en &#8216;La Promesa&#8217; tras lo ocurrido con \u00c1ngela y salto temporal. As\u00ed comienza la quinta temporada de la serie.<\/p>\n<p><img decoding=\"async\" src=\"data:image\/svg+xml,%3Csvg%20xmlns=\" http:=\"\" alt=\"\" data-lazy-src=\"https:\/\/www.europesays.com\/es\/wp-content\/uploads\/2025\/12\/1766319742_658_\"\/><\/p>\n<p>A pesar de contar con un festivo, el jueves 25 de diciembre, &#8216;La Promesa&#8217; emite esta semana <a href=\"https:\/\/www.culturaenserie.com\/horarios-y-capitulos-de-valle-salvaje-y-la-promesa-del-22-al-26-de-diciembre.html\" rel=\"nofollow noopener\" target=\"_blank\">cinco cap\u00edtulos: 739, 740, 741, 742 y 743 que estar\u00e1n marcados<\/a> por lo ocurrido el d\u00eda de la boda de \u00c1ngela y Lorenzo.<\/p>\n<p>Adem\u00e1s:<\/p>\n<ul class=\"wp-block-list\">\n<li>Margarita regresa y se niega a convivir con Leocadia<\/li>\n<li>Manuel descubre que la se\u00f1ora est\u00e1 detr\u00e1s del movimiento del duque y le declara la guerra<\/li>\n<li>Martina y Adriano toman una decisi\u00f3n sobre su futuro<\/li>\n<\/ul>\n<p>Avance del cap\u00edtulo 739 de &#8216;La Promesa&#8217; (lunes, 22 de diciembre)<\/p>\n<p>Llegan nuevas noticias sobre Catalina, el lunes en &#8216;La Promesa&#8217;.<\/p>\n<p><strong>Martina decide seguir adelante con su relaci\u00f3n con Jacobo<\/strong>, aunque no lo hace por amor, sino movida por la culpa. Algo dentro de ella le dice que no est\u00e1 bien, pero no encuentra fuerzas para romper con todo.<\/p>\n<p><img data-no-lazy=\"\" fetchpriority=\"high\" decoding=\"async\" width=\"1620\" height=\"1080\" src=\"https:\/\/www.europesays.com\/es\/wp-content\/uploads\/2025\/12\/LaPromesaBambuProducciones_Cap739_ff_12.jpg\" alt=\"\"  \/><\/p>\n<p><strong>Adriano, ajeno a lo que Martina siente en realidad, la felicita sinceramente por haberse reconciliado con su prometido<\/strong>, sin imaginar que su coraz\u00f3n sigue hecho pedazos por dentro. \u00bfHasta cu\u00e1ndo podr\u00e1 fingir?<\/p>\n<p><strong>\u00c1ngela, cada vez m\u00e1s resignada, se prueba el vestido de novia mientras Curro la observa en silencio<\/strong>, con el alma rota. Verla as\u00ed, tan cerca de casarse con otro, le destroza por dentro\u2026 y no puede hacer nada para evitarlo.<\/p>\n<p><strong>To\u00f1o no se calla m\u00e1s y enfrenta directamente a Enora por su mentira.<\/strong> Siente que no puede volver a confiar en ella, y eso marca un antes y un despu\u00e9s entre ellos. La desilusi\u00f3n pesa demasiado.<\/p>\n<p><strong>Despu\u00e9s de su desvanecimiento, Mar\u00eda Fern\u00e1ndez es apartada de los preparativos de la boda por precauci\u00f3n.<\/strong> Aunque ella intenta quitarle importancia, todos comienzan a notar que algo pasa\u2026 especialmente Petra.<\/p>\n<p><strong>Petra, siempre atenta a todo lo que ocurre en el palacio, no solo lanza una advertencia a Teresa por su cercan\u00eda con Crist\u00f3bal<\/strong>, sino que despu\u00e9s, sorprendentemente, <strong>sale en su defensa frente al resto del personal.<\/strong> <\/p>\n<p>Adem\u00e1s, no le pasa desapercibido el estado de Mar\u00eda\u2026 y <strong>comienza a sospechar que podr\u00eda estar embarazada.<\/strong><\/p>\n<p><img loading=\"lazy\" decoding=\"async\" width=\"1210\" height=\"806\" src=\"data:image\/svg+xml,%3Csvg%20xmlns=\" http:=\"\" alt=\"\" data-lazy- data-lazy- data-lazy-src=\"https:\/\/www.europesays.com\/es\/wp-content\/uploads\/2025\/12\/LaPromesaBambuProducciones_Cap739_ff_09.jpg\"\/><\/p>\n<p>Y cuando parec\u00eda que todo pod\u00eda cambiar, <strong>Lorenzo acepta anular la boda con \u00c1ngela a cambio de un acuerdo con Alonso.<\/strong> Pero en cuanto ve la felicidad reflejada en los ojos de Curro\u2026 <strong>se arrepiente de todo y rompe el trato de forma violenta.<\/strong> \u00a1Un nuevo golpe para todos!<\/p>\n<p>Para rematar el d\u00eda, <strong>el falso detective contratado por Leocadia irrumpe con nuevas noticias sobre la Condesa de Campos y Luj\u00e1n.<\/strong> \u00bfQu\u00e9 m\u00e1s va a salir a la luz? La intriga no da tregua en La Promesa.<\/p>\n","protected":false},"excerpt":{"rendered":"Revoluci\u00f3n en &#8216;La Promesa&#8217; tras lo ocurrido con \u00c1ngela y salto temporal. As\u00ed comienza la quinta temporada de&hellip;\n","protected":false},"author":2,"featured_media":299631,"comment_status":"","ping_status":"","sticky":false,"template":"","format":"standard","meta":{"footnotes":""},"categories":[91],"tags":[7377,33696,146,147,25,24,23],"class_list":{"0":"post-299630","1":"post","2":"type-post","3":"status-publish","4":"format-standard","5":"has-post-thumbnail","7":"category-entretenimiento","8":"tag-avance","9":"tag-avances","10":"tag-entertainment","11":"tag-entretenimiento","12":"tag-es","13":"tag-espana","14":"tag-spain"},"share_on_mastodon":{"url":"https:\/\/pubeurope.com\/@es\/115757537842521633","error":""},"_links":{"self":[{"href":"https:\/\/www.europesays.com\/es\/wp-json\/wp\/v2\/posts\/299630","targetHints":{"allow":["GET"]}}],"collection":[{"href":"https:\/\/www.europesays.com\/es\/wp-json\/wp\/v2\/posts"}],"about":[{"href":"https:\/\/www.europesays.com\/es\/wp-json\/wp\/v2\/types\/post"}],"author":[{"embeddable":true,"href":"https:\/\/www.europesays.com\/es\/wp-json\/wp\/v2\/users\/2"}],"replies":[{"embeddable":true,"href":"https:\/\/www.europesays.com\/es\/wp-json\/wp\/v2\/comments?post=299630"}],"version-history":[{"count":0,"href":"https:\/\/www.europesays.com\/es\/wp-json\/wp\/v2\/posts\/299630\/revisions"}],"wp:featuredmedia":[{"embeddable":true,"href":"https:\/\/www.europesays.com\/es\/wp-json\/wp\/v2\/media\/299631"}],"wp:attachment":[{"href":"https:\/\/www.europesays.com\/es\/wp-json\/wp\/v2\/media?parent=299630"}],"wp:term":[{"taxonomy":"category","embeddable":true,"href":"https:\/\/www.europesays.com\/es\/wp-json\/wp\/v2\/categories?post=299630"},{"taxonomy":"post_tag","embeddable":true,"href":"https:\/\/www.europesays.com\/es\/wp-json\/wp\/v2\/tags?post=299630"}],"curies":[{"name":"wp","href":"https:\/\/api.w.org\/{rel}","templated":true}]}}