{"id":299655,"date":"2025-12-21T12:42:09","date_gmt":"2025-12-21T12:42:09","guid":{"rendered":"https:\/\/www.europesays.com\/es\/299655\/"},"modified":"2025-12-21T12:42:09","modified_gmt":"2025-12-21T12:42:09","slug":"la-odisea-lanza-nuevo-trailer-solo-en-cines-mientras-se-sigue-cuestionando-la-exactitud-historica-de-la-pelicula-ecartelera","status":"publish","type":"post","link":"https:\/\/www.europesays.com\/es\/299655\/","title":{"rendered":"&#039;La Odisea&#039; lanza nuevo tr\u00e1iler solo en cines, mientras se sigue cuestionando la exactitud hist\u00f3rica de la pel\u00edcula &#8211; eCartelera"},"content":{"rendered":"<ol>\n<li><a href=\"https:\/\/news.google.com\/rss\/articles\/CBMikwFBVV95cUxNdmtxVlF1YTBjZWZwSGE3bE5jckxqeU9MU2VBMzhkTEY4ZlJNTlpfN1BFWUZPbDZpbWxjdFJBSW1neUppdUtpamlabFNQOEZKTkhnazJDMFpCSkhzOTRtSFdQaVZmaU1xbUdfZFpJbkxfWC1qQkw0MF8zQm80SkFqSFYyRVFwZ3BYdEZjY1VXaDlXT0U?oc=5\" target=\"_blank\" rel=\"nofollow noopener\">&#8216;La Odisea&#8217; lanza nuevo tr\u00e1iler solo en cines, mientras se sigue cuestionando la exactitud hist\u00f3rica de la pel\u00edcula<\/a>&nbsp;&nbsp;eCartelera<\/li>\n<li><a href=\"https:\/\/news.google.com\/rss\/articles\/CBMimwFBVV95cUxOZGNWdlJtQnVqdzdnV1VEeDBxdy13TnJ0NWI2d3ZrT2dFZ0pYS2w5a0xDaXk1UG85UWZLWTZZZmtvcGhDekxZR3ZQNXhNVGFhUGhwU29oYmJWS01QZEw3NlhJVXhMOUlTVzladkNKcHM5ZWh4aVhSbS1tbEh1XzRNazM4Q3JScEZwQ3VVc3lmenJaeXBrdzRBOGRISQ?oc=5\" target=\"_blank\" rel=\"nofollow noopener\">Matt Damon, Anne Hathaway y Tom Holland hacen el griego en las nuevas im\u00e1genes de \u2018La Odisea\u2019<\/a>&nbsp;&nbsp;eCartelera<\/li>\n<li><a href=\"https:\/\/news.google.com\/rss\/articles\/CBMihAJBVV95cUxONGVCMXI5dS1lck5DdlkzNFRrampVY3pxTkxtZzY1WVBIbW1JN1UtUl9fcjlpX19zUU56czFYZWc3bk0ybGdTSzM2cS1TUHFmcGxPdnZDNTczZE9kVExJcGpScldXbjIwOTEzdXNXNzhUWFJiZF9pNENSM2lFWDlFSjR4UnpkX2Nnc05mVEUteDBneU0wcjZwVmJKT2l2V1pMVzdEY09xYlUxSTJsQzloM3kzenlmeGppRGJiWXpJaHVEZC1Ca3laWV9RVmJjdi1xZW4yLWdTbDd5VXprNzltOUlmQUs0ZG85cEt6SDlsTlY3SU11SUJMQllSdGRUcXJNaUI1bw?oc=5\" target=\"_blank\" rel=\"nofollow noopener\">La Odisea, de Christopher Nolan, muestra el p\u00f3ster de la pel\u00edcula justo antes del esperado adelanto<\/a>&nbsp;&nbsp;IGN Espa\u00f1a<\/li>\n<li><a href=\"https:\/\/news.google.com\/rss\/articles\/CBMizwFBVV95cUxPTmpRWlZiM09FLWMwX0FFRTZ5NUlDQW5QYU5UVU9wREx6Q0xUTGdGY2prcWd2eHdNTHhTcnVMSk1CQ29YWVIyQ3NFelVlQkx4aUR4TDBvQ05Nd0h3ZXdkR25CY0NkRC1FdEdTTkltMmJPLUpEWVRrWE9rYU90YzluekRXSkFVSE1DNEctQ29XdDBqbEM2LWk2VTZZRzJfa09ueVRiMVIyRHpqV216Tng0Rmp3V2VWeW5qR2pXTlpjZ1MzQkRtUUhac2hYV0MyVmPSAeoBQVVfeXFMUGR1c1Q2VGw5TXRoV0tiYzZBSjVYTWZaNG5ZN2RjalBwaWVxdzlYTG9DdW9Ba2lCZkJScVoxQ1RIZVlDQnV4Z3l6bUpqTXE4N1BVTU9uZHBnYzU0TDJXYjA3ZVUyeE9pVG8yX3kwR1d6cTJXZF9IZGIyT19XYnpOQVRrVC04bURXbjZDVVNHSHZnaWU1dVZqTGI5UE15OHVEU2x4LU5RamtTZlNqZFhONlhhZVktNUFWWHl2RkdrZS02WVpfOGxfSi13cHRydEJJUzFxMVVUYzB3azlRZVhtNnNaMHlqZUpVNE5R?oc=5\" target=\"_blank\" rel=\"nofollow noopener\">La vigencia de \u2018La Odisea\u2019, un gran relato de aventuras que ahora inspira a Christopher Nolan<\/a>&nbsp;&nbsp;Infobae<\/li>\n<li><a href=\"https:\/\/news.google.com\/rss\/articles\/CBMiqgFBVV95cUxQdXgya1BySW13SmhVQjlCT1VtYXNWcnRmVDV5RXdLbFZmbnJOdzVvRDdicUd5blg0a1pZSVR5Mm90SlpVMlg4aFlab2czQVo1c2d0QWgtZ1pRbXd2QWZOTkpwVlJNZXdLT2lkNHp2TVBrUDlkdE01RUNWWlVtRDQ0YjNvNjBjUGp1NG4za0VYRk5YdE1xdl9RQVBwbXc1N1dXejUtTWdodElIZ9IBqgFBVV95cUxQdXgya1BySW13SmhVQjlCT1VtYXNWcnRmVDV5RXdLbFZmbnJOdzVvRDdicUd5blg0a1pZSVR5Mm90SlpVMlg4aFlab2czQVo1c2d0QWgtZ1pRbXd2QWZOTkpwVlJNZXdLT2lkNHp2TVBrUDlkdE01RUNWWlVtRDQ0YjNvNjBjUGp1NG4za0VYRk5YdE1xdl9RQVBwbXc1N1dXejUtTWdodElIZw?oc=5\" target=\"_blank\" rel=\"nofollow noopener\">La Odisea tiene nuevo vistazo y revela el personaje de Robert Pattinson<\/a>&nbsp;&nbsp;QueVer<\/li>\n<\/ol>\n","protected":false},"excerpt":{"rendered":"&#8216;La Odisea&#8217; lanza nuevo tr\u00e1iler solo en cines, mientras se sigue cuestionando la exactitud hist\u00f3rica de la pel\u00edcula&nbsp;&nbsp;eCartelera&hellip;\n","protected":false},"author":2,"featured_media":297172,"comment_status":"","ping_status":"","sticky":false,"template":"","format":"standard","meta":{"footnotes":""},"categories":[169],"tags":[177,146,147,25,24,176,175,23],"class_list":{"0":"post-299655","1":"post","2":"type-post","3":"status-publish","4":"format-standard","5":"has-post-thumbnail","7":"category-cine","8":"tag-cine","9":"tag-entertainment","10":"tag-entretenimiento","11":"tag-es","12":"tag-espana","13":"tag-film","14":"tag-movies","15":"tag-spain"},"share_on_mastodon":{"url":"https:\/\/pubeurope.com\/@es\/115757616037013879","error":""},"_links":{"self":[{"href":"https:\/\/www.europesays.com\/es\/wp-json\/wp\/v2\/posts\/299655","targetHints":{"allow":["GET"]}}],"collection":[{"href":"https:\/\/www.europesays.com\/es\/wp-json\/wp\/v2\/posts"}],"about":[{"href":"https:\/\/www.europesays.com\/es\/wp-json\/wp\/v2\/types\/post"}],"author":[{"embeddable":true,"href":"https:\/\/www.europesays.com\/es\/wp-json\/wp\/v2\/users\/2"}],"replies":[{"embeddable":true,"href":"https:\/\/www.europesays.com\/es\/wp-json\/wp\/v2\/comments?post=299655"}],"version-history":[{"count":0,"href":"https:\/\/www.europesays.com\/es\/wp-json\/wp\/v2\/posts\/299655\/revisions"}],"wp:featuredmedia":[{"embeddable":true,"href":"https:\/\/www.europesays.com\/es\/wp-json\/wp\/v2\/media\/297172"}],"wp:attachment":[{"href":"https:\/\/www.europesays.com\/es\/wp-json\/wp\/v2\/media?parent=299655"}],"wp:term":[{"taxonomy":"category","embeddable":true,"href":"https:\/\/www.europesays.com\/es\/wp-json\/wp\/v2\/categories?post=299655"},{"taxonomy":"post_tag","embeddable":true,"href":"https:\/\/www.europesays.com\/es\/wp-json\/wp\/v2\/tags?post=299655"}],"curies":[{"name":"wp","href":"https:\/\/api.w.org\/{rel}","templated":true}]}}