{"id":299691,"date":"2025-12-21T13:09:11","date_gmt":"2025-12-21T13:09:11","guid":{"rendered":"https:\/\/www.europesays.com\/es\/299691\/"},"modified":"2025-12-21T13:09:11","modified_gmt":"2025-12-21T13:09:11","slug":"jcc-pokemon-pocket-lanza-evento-de-emblemas-de-fuego-carmesi","status":"publish","type":"post","link":"https:\/\/www.europesays.com\/es\/299691\/","title":{"rendered":"JCC Pok\u00e9mon Pocket lanza evento de emblemas de Fuego Carmes\u00ed"},"content":{"rendered":"<p>\u00a1Parece que tenemos nuevo evento de <a href=\"https:\/\/www.nintenderos.com\/2024\/10\/el-nuevo-juego-gratis-de-pokemon-supera-los-6-millones-de-preinscripciones-y-confirma-regalo\/\" rel=\"nofollow noopener\" target=\"_blank\">JCC Pok\u00e9mon Pocket<\/a>! Aqu\u00ed os traemos informaci\u00f3n interesante. Se trata efectivamente de noticias relacionadas con\u00a0<a href=\"https:\/\/www.nintenderos.com\/2024\/02\/el-presidente-de-pokemon-acaba-de-comparar-la-franquicia-con-el-shogi\/\" rel=\"nofollow noopener\" target=\"_blank\">Pok\u00e9mon\u00a0<\/a>y su\u00a0<a href=\"https:\/\/www.nintenderos.com\/2024\/01\/el-jcc-pokemon-detalla-su-siguiente-set-en-occidente-fuerzas-temporales\/\" rel=\"nofollow noopener\" target=\"_blank\">Juego de Cartas Coleccionables<\/a>.<\/p>\n<p>Tras conocer que tambi\u00e9n\u00a0<a href=\"https:\/\/www.nintenderos.com\/2025\/01\/jcc-pokemon-pocket-estrena-su-nueva-expansion-con-regalos-para-todos-y-problemas-de-carga\/\" rel=\"nofollow noopener\" target=\"_blank\">hay regalos\u00a0<\/a>as\u00ed como\u00a0<a href=\"https:\/\/www.nintenderos.com\/2025\/07\/jcc-pokemon-pocket-fecha-y-detalla-sus-proximas-novedades-en-los-intercambios-incluyendo-la-eliminacion-de-las-fichas-de-intercambio\/\" rel=\"nofollow noopener\" target=\"_blank\">ajustes en los intercambios\u00a0<\/a>en camino, ahora ya tenemos noticias\u00a0<a href=\"https:\/\/www.nintenderos.com\/2025\/12\/todas-las-cartas-del-set-fuego-carmesi-de-jcc-pokemon-pocket-incluyendo-el-video-de-la-inmersiva\/\" rel=\"nofollow noopener\" target=\"_blank\">tras el debut del set Fuego Carmes\u00ed<\/a>.<\/p>\n<ul>\n<li data-start=\"58\" data-end=\"182\">\n<p data-start=\"60\" data-end=\"182\">Se trata del <strong data-start=\"73\" data-end=\"103\">evento de emblemas de Fuego Carmes\u00ed<\/strong>, un evento centrado en combates contra otros jugadores a trav\u00e9s de Internet.<\/p>\n<p>Otros contenidos en esta categor\u00eda:\n<\/li>\n<li data-start=\"183\" data-end=\"290\">\n<p data-start=\"185\" data-end=\"290\">Forma parte de los <strong data-start=\"204\" data-end=\"221\">eventos de emblemas<\/strong>, que ofrecen emblemas especiales seg\u00fan el rendimiento del jugador.<\/p>\n<\/li>\n<li data-start=\"291\" data-end=\"360\">\n<p data-start=\"293\" data-end=\"360\">El evento estar\u00e1 disponible <strong data-start=\"321\" data-end=\"357\">hasta el 31 de diciembre de 2025<\/strong>.<\/p>\n<\/li>\n<li data-start=\"291\" data-end=\"360\">Ten\u00e9is todas las estad\u00edsticas <a href=\"https:\/\/www.serebii.net\/tcgpocket\/events\/crimsonblazeemblemevent.shtml\" class=\"external\" rel=\"nofollow noopener\" target=\"_blank\">aqu\u00ed<\/a>.<\/li>\n<\/ul>\n<p><img decoding=\"async\" class=\"aligncenter\" src=\"https:\/\/www.europesays.com\/es\/wp-content\/uploads\/2025\/12\/G8rbt-sWsAAGJgS\" alt=\"Imagen\"\/><\/p>\n<p>\u00bfQu\u00e9 os ha parecido JCC Pok\u00e9mon Pocket hasta ahora a vosotros? No dud\u00e9is en compartir vuestra opini\u00f3n al respecto en los comentarios. \u00a1Os leemos detenidamente m\u00e1s abajo!<\/p>\n<p><a class=\"external\" href=\"https:\/\/www.serebii.net\/\" rel=\"nofollow noopener\" target=\"_blank\">Fuente<\/a>. <a href=\"https:\/\/pro.x.com\/pokexperto\/status\/2002654569864806761\/photo\/1\" class=\"external\" rel=\"nofollow noopener\" target=\"_blank\">Fuente<\/a>.<\/p>\n","protected":false},"excerpt":{"rendered":"\u00a1Parece que tenemos nuevo evento de JCC Pok\u00e9mon Pocket! Aqu\u00ed os traemos informaci\u00f3n interesante. Se trata efectivamente de&hellip;\n","protected":false},"author":2,"featured_media":299692,"comment_status":"","ping_status":"","sticky":false,"template":"","format":"standard","meta":{"footnotes":""},"categories":[81],"tags":[119,123,124,25,24,26956,117,121,122,23,118,120],"class_list":{"0":"post-299691","1":"post","2":"type-post","3":"status-publish","4":"format-standard","5":"has-post-thumbnail","7":"category-ciencia-y-tecnologia","8":"tag-ciencia","9":"tag-ciencia-y-tecnologia","10":"tag-cienciaytecnologia","11":"tag-es","12":"tag-espana","13":"tag-jcc-pokemon-pocket","14":"tag-science","15":"tag-science-and-technology","16":"tag-scienceandtechnology","17":"tag-spain","18":"tag-technology","19":"tag-tecnologia"},"share_on_mastodon":{"url":"","error":""},"_links":{"self":[{"href":"https:\/\/www.europesays.com\/es\/wp-json\/wp\/v2\/posts\/299691","targetHints":{"allow":["GET"]}}],"collection":[{"href":"https:\/\/www.europesays.com\/es\/wp-json\/wp\/v2\/posts"}],"about":[{"href":"https:\/\/www.europesays.com\/es\/wp-json\/wp\/v2\/types\/post"}],"author":[{"embeddable":true,"href":"https:\/\/www.europesays.com\/es\/wp-json\/wp\/v2\/users\/2"}],"replies":[{"embeddable":true,"href":"https:\/\/www.europesays.com\/es\/wp-json\/wp\/v2\/comments?post=299691"}],"version-history":[{"count":0,"href":"https:\/\/www.europesays.com\/es\/wp-json\/wp\/v2\/posts\/299691\/revisions"}],"wp:featuredmedia":[{"embeddable":true,"href":"https:\/\/www.europesays.com\/es\/wp-json\/wp\/v2\/media\/299692"}],"wp:attachment":[{"href":"https:\/\/www.europesays.com\/es\/wp-json\/wp\/v2\/media?parent=299691"}],"wp:term":[{"taxonomy":"category","embeddable":true,"href":"https:\/\/www.europesays.com\/es\/wp-json\/wp\/v2\/categories?post=299691"},{"taxonomy":"post_tag","embeddable":true,"href":"https:\/\/www.europesays.com\/es\/wp-json\/wp\/v2\/tags?post=299691"}],"curies":[{"name":"wp","href":"https:\/\/api.w.org\/{rel}","templated":true}]}}