{"id":299777,"date":"2025-12-21T14:14:11","date_gmt":"2025-12-21T14:14:11","guid":{"rendered":"https:\/\/www.europesays.com\/es\/299777\/"},"modified":"2025-12-21T14:14:11","modified_gmt":"2025-12-21T14:14:11","slug":"sigourney-weaver-confirma-un-gran-cambio-en-avatar-4-y-avatar-5-asi-como-una-nueva-protagonista","status":"publish","type":"post","link":"https:\/\/www.europesays.com\/es\/299777\/","title":{"rendered":"Sigourney Weaver confirma un \u201cgran cambio\u201d en Avatar 4 y Avatar 5, as\u00ed como una nueva protagonista"},"content":{"rendered":"<p class=\"c-paragraph\">Meses antes del estreno en cines de <a href=\"https:\/\/www.hobbyconsolas.com\/hobbycine\/critica-avatar-fuego-ceniza-pandora-esta-que-arde_6910980_0.html\" title=\"Cr\u00edtica de Avatar: Fuego y ceniza - Pandora est\u00e1 que arde en la nueva entrega de James Cameron\" rel=\"nofollow noopener\" target=\"_blank\">Avatar: Fuego y ceniza<\/a> de <b>James Cameron<\/b>, ya se rumoreaba que las pr\u00f3ximas pel\u00edculas de la saga tendr\u00edan un cambio sustancial de protagonista. Ahora que <b>Avatar 3<\/b> ha visto la luz, se confirma que este giro en la narrativa se ver\u00e1 al fin en Avatar 4.<\/p>\n<p class=\"c-paragraph\">En mayo de este a\u00f1o se dec\u00eda que el <a href=\"https:\/\/www.hobbyconsolas.com\/noticias\/protagonismo-jake-sully-avatar-puede-estar-cerca-acabarse-saltar-otro-personaje-1461199\" title=\"El protagonismo de Jake Sully en Avatar puede estar cerca de acabarse para saltar a otro personaje\" rel=\"nofollow noopener\" target=\"_blank\">Jake Sully<\/a> de Sam Worthington perder\u00eda protagonismo en favor de la <b>Neytiri <\/b>de Zoe Salda\u00f1a en <b>Avatar: Fuego y ceniza<\/b>, aunque la nueva estrella que va a brillar a partir de <a href=\"https:\/\/www.hobbyconsolas.com\/noticias\/james-cameron-desdice-planes-ceder-riendas-avatar-otro-director-estoy-sano-1475813\" title=\"James Cameron se desdice sobre sus planes de ceder las riendas de Avatar a otro director: &quot;Estoy sano&quot;\" rel=\"nofollow noopener\" target=\"_blank\">Avatar 4 <\/a>ser\u00e1 <b>Sigourney Weaver<\/b>.<\/p>\n<p class=\"c-paragraph\">Tras la muerte del personaje de la <b>Dra. Grace Augustine<\/b> en la primera <b>Avatar <\/b>(2009), <a href=\"https:\/\/www.hobbyconsolas.com\/hobbycine\/sigourney-weaver-esta-cerca-formar-parte-elenco-tomb-raider-nueva-serie-prime-video-con-sophie-turner_6908468_0.html\" title=\"Sigourney Weaver est\u00e1 cerca de formar parte del elenco de Tomb Raider, la nueva serie de Prime Video con Sophie Turner\" rel=\"nofollow noopener\" target=\"_blank\">Sigourney Weaver<\/a> fue rescatada en <b>Avatar: El sentido del agua<\/b> (2022) y su continuaci\u00f3n como <b>Kiri Sully<\/b>, la hija adoptiva de Jake Sully y Neytiri, tomando cada vez mayor relevancia en la trama.<\/p>\n<p>Avatar 4 tendr\u00e1 a Sigourney Weaver como protagonista<\/p>\n<p class=\"c-paragraph\">A trav\u00e9s de una reciente entrevista en el canal de YouTube de <a href=\"https:\/\/www.gamesradar.com\/entertainment\/sci-fi-movies\/avatar-4-is-getting-a-new-narrator-and-the-actor-was-told-about-it-12-years-ago\/\" title=\"via:gamesradar\" rel=\"nofollow noreferrer noopener\" target=\"_blank\">Jake&#8217;s Takes<\/a>, Sigourney Weaver ha confirmado su nuevo rol protag\u00f3nico en la saga de James Cameron: \u00ab<b>Yo narrar\u00e9 la siguiente<\/b>. Es una parte fundamental de la saga para <b>Kiri<\/b>\u00ab.<\/p>\n<p class=\"c-paragraph\">Durante la charla, <b>la actriz de Kiri <\/b>explic\u00f3 que James Cameron ya le hab\u00eda confiado en el a\u00f1o 2013 que tendr\u00eda un rol mucho m\u00e1s importante en <b>las \u00faltimas pel\u00edculas de Avatar<\/b>, cuando las nuevas entregas de la franquicia empezaron a tomar forma.<\/p>\n<p class=\"c-paragraph\">\u00ab[James Cameron] puede haber modificado algunas ideas, pero [<b>Avatar 4 <\/b>y <b>Avatar 5<\/b>] siguen siendo, hasta donde yo s\u00e9, lo que escribi\u00f3 en aquel entonces&#8230; <b>Hay un gran cambio en la cuarta y la quinta<\/b>\u00ab, a\u00f1adi\u00f3 Sigourney Weaver.\u00a0<\/p>\n<p class=\"c-paragraph\">Si todo sale seg\u00fan lo previsto, y\u00a0Avatar: Fuego y ceniza\u00a0alcanza el \u00e9xito esperado,\u00a0Avatar 4\u00a0deber\u00eda ver la luz el\u00a0<b><b>21 de diciembre de 2029<\/b><\/b>, y\u00a0Avatar 5\u00a0el 19 de diciembre de 2031.<\/p>\n","protected":false},"excerpt":{"rendered":"Meses antes del estreno en cines de Avatar: Fuego y ceniza de James Cameron, ya se rumoreaba que&hellip;\n","protected":false},"author":2,"featured_media":299778,"comment_status":"","ping_status":"","sticky":false,"template":"","format":"standard","meta":{"footnotes":""},"categories":[169],"tags":[177,1779,146,147,25,24,176,3956,175,67783,23,16743,67784],"class_list":{"0":"post-299777","1":"post","2":"type-post","3":"status-publish","4":"format-standard","5":"has-post-thumbnail","7":"category-cine","8":"tag-cine","9":"tag-confirma","10":"tag-entertainment","11":"tag-entretenimiento","12":"tag-es","13":"tag-espana","14":"tag-film","15":"tag-gran","16":"tag-movies","17":"tag-sigourney","18":"tag-spain","19":"tag-un","20":"tag-weaver"},"share_on_mastodon":{"url":"https:\/\/pubeurope.com\/@es\/115757977679260138","error":""},"_links":{"self":[{"href":"https:\/\/www.europesays.com\/es\/wp-json\/wp\/v2\/posts\/299777","targetHints":{"allow":["GET"]}}],"collection":[{"href":"https:\/\/www.europesays.com\/es\/wp-json\/wp\/v2\/posts"}],"about":[{"href":"https:\/\/www.europesays.com\/es\/wp-json\/wp\/v2\/types\/post"}],"author":[{"embeddable":true,"href":"https:\/\/www.europesays.com\/es\/wp-json\/wp\/v2\/users\/2"}],"replies":[{"embeddable":true,"href":"https:\/\/www.europesays.com\/es\/wp-json\/wp\/v2\/comments?post=299777"}],"version-history":[{"count":0,"href":"https:\/\/www.europesays.com\/es\/wp-json\/wp\/v2\/posts\/299777\/revisions"}],"wp:featuredmedia":[{"embeddable":true,"href":"https:\/\/www.europesays.com\/es\/wp-json\/wp\/v2\/media\/299778"}],"wp:attachment":[{"href":"https:\/\/www.europesays.com\/es\/wp-json\/wp\/v2\/media?parent=299777"}],"wp:term":[{"taxonomy":"category","embeddable":true,"href":"https:\/\/www.europesays.com\/es\/wp-json\/wp\/v2\/categories?post=299777"},{"taxonomy":"post_tag","embeddable":true,"href":"https:\/\/www.europesays.com\/es\/wp-json\/wp\/v2\/tags?post=299777"}],"curies":[{"name":"wp","href":"https:\/\/api.w.org\/{rel}","templated":true}]}}