{"id":299805,"date":"2025-12-21T14:35:14","date_gmt":"2025-12-21T14:35:14","guid":{"rendered":"https:\/\/www.europesays.com\/es\/299805\/"},"modified":"2025-12-21T14:35:14","modified_gmt":"2025-12-21T14:35:14","slug":"telecinco-recorta-la-isla-de-las-tentaciones-de-su-programacion-navidena-y-anuncia-a-su-sustituto","status":"publish","type":"post","link":"https:\/\/www.europesays.com\/es\/299805\/","title":{"rendered":"Telecinco recorta &#8216;La Isla de las Tentaciones&#8217; de su programaci\u00f3n navide\u00f1a y anuncia a su sustituto"},"content":{"rendered":"<p class=\"v-mdl-ath__p v-mdl-ath__p--6\">\nDomingo, 21 de diciembre 2025, 12:31<\/p>\n<p class=\"v-p\">Con la llegada de la <a href=\"https:\/\/www.lasprovincias.es\/sorteos\/loteria-navidad\/\" target=\"_blank\" title=\"www.lasprovincias.es\" data-voc-vtm-id=\"in-text-traffic\" data-mrf-link=\"www.lasprovincias.es\" rel=\"nofollow noopener\">Navidad<\/a>, las programaciones de las cadenas se ver\u00e1n alteradas. Sobre todo durante el 24 y 25 de diciembre, as\u00ed como en <a href=\"https:\/\/www.lasprovincias.es\/culturas\/tv\/chenoa-marc-giro-presentaran-campanadas-rtve-20251218165813-nt.html\" title=\"www.lasprovincias.es\" data-voc-vtm-id=\"in-text-traffic\" data-mrf-link=\"www.lasprovincias.es\" rel=\"nofollow noopener\" target=\"_blank\">Nochevieja<\/a> y A\u00f1o Nuevo. Y es que una de las cadenas que ha sorprendido ha sido Telecinco con los planes que tiene para &#8216;La isla de las Tentaciones&#8217;, cuando ya se acerca a la recta final de su novena edici\u00f3n.<\/p>\n<p class=\"v-p\">Cabe recordar que esta temporada, <a href=\"https:\/\/www.lasprovincias.es\/culturas\/tv\/telecinco-despide-gran-hermano-nombra-ultimo-ganador-20251218015730-nt.html\" target=\"_blank\" title=\"www.lasprovincias.es\" data-voc-vtm-id=\"in-text-traffic\" data-mrf-link=\"www.lasprovincias.es\" rel=\"nofollow noopener\">Telecinco<\/a> decidi\u00f3 adelantar la emisi\u00f3n del reality y apostar por una estrategia in\u00e9dita hasta el momento: triple emisi\u00f3n semanal. Por un lado, un programa largo los lunes y dos entregas en el access de martes y mi\u00e9rcoles.<\/p>\n<p class=\"v-p\">As\u00ed, Telecinco ha conseguido fidelizar a la audiencia y competir en la dura batalla del access prime time, en la que la cadena de Mediaset est\u00e1 muy descolgada ante los poderosos <a href=\"https:\/\/www.lasprovincias.es\/culturas\/tv\/dabiz-munoz-sorprende-cristina-pedroche-pide-matrimonio-20251218104648-nt.html\" target=\"_blank\" title=\"www.lasprovincias.es\" data-voc-vtm-id=\"in-text-traffic\" data-mrf-link=\"www.lasprovincias.es\" rel=\"nofollow noopener\">&#8216;El Hormiguero&#8217;<\/a> y &#8216;La Revuelta&#8217; y los ya asentados &#8216;First Dates&#8217; y &#8216;El Intermedio&#8217;.<\/p>\n<p class=\"v-p\">Sin embargo, la pr\u00f3xima semana, Telecinco ha decidido cambiar de estrategia. Y es que la cadena solo anuncia &#8216;La Isla de las Tentaciones&#8217; para la noche del lunes. Es decir, no emitir\u00e1 las entregas de martes y mi\u00e9rcoles.<\/p>\n<p><a href=\"http:\/\/www.lasprovincias.es\/culturas\/tv\/tve-navidad-reality-opera-20251219140705-nt.html#vtm_modulosEngag=mod-rel:culturas:noticia:1:cmp:2-not\" class=\"v-a-link\" title=\"TVE estrena en Navidad un Operaci\u00f3n Triunfo de \u00f3pera\" rel=\"nofollow noopener\" target=\"_blank\"><br \/>\n<img decoding=\"async\" loading=\"lazy\" class=\"v-a-img\" src=\"https:\/\/www.europesays.com\/es\/wp-content\/uploads\/2025\/12\/aria-k0cE--366x256@Las Provincias.JPG\" alt=\"TVE estrena en Navidad un Operaci\u00f3n Triunfo de \u00f3pera\"\/><br \/>\n<\/a><\/p>\n<p><a href=\"http:\/\/www.lasprovincias.es\/culturas\/tv\/primer-estreno-movistar-plus-2026-protagonizado-actor-20251219184833-nt.html#vtm_modulosEngag=mod-rel:culturas:noticia:2:cmp:2-not\" class=\"v-a-link\" title=\"Este es el primer estreno de Movistar Plus+ en 2026 protagonizado por un actor revelaci\u00f3n que arrasa en Espa\u00f1a\" rel=\"nofollow noopener\" target=\"_blank\"><br \/>\n<img decoding=\"async\" loading=\"lazy\" class=\"v-a-img\" src=\"https:\/\/www.europesays.com\/es\/wp-content\/uploads\/2025\/12\/estrenomovistar-k0YB--366x256@Las Provincias.jpg\" alt=\"Este es el primer estreno de Movistar Plus+ en 2026 protagonizado por un actor revelaci\u00f3n que arrasa en Espa\u00f1a\"\/><br \/>\n<\/a><\/p>\n<p class=\"v-p\">En el caso del segundo era algo que se daba por descontado al tratarse de Nochebuena. Pero que &#8216;La Isla de las tentaciones&#8217; desaparezca del martes era algo con lo que no se contaba al no haber nada especial ese d\u00eda que haya motivado esta decisi\u00f3n.<\/p>\n<p class=\"v-p\">No obstante, como el consumo cambia durante estos d\u00edas, y tanto TVE como Antena 3 han dado descanso a sus programas estrella, Telecinco ha optado por alargar la emisi\u00f3n del reality teniendo en cuenta que es su programa estrella y de los pocos que ayuda aumentar la media de la cadena.<\/p>\n<p class=\"v-p\">En lugar de &#8216;La isla de las tentaciones&#8217;, la cadena anuncia ya en sus promociones que emitir\u00e1 el \u00faltimo cap\u00edtulo de la temporada 14 de &#8216;La que se avecina&#8217; el martes a las 21:45 horas. <\/p>\n<p class=\"v-p\">Mientras que el mi\u00e9rcoles, Nochebuena, ofrecer\u00e1 un programa especial recopilatorio de los mejores bailes y momentos de las dos ediciones de &#8216;Bailando con las estrellas&#8217; justo despu\u00e9s del Mensaje de S. M. El Rey.<\/p>\n<p>Reporta un error<\/p>\n","protected":false},"excerpt":{"rendered":"Domingo, 21 de diciembre 2025, 12:31 Con la llegada de la Navidad, las programaciones de las cadenas se&hellip;\n","protected":false},"author":2,"featured_media":299806,"comment_status":"","ping_status":"","sticky":false,"template":"","format":"standard","meta":{"footnotes":""},"categories":[171],"tags":[4187,146,147,25,24,3643,71158,8485,19533,23,10579,692,4473,214],"class_list":["post-299805","post","type-post","status-publish","format-standard","has-post-thumbnail","category-tv","tag-anuncia","tag-entertainment","tag-entretenimiento","tag-es","tag-espana","tag-isla","tag-navidena","tag-programacion","tag-recorta","tag-spain","tag-sustituto","tag-telecinco","tag-tentaciones","tag-tv"],"share_on_mastodon":{"url":"https:\/\/pubeurope.com\/@es\/115758060867368072","error":""},"_links":{"self":[{"href":"https:\/\/www.europesays.com\/es\/wp-json\/wp\/v2\/posts\/299805","targetHints":{"allow":["GET"]}}],"collection":[{"href":"https:\/\/www.europesays.com\/es\/wp-json\/wp\/v2\/posts"}],"about":[{"href":"https:\/\/www.europesays.com\/es\/wp-json\/wp\/v2\/types\/post"}],"author":[{"embeddable":true,"href":"https:\/\/www.europesays.com\/es\/wp-json\/wp\/v2\/users\/2"}],"replies":[{"embeddable":true,"href":"https:\/\/www.europesays.com\/es\/wp-json\/wp\/v2\/comments?post=299805"}],"version-history":[{"count":0,"href":"https:\/\/www.europesays.com\/es\/wp-json\/wp\/v2\/posts\/299805\/revisions"}],"wp:featuredmedia":[{"embeddable":true,"href":"https:\/\/www.europesays.com\/es\/wp-json\/wp\/v2\/media\/299806"}],"wp:attachment":[{"href":"https:\/\/www.europesays.com\/es\/wp-json\/wp\/v2\/media?parent=299805"}],"wp:term":[{"taxonomy":"category","embeddable":true,"href":"https:\/\/www.europesays.com\/es\/wp-json\/wp\/v2\/categories?post=299805"},{"taxonomy":"post_tag","embeddable":true,"href":"https:\/\/www.europesays.com\/es\/wp-json\/wp\/v2\/tags?post=299805"}],"curies":[{"name":"wp","href":"https:\/\/api.w.org\/{rel}","templated":true}]}}