{"id":299821,"date":"2025-12-21T14:43:07","date_gmt":"2025-12-21T14:43:07","guid":{"rendered":"https:\/\/www.europesays.com\/es\/299821\/"},"modified":"2025-12-21T14:43:07","modified_gmt":"2025-12-21T14:43:07","slug":"palabras-del-derecho","status":"publish","type":"post","link":"https:\/\/www.europesays.com\/es\/299821\/","title":{"rendered":"Palabras del Derecho"},"content":{"rendered":"<p>                \tLa UNESCO public\u00f3 una gu\u00eda para el uso de inteligencia artificial en tribunales y juzgados <\/p>\n<p style=\"margin-bottom: 0px\">Establece quince principios esenciales y su objeto es que la IA complemente sin sustituir al ser humano. <\/p>\n<p style=\"text-align: justify;\">La Organizaci\u00f3n de las Naciones Unidas para la Educaci\u00f3n, la Ciencia y la Cultura (UNESCO) ha dado a conocer un documento destinado a la utilizaci\u00f3n de inteligencia artificial (IA) en \u00f3rganos judiciales y que establece\u00a015 principios esenciales como transparencia, seguridad, auditabilidad y supervisi\u00f3n humana.<\/p>\n<p style=\"text-align: justify;\">El texto internacional recomienda distintas practicas jur\u00eddicas para la labor judicial, con el fin de asegurar que la IA complemente y no sustituya el pensamiento del ser humano.<\/p>\n<p style=\"text-align: justify;\">El uso no responsable de las herramientas de IA puede generar una brecha digital entre los derechos humanos como ser el derecho a juicio justo, el debido proceso, el acceso a la justicia, protecci\u00f3n de datos, igualdad ante la ley, asi como valores judiciales como la imparcialidad o independencia.<\/p>\n<p style=\"text-align: justify;\">En el a\u00f1o 2021, la UNESCO aprob\u00f3 las recomendaciones sobre la \u00e9tica de la inteligencia artificial. La elaboraci\u00f3n de dicho instrumento genero un marco normativo \u00e9tico y de acci\u00f3n para hacer frente a los nuevos desaf\u00edos que plantean las tecnol\u00f3gicas innovadoras y la transformaci\u00f3n digital.<\/p>\n<p style=\"text-align: justify;\">Las directrices buscan servir como est\u00e1ndar internacional y base para regulaciones internas de cada pa\u00eds, garantizando que la IA respete derechos fundamentales.<\/p>\n<p style=\"text-align: justify;\">La inteligencia artificial ha cruzado el umbral del futuro para instalarse en el presente como una fuerza transformadora de car\u00e1cter irreversible. Ya no hablamos de una herramienta tecnol\u00f3gica, sino de un nuevo paradigma que est\u00e1 moldeando la gobernanza mundial y el tejido juridico. Es por ello que la UNESCO desde hace algunos a\u00f1os se encuentra trabajando en esta tem\u00e1tica.<\/p>\n<p style=\"text-align: justify;\">En este escenario, el Poder Judicial se enfrenta al desaf\u00edo de adaptarse a una era donde los algoritmos empiezan a influir en los pilares mismos de la ley y el orden p\u00fablico.<\/p>\n<p style=\"text-align: justify;\">\u00a0<\/p>\n<p><a href=\"https:\/\/www.unesco.org\/en\/articles\/guidelines-use-ai-systems-courts-and-tribunals\" rel=\"nofollow noopener\" target=\"_blank\">Acced\u00e9 al documento<\/a><\/p>\n<p class=\"MsoNormal\" style=\"text-align: justify;\">\u00a0<\/p>\n<p class=\"MsoListParagraph\" style=\"text-align: justify;\"><strong>\u00bfTe result\u00f3 \u00fatil lo que acab\u00e1s de leer? Pod\u00e9s apoyarnos para que continuemos en esta tarea. Contribu\u00ed con tu suscripci\u00f3n para que nuestro contenido siga siendo abierto y podamos brindarte un servicio cada d\u00eda mejor.\u00a0<\/strong><strong><a title=\"Suscribirse\" href=\"https:\/\/palabrasdelderecho.com.ar\/suscripciones.html\" rel=\"nofollow noopener\" target=\"_blank\">Suscribirse<\/a><\/strong>.<\/p>\n<p id=\"prueba-coso\" style=\"display: none\">https:\/\/www.palabrasdelderecho.com.ar\/articulo\/6468\/La-UNESCO-publico-una-guia-para-el-uso-de-inteligencia-artificial-en-tribunales-y-juzgados-<\/p>\n","protected":false},"excerpt":{"rendered":"La UNESCO public\u00f3 una gu\u00eda para el uso de inteligencia artificial en tribunales y juzgados Establece quince principios&hellip;\n","protected":false},"author":2,"featured_media":299822,"comment_status":"","ping_status":"","sticky":false,"template":"","format":"standard","meta":{"footnotes":""},"categories":[42],"tags":[17,18,13,14,11,61,62,63,64,19,20,9,10,15,16,12,21,22,65,66,67],"class_list":{"0":"post-299821","1":"post","2":"type-post","3":"status-publish","4":"format-standard","5":"has-post-thumbnail","7":"category-internacional","8":"tag-breaking-news","9":"tag-breakingnews","10":"tag-featured-news","11":"tag-featurednews","12":"tag-headlines","13":"tag-internacional","14":"tag-international","15":"tag-international-news","16":"tag-internationalnews","17":"tag-latest-news","18":"tag-latestnews","19":"tag-news","20":"tag-noticias","21":"tag-noticias-destacadas","22":"tag-noticiasdestacadas","23":"tag-titulares","24":"tag-ultimas-noticias","25":"tag-ultimasnoticias","26":"tag-world","27":"tag-world-news","28":"tag-worldnews"},"share_on_mastodon":{"url":"https:\/\/pubeurope.com\/@es\/115758092316468067","error":""},"_links":{"self":[{"href":"https:\/\/www.europesays.com\/es\/wp-json\/wp\/v2\/posts\/299821","targetHints":{"allow":["GET"]}}],"collection":[{"href":"https:\/\/www.europesays.com\/es\/wp-json\/wp\/v2\/posts"}],"about":[{"href":"https:\/\/www.europesays.com\/es\/wp-json\/wp\/v2\/types\/post"}],"author":[{"embeddable":true,"href":"https:\/\/www.europesays.com\/es\/wp-json\/wp\/v2\/users\/2"}],"replies":[{"embeddable":true,"href":"https:\/\/www.europesays.com\/es\/wp-json\/wp\/v2\/comments?post=299821"}],"version-history":[{"count":0,"href":"https:\/\/www.europesays.com\/es\/wp-json\/wp\/v2\/posts\/299821\/revisions"}],"wp:featuredmedia":[{"embeddable":true,"href":"https:\/\/www.europesays.com\/es\/wp-json\/wp\/v2\/media\/299822"}],"wp:attachment":[{"href":"https:\/\/www.europesays.com\/es\/wp-json\/wp\/v2\/media?parent=299821"}],"wp:term":[{"taxonomy":"category","embeddable":true,"href":"https:\/\/www.europesays.com\/es\/wp-json\/wp\/v2\/categories?post=299821"},{"taxonomy":"post_tag","embeddable":true,"href":"https:\/\/www.europesays.com\/es\/wp-json\/wp\/v2\/tags?post=299821"}],"curies":[{"name":"wp","href":"https:\/\/api.w.org\/{rel}","templated":true}]}}