{"id":299836,"date":"2025-12-21T14:56:12","date_gmt":"2025-12-21T14:56:12","guid":{"rendered":"https:\/\/www.europesays.com\/es\/299836\/"},"modified":"2025-12-21T14:56:12","modified_gmt":"2025-12-21T14:56:12","slug":"la-tradicion-marinera-de-arinaga-en-un-gran-mural","status":"publish","type":"post","link":"https:\/\/www.europesays.com\/es\/299836\/","title":{"rendered":"La tradici\u00f3n marinera de Arinaga, en un gran mural"},"content":{"rendered":"<p><a class=\"v-mdl-ath__fig-a\" href=\"https:\/\/www.canarias7.es\/autor\/cristina-gonzalez-oliva-6874.html\" title=\"Cristina Gonz\u00e1lez Oliva\" rel=\"nofollow noopener\" target=\"_blank\"><br \/>\n<img decoding=\"async\" class=\"v-mdl-ath__img\" src=\"https:\/\/www.europesays.com\/es\/wp-content\/uploads\/2025\/12\/autor-6874-foto-1.jpeg\" alt=\"Cristina Gonz\u00e1lez Oliva\"\/><br \/>\n<\/a><\/p>\n<p class=\"v-mdl-ath__p v-mdl-ath__p--6\">\nDomingo, 21 de diciembre 2025, 06:10<\/p>\n<p>| Actualizado 07:51h.<\/p>\n<p class=\"v-p\">La lluvia no entiende de arte urbano, ni de plazos, ni de ilusiones, pero tampoco ha podido frenar al <strong>muralista Richard Santana <\/strong>que estos d\u00edas se encarama a varios metros de altura en <strong>Arinaga<\/strong> para devolverle al barrio una parte de su<strong> memoria colectiva pintada a gran escala<\/strong>. Se trata de un mural en la pared de una vivienda ubicada en la Avenida Poliz\u00f3n, frente a la iglesia, que rescata la tradici\u00f3n marinera de este enclave, con sus barquillas y los salineros.<\/p>\n<p class=\"v-p\">Diciembre no se lo ha puesto f\u00e1cil. Ha llovido casi sin tregua, incluida la borrasca Emilia, obligando a parar una y otra vez. A\u00fan as\u00ed, la gran pintura que comenz\u00f3 el pasado 9 de diciembre avanza. Algunos d\u00edas m\u00e1s lento, otros con peque\u00f1as estrategias de resistencia, como alquilar una segunda gr\u00faa, organizarse en dos equipos, aprovechar cada claro del cielo para adelantar lo m\u00e1ximo posible gracias a la ayuda de dos compa\u00f1eros, <strong>Kiryat Mendoza y Dr. Nubah<\/strong>.<\/p>\n<p class=\"v-p\">El objetivo sigue intacto: <strong>terminar antes de Navidad<\/strong>. \u00abSi lo acabo el lunes, ser\u00eda la alegr\u00eda\u00bb, confiesa. Un regalo adelantado de Pap\u00e1 Noel para el barrio y para \u00e9l. Eso s\u00ed, estar\u00e1 culminado antes de finalizar este 2025.<\/p>\n<p class=\"v-p\">La tem\u00e1tica escogida no es casual. El Ayuntamiento de Ag\u00fcimes le encarg\u00f3 un<strong> mural vinculado a la costa de Arinaga<\/strong>, a sus salinas, a su pasado marinero. A partir de ah\u00ed, Richard hizo lo que siempre hace, documentarse. No pintar desde la improvisaci\u00f3n, sino desde el respeto a la historia y la memoria.<\/p>\n<p>Inspirado en fotograf\u00edas antiguas<\/p>\n<p class=\"v-p\">Busc\u00f3 fotograf\u00edas antiguas, investig\u00f3 la zona y hasta qued\u00f3 con un vecino, <strong>Paco Guti\u00e9rrez<\/strong>, que le abri\u00f3 su casa y sus \u00e1lbumes familiares. \u00abEstuve mirando fotos antiguas, empap\u00e1ndome de c\u00f3mo era este lugar antes\u00bb, explica. De ah\u00ed naci\u00f3 la escena que pronto estar\u00e1 culminada: <strong>barquillas descansando en la orilla<\/strong>, el mar abierto, las casas de hace medio siglo y varias personas trabajando en las <strong>salinas<\/strong> de la zona, recogiendo sal como se hizo durante d\u00e9cadas.<\/p>\n<p><img decoding=\"async\" loading=\"lazy\" src=\"https:\/\/www.europesays.com\/es\/wp-content\/uploads\/2025\/12\/mural-arinaga2-kE9D--650x455@Canarias7.jpg\" class=\"v-a-img\" width=\"650\" height=\"455\" alt=\"Richard Santana pintando el mural el pasado martes.\" data-voc-vtm-id=\"in-text-traffic\"\/><\/p>\n<p>Richard Santana pintando el mural el pasado martes.<\/p>\n<p>Cober<\/p>\n<p><img loading=\"lazy\" decoding=\"async\" src=\"https:\/\/www.europesays.com\/es\/wp-content\/uploads\/2025\/12\/mural-arinaga2-kE9D--650x455@Canarias7.jpg\" class=\"v-mdl__img-z\" width=\"650\" height=\"455\" alt=\"\"\/><\/p>\n<p class=\"v-p\">No hay una fecha exacta, pero Guti\u00e9rrez sit\u00faa las im\u00e1genes escogidas <strong>entre los a\u00f1os cincuenta y sesenta del pasado siglo<\/strong>. Y es que la gente que vivi\u00f3 en el barrio toda la vida recuerda el paisaje. Desde abajo, mientras la gr\u00faa sube y baja, pasan vecinos y vecinas. Se paran. Se\u00f1alan. Comentan. \u00abAh\u00ed hab\u00eda una tienda\u00bb, recuerdan. Algunos incluso han reconocido a las personas que aparecen pintadas en la salina, antiguos trabajadores del lugar.<\/p>\n<p class=\"v-p\">\u00abLa gente est\u00e1 contenta porque se ve reflejada\u00bb, asegura Santana. \u00abReconocen el sitio, las casas, el ambiente\u00bb. El mural no solo decora, sino que <strong>activa recuerdos, conversaciones y peque\u00f1as historias<\/strong>.<\/p>\n<p class=\"v-p\">Antes del color vino el trabajo invisible, el de preparar la pared de unos <strong>25 metros de ancho y siete de alto<\/strong>. Despu\u00e9s, el boceto. Y ahora, poco a poco, el relleno, el detalle, las capas de pintura pl\u00e1stica y con spray que van dando vida y color a la escena. Y el colof\u00f3n, la palabra &#8216;Arinaga&#8217; en grande en la parte superior.<\/p>\n<p class=\"v-p\">Todo se hace con gr\u00faa. Todo lleva tiempo. Y todo se complica cuando el cielo se empe\u00f1a en descargar. Aun as\u00ed, Richard no se queja demasiado. \u00abTambi\u00e9n hac\u00eda falta que lloviera\u00bb, dice. <\/p>\n<p class=\"v-p\">Cuando el mural est\u00e9 terminado, a\u00fan quedar\u00e1 un \u00faltimo gesto de cuidado,<strong> aplicar un barniz protector<\/strong>. El objetivo es que el color resista el paso del tiempo, el sol y la lluvia porque la pared da hacia al norte.<\/p>\n<p>Amplia trayectoria de murales<\/p>\n<p class=\"v-p\">Santana sabe muy bien lo que es hacer pinturas que resalten la idiosincracia de un barrio, porque en su amplio cat\u00e1logo de grandes murales repartidos por Gran Canaria est\u00e1 el del <strong>homenaje al querido Manuel Sosa Medina, Sandok\u00e1n<\/strong>, en Ba\u00f1aderos (Arucas), una <strong>escena marinera en la Cofrad\u00eda de Pescadores de Arguinegu\u00edn<\/strong>, y el de Ag\u00e1ldar, en G\u00e1ldar. Uno de los \u00faltimos que ha hecho, pero de menor tama\u00f1o, es el que recuerda <strong>al joven Zeben Ramos <\/strong>en la cancha de San Isidro, en G\u00e1ldar.<\/p>\n<p class=\"v-p\">Con este nuevo mural, Ag\u00fcimes sigue incrementando su patrimonio art\u00edstico gracias al proyecto municipal <strong>&#8216;Un museo al aire libre&#8217;<\/strong>. Los \u00faltimos en inaugurarse fueron <strong>tres en el casco<\/strong>, concretamente en la avenida Hermanos La Salle. Se culminaron a principios de este mes y rinden homenaje al patrimonio personal y cultural del municipio. Uno de los murales refleja la mirada de dos pares de ojos que podr\u00edan parecer an\u00f3nimos pero que, en realidad, tienen nombre y apellidos. Se trata de los vecinos Lolita Arias y Chano S\u00e1nchez, dos de los residentes m\u00e1s longevos y queridos de uno de los edificios sobre cuya fachada lucen ya para la posteridad sus miradas. El segundo mural refleja el amasado del pan, una tradici\u00f3n de gran carga simb\u00f3lica en Ag\u00fcimes, mientras que el tercero describe una t\u00edpica estampa de trabajadores del campo labrando la tierra. Todos fueron realizados por el artista Dailos Santana.<\/p>\n<p class=\"v-p\">Pero este de Arinaga no ser\u00e1 tampoco el \u00faltimo, el Consistorio ya trabaja para encargar <strong>otro mural <\/strong>en este enclave marinero que decorar\u00e1 las<strong> paredes de la Casa de la Cultura <\/strong>para seguir sumando as\u00ed arte urbano para &#8216;humanizar&#8217; sus calles. <\/p>\n<p>Reporta un error<\/p>\n","protected":false},"excerpt":{"rendered":"Domingo, 21 de diciembre 2025, 06:10 | Actualizado 07:51h. La lluvia no entiende de arte urbano, ni de&hellip;\n","protected":false},"author":2,"featured_media":299837,"comment_status":"","ping_status":"","sticky":false,"template":"","format":"standard","meta":{"footnotes":""},"categories":[173],"tags":[55647,229,233,231,230,232,234,146,147,25,24,3956,71161,15050,23,8595],"class_list":{"0":"post-299836","1":"post","2":"type-post","3":"status-publish","4":"format-standard","5":"has-post-thumbnail","7":"category-arte-y-diseno","8":"tag-arinaga","9":"tag-arte","10":"tag-arte-y-diseno","11":"tag-arts","12":"tag-arts-and-design","13":"tag-design","14":"tag-diseno","15":"tag-entertainment","16":"tag-entretenimiento","17":"tag-es","18":"tag-espana","19":"tag-gran","20":"tag-marinera","21":"tag-mural","22":"tag-spain","23":"tag-tradicion"},"share_on_mastodon":{"url":"https:\/\/pubeurope.com\/@es\/115758143190036419","error":""},"_links":{"self":[{"href":"https:\/\/www.europesays.com\/es\/wp-json\/wp\/v2\/posts\/299836","targetHints":{"allow":["GET"]}}],"collection":[{"href":"https:\/\/www.europesays.com\/es\/wp-json\/wp\/v2\/posts"}],"about":[{"href":"https:\/\/www.europesays.com\/es\/wp-json\/wp\/v2\/types\/post"}],"author":[{"embeddable":true,"href":"https:\/\/www.europesays.com\/es\/wp-json\/wp\/v2\/users\/2"}],"replies":[{"embeddable":true,"href":"https:\/\/www.europesays.com\/es\/wp-json\/wp\/v2\/comments?post=299836"}],"version-history":[{"count":0,"href":"https:\/\/www.europesays.com\/es\/wp-json\/wp\/v2\/posts\/299836\/revisions"}],"wp:featuredmedia":[{"embeddable":true,"href":"https:\/\/www.europesays.com\/es\/wp-json\/wp\/v2\/media\/299837"}],"wp:attachment":[{"href":"https:\/\/www.europesays.com\/es\/wp-json\/wp\/v2\/media?parent=299836"}],"wp:term":[{"taxonomy":"category","embeddable":true,"href":"https:\/\/www.europesays.com\/es\/wp-json\/wp\/v2\/categories?post=299836"},{"taxonomy":"post_tag","embeddable":true,"href":"https:\/\/www.europesays.com\/es\/wp-json\/wp\/v2\/tags?post=299836"}],"curies":[{"name":"wp","href":"https:\/\/api.w.org\/{rel}","templated":true}]}}