{"id":299861,"date":"2025-12-21T15:15:18","date_gmt":"2025-12-21T15:15:18","guid":{"rendered":"https:\/\/www.europesays.com\/es\/299861\/"},"modified":"2025-12-21T15:15:18","modified_gmt":"2025-12-21T15:15:18","slug":"la-tradicional-carrera-del-pavo-pone-un-broche-navideno-al-ano-ciclista-en-leon","status":"publish","type":"post","link":"https:\/\/www.europesays.com\/es\/299861\/","title":{"rendered":"La tradicional Carrera del Pavo pone un broche navide\u00f1o al a\u00f1o ciclista en Le\u00f3n"},"content":{"rendered":"<p><a class=\"v-mdl-ath__fig-a\" href=\"https:\/\/www.leonoticias.com\/autor\/borja-perez-7064.html\" title=\"Borja P\u00e9rez\" rel=\"nofollow noopener\" target=\"_blank\"><br \/>\n<img decoding=\"async\" class=\"v-mdl-ath__img\" src=\"https:\/\/www.europesays.com\/es\/wp-content\/uploads\/2025\/08\/autor-7064-foto-1.jpeg\" alt=\"Borja P\u00e9rez\"\/><br \/>\n<\/a><\/p>\n<p class=\"v-mdl-ath__p v-mdl-ath__p--6\">\nDomingo, 21 de diciembre 2025, 12:48<\/p>\n<p class=\"v-p\">Le\u00f3n volvi\u00f3 a vivir una de sus citas deportivas m\u00e1s tradicionales del mes de diciembre con la celebraci\u00f3n de la LXXI edici\u00f3n de la Carrera del Pavo, una prueba ya consolidada en el calendario ciclista local. Alrededor de un centenar de participantes se dieron cita en esta jornada organizada por el Team Legio, que volvi\u00f3 a apostar por una competici\u00f3n abierta a diferentes edades y niveles.<\/p>\n<p class=\"v-p\">El fr\u00edo no impidi\u00f3 que, durante la ma\u00f1ana del domingo, el entorno de la prueba se fuera llenando de bicicletas, dorsales y p\u00fablico, creando una estampa ya habitual de estas fechas. Los corredores aprovechaban los momentos previos para calentar y ultimar detalles antes de las salidas, mientras familiares y aficionados segu\u00edan de cerca los preparativos.<\/p>\n<p>Car\u00e1cter popular y formativo<\/p>\n<p class=\"v-p\">La competici\u00f3n incluy\u00f3 cuatro carreras de categor\u00edas diferentes, empezando por los principiantes, infantiles y alevines, siguiendo con los cadetes, cicloturistas y f\u00e9minas, y dejando para ya pasado el mediod\u00eda las dos principales categor\u00edas con los M\u00e1ster.<\/p>\n<p class=\"v-p\">Esta diversidad permiti\u00f3 que coincidieran en el circuito tanto j\u00f3venes promesas como ciclistas veteranos m\u00e1s experimentados, reforzando el car\u00e1cter popular y formativo de la prueba.<\/p>\n<p><a href=\"http:\/\/www.leonoticias.com\/deportes\/ciclismo\/eneicat-deja-elite-ciclismo-femenino-20251208190610-nt.html#vtm_modulosEngag=mod-rel:deportes:noticia:1:cmp:2-not\" class=\"v-a-link\" title=\"El Eneicat deja la \u00e9lite del ciclismo femenino\" rel=\"nofollow noopener\" target=\"_blank\"><br \/>\n<img decoding=\"async\" loading=\"lazy\" class=\"v-a-img\" src=\"https:\/\/www.europesays.com\/es\/wp-content\/uploads\/2025\/12\/eneicat-kRKC--366x256@Leonoticias.jpg\" alt=\"El Eneicat deja la \u00e9lite del ciclismo femenino\"\/><br \/>\n<\/a><\/p>\n<p><a href=\"http:\/\/www.leonoticias.com\/leon\/programa-completo-navidad-2025-leon-20251211190656-nt.html#vtm_modulosEngag=mod-rel:deportes:noticia:2:cmp:2-not\" class=\"v-a-link\" title=\"El programa completo de Navidad 2025 en Le\u00f3n\" rel=\"nofollow noopener\" target=\"_blank\"><br \/>\n<img decoding=\"async\" loading=\"lazy\" class=\"v-a-img\" src=\"https:\/\/www.europesays.com\/es\/wp-content\/uploads\/2025\/12\/NAVIDAD-k1JG--366x256@Leonoticias.jpg\" alt=\"El programa completo de Navidad 2025 en Le\u00f3n\"\/><br \/>\n<\/a><\/p>\n<p class=\"v-p\">Con el inicio de las carreras, el ritmo se elev\u00f3 y el esfuerzo se hizo visible durante las vueltas, consiguiendo aislarse de una ma\u00f1ana g\u00e9lida en la capital leonesa. El p\u00fablico acompa\u00f1\u00f3 con aplausos y \u00e1nimos el paso de los participantes, animando tanto a quienes luchaban por las primeras posiciones como a quienes completaban la prueba con su mayor af\u00e1n.<\/p>\n<p class=\"v-p\">As\u00ed, la LXXI Carrera del Pavo volvi\u00f3 a destacar por su ambiente y por su capacidad para reunir a la comunidad ciclista leonesa en una cita que combina deporte, tradici\u00f3n y esp\u00edritu navide\u00f1o, cerrando el circuito ciclista leon\u00e9s con el aroma m\u00e1s navide\u00f1o posible.<\/p>\n<p class=\"v-p \">\nLos periodistas de leonoticias trabajan para ampliar y completar esta informaci\u00f3n. Sigue la \u00faltima hora a trav\u00e9s de nuestra portada o activa las notificaciones para tu m\u00f3vil o app.\n<\/p>\n<p>Reporta un error<\/p>\n","protected":false},"excerpt":{"rendered":"Domingo, 21 de diciembre 2025, 12:48 Le\u00f3n volvi\u00f3 a vivir una de sus citas deportivas m\u00e1s tradicionales del&hellip;\n","protected":false},"author":2,"featured_media":299862,"comment_status":"","ping_status":"","sticky":false,"template":"","format":"standard","meta":{"footnotes":""},"categories":[273],"tags":[1611,10915,4860,313,1757,312,168,25,24,4108,61015,64390,1150,23,167,7112],"class_list":{"0":"post-299861","1":"post","2":"type-post","3":"status-publish","4":"format-standard","5":"has-post-thumbnail","7":"category-ciclismo","8":"tag-ano","9":"tag-broche","10":"tag-carrera","11":"tag-ciclismo","12":"tag-ciclista","13":"tag-cycling","14":"tag-deportes","15":"tag-es","16":"tag-espana","17":"tag-leon","18":"tag-navideno","19":"tag-pavo","20":"tag-pone","21":"tag-spain","22":"tag-sports","23":"tag-tradicional"},"share_on_mastodon":{"url":"https:\/\/pubeurope.com\/@es\/115758217830181260","error":""},"_links":{"self":[{"href":"https:\/\/www.europesays.com\/es\/wp-json\/wp\/v2\/posts\/299861","targetHints":{"allow":["GET"]}}],"collection":[{"href":"https:\/\/www.europesays.com\/es\/wp-json\/wp\/v2\/posts"}],"about":[{"href":"https:\/\/www.europesays.com\/es\/wp-json\/wp\/v2\/types\/post"}],"author":[{"embeddable":true,"href":"https:\/\/www.europesays.com\/es\/wp-json\/wp\/v2\/users\/2"}],"replies":[{"embeddable":true,"href":"https:\/\/www.europesays.com\/es\/wp-json\/wp\/v2\/comments?post=299861"}],"version-history":[{"count":0,"href":"https:\/\/www.europesays.com\/es\/wp-json\/wp\/v2\/posts\/299861\/revisions"}],"wp:featuredmedia":[{"embeddable":true,"href":"https:\/\/www.europesays.com\/es\/wp-json\/wp\/v2\/media\/299862"}],"wp:attachment":[{"href":"https:\/\/www.europesays.com\/es\/wp-json\/wp\/v2\/media?parent=299861"}],"wp:term":[{"taxonomy":"category","embeddable":true,"href":"https:\/\/www.europesays.com\/es\/wp-json\/wp\/v2\/categories?post=299861"},{"taxonomy":"post_tag","embeddable":true,"href":"https:\/\/www.europesays.com\/es\/wp-json\/wp\/v2\/tags?post=299861"}],"curies":[{"name":"wp","href":"https:\/\/api.w.org\/{rel}","templated":true}]}}