{"id":299920,"date":"2025-12-21T15:54:21","date_gmt":"2025-12-21T15:54:21","guid":{"rendered":"https:\/\/www.europesays.com\/es\/299920\/"},"modified":"2025-12-21T15:54:21","modified_gmt":"2025-12-21T15:54:21","slug":"la-lluvia-y-el-frio-rematan-a-gaza","status":"publish","type":"post","link":"https:\/\/www.europesays.com\/es\/299920\/","title":{"rendered":"La lluvia y el fr\u00edo rematan a Gaza"},"content":{"rendered":"<p>            La lluvia y el fr\u00edo rematan a Gaza                <\/p>\n<p>La lluvia y el fr\u00edo rematan a Gaza<\/p>\n<p class=\"epigraph\">El temporal &#8216;Byron&#8217; se cobra al menos 13 vidas en la Franja, donde Israel restringe la entrada de tiendas y suministros de refugio para afrontar el invierno.<\/p>\n<p class=\"paragraph\">Catorce d\u00edas, ese es el tiempo que vivi\u00f3 Mohamed. El peque\u00f1o falleci\u00f3 el pasado jueves al no poder resistir la violenta tormenta invernal &#8216;Byron&#8217; que azota Gaza. Su madre, Eman Abu Al Khair, que reside en el campamento de Al Mawasi, lo llev\u00f3 al hospital de Khan Younis lo m\u00e1s r\u00e1pido que pudo. <b>Despu\u00e9s de 48 horas ingresado, los m\u00e9dicos certificaron su \u00abmuerte por hipotermia\u00bb<\/b>. Munir Al Bursh, director general del Ministerio de Salud de la Franja, advirti\u00f3 del riesgo de m\u00e1s fallecimientos entre ni\u00f1os, ancianos y enfermos debido al descenso brusco de las temperaturas dentro de las tiendas de desplazados, empapadas por la lluvia de la \u00faltima semana. La humedad y el agua \u00abcrean un entorno propicio para la propagaci\u00f3n de enfermedades respiratorias\u00bb.<\/p>\n<p>            Conforme a los criterios de<br \/>\n            <a class=\"trustproject_img\" id=\"trustproject_img\" href=\"https:\/\/thetrustproject.org\/\" target=\"_blank\" rel=\"nofollow noopener\" aria-label=\"Trust Project\"><img decoding=\"async\" loading=\"lazy\" src=\"https:\/\/www.heraldo.es\/images\/Trust-Logo-Horizontal.svg\" alt=\"Logo Trust Project\" width=\"200\" height=\"34\"\/><\/a><\/p>\n<p>        <a href=\"https:\/\/www.henneo.com\/\" title=\"Grupo Henneo\" class=\"logo\" rel=\"nofollow noopener\" target=\"_blank\"><br \/>\n            <img decoding=\"async\" src=\"https:\/\/www.heraldo.es\/images\/logo_henneo_gris.svg\" alt=\"Logo Henneo\" width=\"559\" height=\"389\" loading=\"lazy\"\/><br \/>\n        <\/a><\/p>\n<p>\u00a9 HERALDO DE ARAGON EDITORA, S.L.U.<br \/>Tel\u00e9fono 976 765 000 \/ &#8211; P\u00ba. Independencia, 29, 50001 Zaragoza &#8211; CIF: B99288763 &#8211; Inscrita en el Registro Mercantil de Zaragoza al Tomo 3796, Libro 0, Folio 177, Secci\u00f3n 8, Hoja Z-50564<br \/>Queda prohibida toda reproducci\u00f3n sin permiso escrito de la empresa a los efectos del art\u00edculo 32.1, p\u00e1rrafo segundo, de la Ley de Propiedad Intelectual<\/p>\n<p>\n                P\u00ba Independencia, 29, 50001 Zaragoza<br \/> Tel\u00e9fono 976 765 000\n            <\/p>\n<p>                    Actualmente tu navegador no permite ejecutar JavaScript. Para poder disfrutar de nuestro contenido es necesario que lo permita.<br \/>\n                                        <img decoding=\"async\" loading=\"lazy\" alt=\"Heraldo logo\" src=\"https:\/\/dkumiip2e9ary.cloudfront.net\/xalok\/heraldo\/especiales\/hola-de-nuevo\/logo-heraldo.svg\" width=\"215\" height=\"43\"\/><\/p>\n","protected":false},"excerpt":{"rendered":"La lluvia y el fr\u00edo rematan a Gaza La lluvia y el fr\u00edo rematan a Gaza El temporal&hellip;\n","protected":false},"author":2,"featured_media":299921,"comment_status":"","ping_status":"","sticky":false,"template":"","format":"standard","meta":{"footnotes":""},"categories":[42],"tags":[17,18,13,14,11,61,62,63,64,19,20,9,10,15,16,12,21,22,65,66,67],"class_list":{"0":"post-299920","1":"post","2":"type-post","3":"status-publish","4":"format-standard","5":"has-post-thumbnail","7":"category-internacional","8":"tag-breaking-news","9":"tag-breakingnews","10":"tag-featured-news","11":"tag-featurednews","12":"tag-headlines","13":"tag-internacional","14":"tag-international","15":"tag-international-news","16":"tag-internationalnews","17":"tag-latest-news","18":"tag-latestnews","19":"tag-news","20":"tag-noticias","21":"tag-noticias-destacadas","22":"tag-noticiasdestacadas","23":"tag-titulares","24":"tag-ultimas-noticias","25":"tag-ultimasnoticias","26":"tag-world","27":"tag-world-news","28":"tag-worldnews"},"share_on_mastodon":{"url":"https:\/\/pubeurope.com\/@es\/115758371141200436","error":""},"_links":{"self":[{"href":"https:\/\/www.europesays.com\/es\/wp-json\/wp\/v2\/posts\/299920","targetHints":{"allow":["GET"]}}],"collection":[{"href":"https:\/\/www.europesays.com\/es\/wp-json\/wp\/v2\/posts"}],"about":[{"href":"https:\/\/www.europesays.com\/es\/wp-json\/wp\/v2\/types\/post"}],"author":[{"embeddable":true,"href":"https:\/\/www.europesays.com\/es\/wp-json\/wp\/v2\/users\/2"}],"replies":[{"embeddable":true,"href":"https:\/\/www.europesays.com\/es\/wp-json\/wp\/v2\/comments?post=299920"}],"version-history":[{"count":0,"href":"https:\/\/www.europesays.com\/es\/wp-json\/wp\/v2\/posts\/299920\/revisions"}],"wp:featuredmedia":[{"embeddable":true,"href":"https:\/\/www.europesays.com\/es\/wp-json\/wp\/v2\/media\/299921"}],"wp:attachment":[{"href":"https:\/\/www.europesays.com\/es\/wp-json\/wp\/v2\/media?parent=299920"}],"wp:term":[{"taxonomy":"category","embeddable":true,"href":"https:\/\/www.europesays.com\/es\/wp-json\/wp\/v2\/categories?post=299920"},{"taxonomy":"post_tag","embeddable":true,"href":"https:\/\/www.europesays.com\/es\/wp-json\/wp\/v2\/tags?post=299920"}],"curies":[{"name":"wp","href":"https:\/\/api.w.org\/{rel}","templated":true}]}}