{"id":299924,"date":"2025-12-21T15:56:11","date_gmt":"2025-12-21T15:56:11","guid":{"rendered":"https:\/\/www.europesays.com\/es\/299924\/"},"modified":"2025-12-21T15:56:11","modified_gmt":"2025-12-21T15:56:11","slug":"comercio-de-la-laguna-ofrecera-empaquetado-gratuito-de-regalos-esta-navidad","status":"publish","type":"post","link":"https:\/\/www.europesays.com\/es\/299924\/","title":{"rendered":"Comercio de La Laguna ofrecer\u00e1 empaquetado gratuito de regalos esta Navidad"},"content":{"rendered":"<p>E<\/p>\n<p class=\"x_elementToProof\">l Ayuntamiento de La Laguna, a trav\u00e9s del \u00e1rea de Comercio del que dirige Estefan\u00eda D\u00edaz, pone en marcha una nueva edici\u00f3n del servicio gratuito de empaquetado de regalos en distintos distritos del municipio, una iniciativa impulsada por la Asociaci\u00f3n Empresarial La Laguna Zona Comercial (LLZC) y FAUCA, que se enmarca dentro de la campa\u00f1a de Navidad 2025.<\/p>\n<p class=\"x_elementToProof\">El servicio estar\u00e1 operativo los d\u00edas 22, 23 y 24 de diciembre, as\u00ed como 3, 4 y 5 de enero, en horario general de 11:00 a 19:00 horas, con horario especial el d\u00eda 24 de diciembre, de 10:00 a 18:00 horas. Los puestos de empaquetado se ubicar\u00e1n en la plaza El Ramal (Tejina), plaza Jos\u00e9 Hern\u00e1ndez Arocha (Taco), plaza El Tranv\u00eda (La Cuesta) y plaza de la Catedral, en el centro\u00a0hist\u00f3rico.<\/p>\n<p class=\"x_elementToProof\">La concejal de Comercio, Estefan\u00eda D\u00edaz, se\u00f1al\u00f3 que esta acci\u00f3n \u201cforma parte del conjunto de iniciativas que se desarrollan durante la campa\u00f1a de Navidad para respaldar al comercio local y reforzar el atractivo de las zonas comerciales del municipio\u201d. En este sentido, destac\u00f3 que \u201cel objetivo es facilitar las compras y ofrecer un servicio a\u00f1adido que mejore la experiencia de las familias que eligen La Laguna para realizar sus compras navide\u00f1as\u201d.<\/p>\n<p class=\"x_elementToProof\">D\u00edaz a\u00f1adi\u00f3 que \u201cel empaquetado gratuito es un servicio muy valorado por la ciudadan\u00eda, que contribuye a generar ambiente navide\u00f1o en nuestras calles y plazas y a poner en valor el comercio de proximidad\u201d. \u201cDesde el \u00c1rea\u00a0seguimos apostando por acciones que dinamicen la actividad econ\u00f3mica y fortalezcan el tejido comercial local en una de las \u00e9pocas m\u00e1s importantes del a\u00f1o\u201d, concluy\u00f3.<\/p>\n<p class=\"x_elementToProof\">El presidente de la Asociaci\u00f3n Empresarial La Laguna Zona Comercial (LLZC), Iv\u00e1n P\u00e9rez, destac\u00f3 que \u201cel servicio de empaquetado navide\u00f1o es una herramienta importante para reforzar la actividad en las zonas comerciales abiertas, ya que aporta un valor a\u00f1adido que mejora la experiencia de compra y anima a la ciudadan\u00eda a recorrer los distintos distritos del municipio\u201d.<\/p>\n<p class=\"x_elementToProof\">La campa\u00f1a de empaquetado navide\u00f1o se integra en la programaci\u00f3n global de la Navidad 2025 en La Laguna, una estrategia conjunta entre el Ayuntamiento y las entidades comerciales que busca incentivar el consumo local, apoyar a los peque\u00f1os y medianos comercios y consolidar las zonas comerciales abiertas como espacios cercanos, accesibles y atractivos para la ciudadan\u00eda.<\/p>\n","protected":false},"excerpt":{"rendered":"E l Ayuntamiento de La Laguna, a trav\u00e9s del \u00e1rea de Comercio del que dirige Estefan\u00eda D\u00edaz, pone&hellip;\n","protected":false},"author":2,"featured_media":299925,"comment_status":"","ping_status":"","sticky":false,"template":"","format":"standard","meta":{"footnotes":""},"categories":[5],"tags":[17,18,25,24,13,14,11,19,20,9,10,15,16,23,12,21,22],"class_list":{"0":"post-299924","1":"post","2":"type-post","3":"status-publish","4":"format-standard","5":"has-post-thumbnail","7":"category-titulares","8":"tag-breaking-news","9":"tag-breakingnews","10":"tag-es","11":"tag-espana","12":"tag-featured-news","13":"tag-featurednews","14":"tag-headlines","15":"tag-latest-news","16":"tag-latestnews","17":"tag-news","18":"tag-noticias","19":"tag-noticias-destacadas","20":"tag-noticiasdestacadas","21":"tag-spain","22":"tag-titulares","23":"tag-ultimas-noticias","24":"tag-ultimasnoticias"},"share_on_mastodon":{"url":"https:\/\/pubeurope.com\/@es\/115758378742861508","error":""},"_links":{"self":[{"href":"https:\/\/www.europesays.com\/es\/wp-json\/wp\/v2\/posts\/299924","targetHints":{"allow":["GET"]}}],"collection":[{"href":"https:\/\/www.europesays.com\/es\/wp-json\/wp\/v2\/posts"}],"about":[{"href":"https:\/\/www.europesays.com\/es\/wp-json\/wp\/v2\/types\/post"}],"author":[{"embeddable":true,"href":"https:\/\/www.europesays.com\/es\/wp-json\/wp\/v2\/users\/2"}],"replies":[{"embeddable":true,"href":"https:\/\/www.europesays.com\/es\/wp-json\/wp\/v2\/comments?post=299924"}],"version-history":[{"count":0,"href":"https:\/\/www.europesays.com\/es\/wp-json\/wp\/v2\/posts\/299924\/revisions"}],"wp:featuredmedia":[{"embeddable":true,"href":"https:\/\/www.europesays.com\/es\/wp-json\/wp\/v2\/media\/299925"}],"wp:attachment":[{"href":"https:\/\/www.europesays.com\/es\/wp-json\/wp\/v2\/media?parent=299924"}],"wp:term":[{"taxonomy":"category","embeddable":true,"href":"https:\/\/www.europesays.com\/es\/wp-json\/wp\/v2\/categories?post=299924"},{"taxonomy":"post_tag","embeddable":true,"href":"https:\/\/www.europesays.com\/es\/wp-json\/wp\/v2\/tags?post=299924"}],"curies":[{"name":"wp","href":"https:\/\/api.w.org\/{rel}","templated":true}]}}