{"id":299926,"date":"2025-12-21T16:00:24","date_gmt":"2025-12-21T16:00:24","guid":{"rendered":"https:\/\/www.europesays.com\/es\/299926\/"},"modified":"2025-12-21T16:00:24","modified_gmt":"2025-12-21T16:00:24","slug":"sergio-garcia-firma-una-renovacion-plurianual-con-liv-golf","status":"publish","type":"post","link":"https:\/\/www.europesays.com\/es\/299926\/","title":{"rendered":"Sergio Garc\u00eda firma una renovaci\u00f3n plurianual con LIV Golf"},"content":{"rendered":"<p class=\"ft-text ft-helper-align-justify\"><strong>Sergio Garc\u00eda ha firmado una extensi\u00f3n plurianual con LIV Golf, seg\u00fan se ha confirmado desde la Liga saud\u00ed,<\/strong> siendo el primero de los jugadores que se han comprometido para los pr\u00f3ximos a\u00f1os con el proyecto que hace frente al PGA Tour..<\/p>\n<p class=\"ft-text ft-helper-align-justify\">La leyenda espa\u00f1ola<strong> ha estado con LIV desde su fundaci\u00f3n en 2022 y permanecer\u00e1 en el circuito saud\u00ed tras la renovaci\u00f3n de su contrato,<\/strong> que se produce tras no renovar su membres\u00eda del DP World Tour para 2026.<\/p>\n<p class=\"ft-text ft-helper-align-justify\"><a class=\"ft-link ft-link--decoration\" href=\"https:\/\/www.sport.es\/es\/noticias\/deportes\/golf\/talento-espanol-fireballs-sergio-garcia-113284923\" rel=\"nofollow noopener\" target=\"_blank\">Garc\u00eda tambi\u00e9n ha renovado a Luis Masaveu para su equipo los Fireballs, quien fue reemplazado en junio por Josele Ballester<\/a>. Esto significa que el equipo de Garc\u00eda ahora cuenta como capit\u00e1n junto con Ballester, Masaveu y el\u00f1 barcelon\u00e9s David Puig en una alineaci\u00f3n \u00edntegramente espa\u00f1ola por primera vez.<\/p>\n<p><img decoding=\"async\" src=\"https:\/\/www.europesays.com\/es\/wp-content\/uploads\/2025\/12\/6888cc9b-f7fa-45a0-9375-de2f29f48f83_alta-libre-aspect-ratio_default_0.jpg\" width=\"1200\" height=\"800\" alt=\"El castellonense seguir\u00e1 siendo el estandarte de los 'Fireballs' los pr\u00f3ximos a\u00f1os\" class=\"ft-helper-img-rd\" loading=\"lazy\"\/><\/p>\n<p class=\"ft-helper-fontColor-quaternary ft-helper-fontSize-body-S ft-helper-spacer-t-xxs\">El castellonense seguir\u00e1 siendo el estandarte de los &#8216;Fireballs&#8217; los pr\u00f3ximos a\u00f1os  \/ LIV<\/p>\n<p>Refuerza el proyecto del LIV Golf<\/p>\n<p class=\"ft-text ft-helper-align-justify\"><strong>Masaveu reemplaza a Abraham Ancer, quien recientemente se march\u00f3 a Torque GC para reemplazar al descendido Mito Pereira.<\/strong> \u00abRegresar a Fireballs GC y LIV Golf refuerza todo lo que estamos construyendo\u00bb, dijo Garc\u00eda, satisfecho con el acuerdo de renovaci\u00f3n del que no se dieron cifras.<\/p>\n<p class=\"ft-text ft-helper-align-justify\"><strong>Con el gran rendimiento de David [Puig] y Josele [Ballester] en 2025 y la incorporaci\u00f3n de Luis al equipo en 2026, nuestra identidad y competitividad son m\u00e1s fuertes que nunca<\/strong>, arraigadas en el orgullo, el prop\u00f3sito y nuestra conexi\u00f3n emocional colectiva con el golf\u201d, dijo en un comunicado. \u201cLIV Golf sigue marcando la pauta a nivel mundial, y me comprometo a liderar este grupo a medida que avanzamos y seguimos elevando el nivel\u201d.<\/p>\n<p class=\"ft-text ft-helper-align-justify\"><strong>El capit\u00e1n espa\u00f1ol firm\u00f3 otra temporada de alto nivel en 2025, finalizando noveno en la clasificaci\u00f3n individual, su tercer top 10 en cuatro campa\u00f1as de<\/strong>\u00a0<strong>LIV Golf<\/strong>. Adem\u00e1s, gan\u00f3 en\u00a0<strong>Hong Kong<\/strong>\u00a0y se convirti\u00f3 en uno de los pocos jugadores capaces de vencer en cada una de las dos \u00faltimas temporadas, consolid\u00e1ndose como el referente de un equipo joven y en plena progresi\u00f3n.<\/p>\n","protected":false},"excerpt":{"rendered":"Sergio Garc\u00eda ha firmado una extensi\u00f3n plurianual con LIV Golf, seg\u00fan se ha confirmado desde la Liga saud\u00ed,&hellip;\n","protected":false},"author":2,"featured_media":299927,"comment_status":"","ping_status":"","sticky":false,"template":"","format":"standard","meta":{"footnotes":""},"categories":[275],"tags":[71172,168,25,24,3822,329,71171,2625,23,167,71170],"class_list":{"0":"post-299926","1":"post","2":"type-post","3":"status-publish","4":"format-standard","5":"has-post-thumbnail","7":"category-golf","8":"tag-con-liv-golf","9":"tag-deportes","10":"tag-es","11":"tag-espana","12":"tag-firma","13":"tag-golf","14":"tag-plurianual","15":"tag-sergio-garcia","16":"tag-spain","17":"tag-sports","18":"tag-una-renovacion"},"share_on_mastodon":{"url":"https:\/\/pubeurope.com\/@es\/115758395022704865","error":""},"_links":{"self":[{"href":"https:\/\/www.europesays.com\/es\/wp-json\/wp\/v2\/posts\/299926","targetHints":{"allow":["GET"]}}],"collection":[{"href":"https:\/\/www.europesays.com\/es\/wp-json\/wp\/v2\/posts"}],"about":[{"href":"https:\/\/www.europesays.com\/es\/wp-json\/wp\/v2\/types\/post"}],"author":[{"embeddable":true,"href":"https:\/\/www.europesays.com\/es\/wp-json\/wp\/v2\/users\/2"}],"replies":[{"embeddable":true,"href":"https:\/\/www.europesays.com\/es\/wp-json\/wp\/v2\/comments?post=299926"}],"version-history":[{"count":0,"href":"https:\/\/www.europesays.com\/es\/wp-json\/wp\/v2\/posts\/299926\/revisions"}],"wp:featuredmedia":[{"embeddable":true,"href":"https:\/\/www.europesays.com\/es\/wp-json\/wp\/v2\/media\/299927"}],"wp:attachment":[{"href":"https:\/\/www.europesays.com\/es\/wp-json\/wp\/v2\/media?parent=299926"}],"wp:term":[{"taxonomy":"category","embeddable":true,"href":"https:\/\/www.europesays.com\/es\/wp-json\/wp\/v2\/categories?post=299926"},{"taxonomy":"post_tag","embeddable":true,"href":"https:\/\/www.europesays.com\/es\/wp-json\/wp\/v2\/tags?post=299926"}],"curies":[{"name":"wp","href":"https:\/\/api.w.org\/{rel}","templated":true}]}}