{"id":299966,"date":"2025-12-21T16:29:10","date_gmt":"2025-12-21T16:29:10","guid":{"rendered":"https:\/\/www.europesays.com\/es\/299966\/"},"modified":"2025-12-21T16:29:10","modified_gmt":"2025-12-21T16:29:10","slug":"miren-ibarguren-embarazada-de-su-segundo-hijo-con-alberto-caballero-2","status":"publish","type":"post","link":"https:\/\/www.europesays.com\/es\/299966\/","title":{"rendered":"Miren Ibarguren, embarazada de su segundo hijo con Alberto Caballero"},"content":{"rendered":"<p data-journey-content=\"true\" data-node-id=\"3\" class=\"css-6wxqfj emevuu60\">Miren Ibarguren termina el a\u00f1o con la mejor noticia, el anuncio de su segundo embarazo. La actriz, de 45 a\u00f1os, espera su segundo hijo junto a su marido, el guionista, Alberto Caballero, de 51.  Tres a\u00f1os y medio despu\u00e9s de la <a href=\"https:\/\/www.diezminutos.es\/famosos-corazon\/famosos-espanoles\/g40633717\/miren-ibarguren-alberto-caballero-primer-hijo\/\" target=\"_blank\" data-vars-ga-outbound-link=\"https:\/\/www.diezminutos.es\/famosos-corazon\/famosos-espanoles\/g40633717\/miren-ibarguren-alberto-caballero-primer-hijo\/\" data-vars-ga-ux-element=\"Hyperlink\" data-vars-ga-call-to-action=\"llegada de su primer hijo,\" data-node-id=\"3.1\" class=\"body-link css-177bzfx emevuu60\" rel=\"nofollow noopener\">llegada de su primer hijo,<\/a> est\u00e1 de nuevo embarazada y se espera que su segundo reto\u00f1o venga al mundo a principios de 2026. Ha sido en un reportaje de moda para la revista \u00abInStyle\u00bb, protagonista del n\u00famero de enero y febrero, donde la int\u00e9rprete ha anunciado esta feliz noticia. <\/p>\n<p data-journey-content=\"true\" data-node-id=\"6\" class=\"css-6wxqfj emevuu60\">\u00abTras cerrar el mejor a\u00f1o de su carrera, la actriz celebra premios, estrenos y una noticia \u00edntima que ilumina a\u00fan m\u00e1s este momento: el embarazo de su segundo hijo\u00bb, anuncia la revista.<\/p>\n<p data-journey-content=\"true\" data-node-id=\"8\" class=\"css-6wxqfj emevuu60\">La actriz y el director de &#8216;La que se avecina&#8217; <a href=\"https:\/\/www.diezminutos.es\/famosos-corazon\/famosos-espanoles\/a45881845\/miren-ibarguren-alberto-caballero-se-casan-secreto\/\" target=\"_blank\" data-vars-ga-outbound-link=\"https:\/\/www.diezminutos.es\/famosos-corazon\/famosos-espanoles\/a45881845\/miren-ibarguren-alberto-caballero-se-casan-secreto\/\" data-vars-ga-ux-element=\"Hyperlink\" data-vars-ga-call-to-action=\"se casaron en secreto hace tan solo dos a\u00f1os\" data-node-id=\"8.1\" class=\"body-link css-177bzfx emevuu60\" rel=\"nofollow noopener\">se casaron en secreto hace tan solo dos a\u00f1os<\/a>, poniendo as\u00ed el broche de oro a once a\u00f1os de intensa relaci\u00f3n y un a\u00f1o despu\u00e9s de haberse convertido en padres. Ahora, dar\u00e1n la bienvenida a su segundo beb\u00e9, para completar la preciosa familia que han formado. <\/p>\n<p data-journey-content=\"true\" data-node-id=\"13\" class=\"css-6wxqfj emevuu60\">Miren Ibarguren y Alberto Caballero iniciaron su relaci\u00f3n en 2013, cuando coincidieron grabando en &#8216;La que se avecina&#8217;. Aquella coincidencia acab\u00f3 transform\u00e1ndose en una relaci\u00f3n sentimental que se ha consolidado discretamente y muy alejada del ruido medi\u00e1tico. A pesar de su gran popularidad, ambos han conseguido mantener su esfera privada alejada de los focos, aunque siempre hablando con naturalidad de su amor cuando les preguntan sobre c\u00f3mo llevan su consolidada relaci\u00f3n. <\/p>\n<p data-journey-content=\"true\" data-node-id=\"15\" class=\"css-6wxqfj emevuu60\"> En las pocas declaraciones que ha hecho hablando de su pareja, el guionista ha hablado de la gran personalidad de la actriz, su sentido del humor para enfrentarse a los problemas y la enorme conexi\u00f3n que existe entre ellos desde el principio y que parece indestructible. <\/p>\n<p><img src=\"https:\/\/www.europesays.com\/es\/wp-content\/uploads\/2025\/12\/1766334550_524_4104b2dc-9d92-4a2f-a41f-327dc6377620_1734436473.jpg\" alt=\"Headshot of Valentina Vera\" title=\"Headshot of Valentina Vera\" width=\"100%\" height=\"100%\" decoding=\"async\" loading=\"lazy\" class=\"css-o0wq4v ev8dhu53\"\/><\/p>\n<p>Valentina Vera es una periodista experta en cr\u00f3nica rosa, realidad, &#8216;reality&#8217;, moda y belleza. Siempre al d\u00eda de las \u00faltimas novedades de los famosos nacionales e internacionales y de las casas reales europeas. Su trabajo como redactora le permite ser testigo de las bodas de los personajes m\u00e1s relevantes del panorama social; de alfombras rojas; de funerales de Estado o de acontecimientos hist\u00f3ricos: como la proclamaci\u00f3n de Felipe VI como Rey o la coronaci\u00f3n de Carlos III de Inglaterra.<br \/>\nLicenciada en Periodismo por la Universidad Complutense de Madrid. Comenz\u00f3 su andadura en el mundo del coraz\u00f3n en el a\u00f1o 2013 en la revista \u00a1Hola! Y desde 2014 forma parte del grupo Hearst, donde ha ido adquiriendo experiencia tanto en la edici\u00f3n impresa como en el formato web de la revista Diez Minutos.<br \/>\nEl medio digital le apasiona por la inmediatez en la que sus lectores pueden ser testigos de lo que sucede en la vida de los famosos desde cualquier parte del mundo. Instagram, Twitter y TikTok se han convertido en una herramienta m\u00e1s de informaci\u00f3n a la hora de crear, gestionar y organizar el contenido, ya que le permiten conocer la \u00faltima hora de lo que sucede en la vida de los famosos.<br \/>\nEn constante formaci\u00f3n de estrategias y t\u00e9cnicas de optimizaci\u00f3n digital para su trabajo como redactora, en la actualidad tambi\u00e9n se encuentra estudiando Diet\u00e9tica. Llevar un estilo de vida saludable es algo que le apasiona y cree que la nutrici\u00f3n es una parte fundamental.<\/p>\n","protected":false},"excerpt":{"rendered":"Miren Ibarguren termina el a\u00f1o con la mejor noticia, el anuncio de su segundo embarazo. La actriz, de&hellip;\n","protected":false},"author":2,"featured_media":299967,"comment_status":"","ping_status":"","sticky":false,"template":"","format":"standard","meta":{"footnotes":""},"categories":[174],"tags":[255,253,146,147,25,24,256,23],"class_list":{"0":"post-299966","1":"post","2":"type-post","3":"status-publish","4":"format-standard","5":"has-post-thumbnail","7":"category-famosos","8":"tag-celebrities","9":"tag-discover","10":"tag-entertainment","11":"tag-entretenimiento","12":"tag-es","13":"tag-espana","14":"tag-famosos","15":"tag-spain"},"share_on_mastodon":{"url":"https:\/\/pubeurope.com\/@es\/115758508657190701","error":""},"_links":{"self":[{"href":"https:\/\/www.europesays.com\/es\/wp-json\/wp\/v2\/posts\/299966","targetHints":{"allow":["GET"]}}],"collection":[{"href":"https:\/\/www.europesays.com\/es\/wp-json\/wp\/v2\/posts"}],"about":[{"href":"https:\/\/www.europesays.com\/es\/wp-json\/wp\/v2\/types\/post"}],"author":[{"embeddable":true,"href":"https:\/\/www.europesays.com\/es\/wp-json\/wp\/v2\/users\/2"}],"replies":[{"embeddable":true,"href":"https:\/\/www.europesays.com\/es\/wp-json\/wp\/v2\/comments?post=299966"}],"version-history":[{"count":0,"href":"https:\/\/www.europesays.com\/es\/wp-json\/wp\/v2\/posts\/299966\/revisions"}],"wp:featuredmedia":[{"embeddable":true,"href":"https:\/\/www.europesays.com\/es\/wp-json\/wp\/v2\/media\/299967"}],"wp:attachment":[{"href":"https:\/\/www.europesays.com\/es\/wp-json\/wp\/v2\/media?parent=299966"}],"wp:term":[{"taxonomy":"category","embeddable":true,"href":"https:\/\/www.europesays.com\/es\/wp-json\/wp\/v2\/categories?post=299966"},{"taxonomy":"post_tag","embeddable":true,"href":"https:\/\/www.europesays.com\/es\/wp-json\/wp\/v2\/tags?post=299966"}],"curies":[{"name":"wp","href":"https:\/\/api.w.org\/{rel}","templated":true}]}}