{"id":299994,"date":"2025-12-21T16:51:12","date_gmt":"2025-12-21T16:51:12","guid":{"rendered":"https:\/\/www.europesays.com\/es\/299994\/"},"modified":"2025-12-21T16:51:12","modified_gmt":"2025-12-21T16:51:12","slug":"nico-gonzalez-lesionado-en-el-atletico-de-madrid-ante-el-girona","status":"publish","type":"post","link":"https:\/\/www.europesays.com\/es\/299994\/","title":{"rendered":"Nico Gonz\u00e1lez, lesionado en el Atl\u00e9tico de Madrid ante el Girona"},"content":{"rendered":"<p>    Compartir  <\/p>\n<p class=\"_container_r6ld5_1 _container_1uguc_1 &#10;    color_eta\"><strong>Nico Gonz\u00e1lez<\/strong> tuvo que ser sustituido en la primera parte del <a href=\"https:\/\/www.eldesmarque.com\/futbol\/liga-1a-division\/20251221\/girona-atletico-madrid-resultado-resumen-ultima-hora-laliga-jornada-17_19_017917455.html#utm_source=cuerpo&amp;utm_medium=live\" target=\"_blank\" rel=\"nofollow noopener\">partido del Atl\u00e9tico de Madrid frente al Girona FC<\/a>. El extremo argentino, que <a href=\"https:\/\/www.eldesmarque.com\/futbol\/liga-1a-division\/20251221\/alineaciones-confirmadas-girona-atletico-madrid-laliga-jornada-17_18_017917972.html#utm_source=cuerpo&amp;utm_medium=articulo\" rel=\"nofollow noopener\" target=\"_blank\">part\u00eda como titular en el once de Diego Pablo Simeone<\/a>, not\u00f3 un pinchazo muscular. R\u00e1pidamente se llev\u00f3 la mano hacia la parte trasera del muslo sobre el minuto 26 del partido. Sucedi\u00f3 en un lance en el que persegu\u00eda un bal\u00f3n \u00e9l solo, sin que se produjera ning\u00fan tipo de fricci\u00f3n con un rival. En cuanto not\u00f3 la molestia, se march\u00f3 al suelo con un evidente gesto de dolor. Su cara evidenciaba una lesi\u00f3n muscular que no le permitir\u00eda continuar sobre el c\u00e9sped de Montilivi. <\/p>\n<p class=\"_container_r6ld5_1 _container_1uguc_1 &#10;    color_eta\">En su lugar entr\u00f3 <strong>Conor Gallagher<\/strong>, que se ubic\u00f3 en el centro del campo mientras que Juli\u00e1n \u00c1lvarez pas\u00f3 a ocupar la banda izquierda del ataque en el Atl\u00e9tico de Madrid. Ahora toca esperar el parte m\u00e9dico del club para conocer el alcance de la lesi\u00f3n. Si bien es cierto que hay ahora varios d\u00edas de descanso por el par\u00f3n de Navidad en LALIGA, tras las vacaciones y un compromiso liguero, el club viajar\u00e1 a Arabia Saud\u00ed para <a href=\"https:\/\/www.eldesmarque.com\/futbol\/supercopa-de-espana\/20251007\/fechas-horarios-televisiones-semifinales-final-supercopa-espana_18_017534784.html#utm_source=cuerpo&amp;utm_medium=articulo\" target=\"_blank\" rel=\"nofollow noopener\">disputar la Supercopa de Espa\u00f1a<\/a>. Compromisos muy importantes para los que Diego Pablo Simeone seguramente preferir\u00eda disponer de Nico Gonz\u00e1lez. <\/p>\n<p><img decoding=\"async\" alt=\"Nico Gonz\u00e1lez celebra con el Atl\u00e9tico de Madrid\" class=\"_author_image__full_lbs33_12 _image_thjnc_1\" loading=\"lazy\" title=\"\" src=\"https:\/\/www.europesays.com\/es\/wp-content\/uploads\/2025\/12\/nico-gonzalez-celebra-con-el-atletico-de-madrid-16-9-aspect-ratio-default-0_da39.jpg\" width=\"1920\" height=\"1080\"  \/>Nico Gonz\u00e1lez celebra con el Atl\u00e9tico de Madrid. Cordon Press<\/p>\n<p class=\"_container_r6ld5_1 _container_1uguc_1 &#10;    color_eta\">Lo cierto es que Nico Gonz\u00e1lez ha sufrido varios problemas f\u00edsicos en lo que va de curso con el Atl\u00e9tico de Madrid. El argentino, que recal\u00f3 en los \u00faltimos suspiros del mercado de fichajes de verano tras jugar las primeras jornadas con la Juventus, sufri\u00f3 un golpe en la cabeza frente a Osasuna, siendo sustituido por una conmoci\u00f3n. Posteriormente, frente al Sevilla, sufri\u00f3 un golpe que le dej\u00f3 fuera del partido ante el Union St Gilloise en la UEFA Champions League, siendo hasta ahora el \u00fanico encuentro que se ha perdido desde que aterriz\u00f3 en Madrid. Ahora se someter\u00e1 a pruebas m\u00e9dicas antes de marcharse de vacaciones, a la espera de conocer el alcance de su lesi\u00f3n y con el anhelo de que sea lo m\u00e1s leve posible.<\/p>\n","protected":false},"excerpt":{"rendered":"Compartir Nico Gonz\u00e1lez tuvo que ser sustituido en la primera parte del partido del Atl\u00e9tico de Madrid frente&hellip;\n","protected":false},"author":2,"featured_media":299995,"comment_status":"","ping_status":"","sticky":false,"template":"","format":"standard","meta":{"footnotes":""},"categories":[268],"tags":[168,25,24,280,282,281,23,167],"class_list":{"0":"post-299994","1":"post","2":"type-post","3":"status-publish","4":"format-standard","5":"has-post-thumbnail","7":"category-futbol","8":"tag-deportes","9":"tag-es","10":"tag-espana","11":"tag-football","12":"tag-futbol","13":"tag-soccer","14":"tag-spain","15":"tag-sports"},"share_on_mastodon":{"url":"https:\/\/pubeurope.com\/@es\/115758595262219854","error":""},"_links":{"self":[{"href":"https:\/\/www.europesays.com\/es\/wp-json\/wp\/v2\/posts\/299994","targetHints":{"allow":["GET"]}}],"collection":[{"href":"https:\/\/www.europesays.com\/es\/wp-json\/wp\/v2\/posts"}],"about":[{"href":"https:\/\/www.europesays.com\/es\/wp-json\/wp\/v2\/types\/post"}],"author":[{"embeddable":true,"href":"https:\/\/www.europesays.com\/es\/wp-json\/wp\/v2\/users\/2"}],"replies":[{"embeddable":true,"href":"https:\/\/www.europesays.com\/es\/wp-json\/wp\/v2\/comments?post=299994"}],"version-history":[{"count":0,"href":"https:\/\/www.europesays.com\/es\/wp-json\/wp\/v2\/posts\/299994\/revisions"}],"wp:featuredmedia":[{"embeddable":true,"href":"https:\/\/www.europesays.com\/es\/wp-json\/wp\/v2\/media\/299995"}],"wp:attachment":[{"href":"https:\/\/www.europesays.com\/es\/wp-json\/wp\/v2\/media?parent=299994"}],"wp:term":[{"taxonomy":"category","embeddable":true,"href":"https:\/\/www.europesays.com\/es\/wp-json\/wp\/v2\/categories?post=299994"},{"taxonomy":"post_tag","embeddable":true,"href":"https:\/\/www.europesays.com\/es\/wp-json\/wp\/v2\/tags?post=299994"}],"curies":[{"name":"wp","href":"https:\/\/api.w.org\/{rel}","templated":true}]}}