{"id":300021,"date":"2025-12-21T17:11:10","date_gmt":"2025-12-21T17:11:10","guid":{"rendered":"https:\/\/www.europesays.com\/es\/300021\/"},"modified":"2025-12-21T17:11:10","modified_gmt":"2025-12-21T17:11:10","slug":"escabechina-de-sanciones-a-ciclistas","status":"publish","type":"post","link":"https:\/\/www.europesays.com\/es\/300021\/","title":{"rendered":"ESCABECHINA DE SANCIONES A CICLISTAS"},"content":{"rendered":"<p class=\"ft-text\">Una escabechina. Han ca\u00eddo como moscas. Lo que ha ocurrido esta ma\u00f1ana en <a class=\"ft-link ft-link--decoration\" href=\"https:\/\/www.levante-emv.com\/tags\/lliber\/\" target=\"_blank\" rel=\"nofollow noopener\">Ll\u00edber<\/a> pasar\u00e1 a la historia como el gran \u00abmultazo\u00bb a <a class=\"ft-link ft-link--decoration\" href=\"https:\/\/www.levante-emv.com\/tags\/ciclistas\/\" target=\"_blank\" rel=\"nofollow noopener\">ciclistas<\/a>. <strong>El agente de la <\/strong><a class=\"ft-link ft-link--decoration\" href=\"https:\/\/www.levante-emv.com\/tags\/policia-local\/\" target=\"_blank\" rel=\"nofollow noopener\"><strong>Polic\u00eda Local<\/strong><\/a><strong> se ha hinchado a poner <\/strong><a class=\"ft-link ft-link--decoration\" href=\"https:\/\/www.levante-emv.com\/tags\/multas\/\" target=\"_blank\" rel=\"nofollow noopener\"><strong>multas<\/strong><\/a><strong>. Ha sancionado al equivalente a un gran pelot\u00f3n<\/strong>. No daba abasto para controlar la an\u00f3mala situaci\u00f3n de inseguridad vial. Ha necesitado del refuerzo de la <a class=\"ft-link ft-link--decoration\" href=\"https:\/\/www.levante-emv.com\/tags\/guardia-civil\/\" target=\"_blank\" rel=\"nofollow noopener\">Guardia Civil<\/a>.<\/p>\n<p class=\"ft-text\">Si estas pasadas semana ya unos cuantos ciclistas se han tenido que rascar el bolsillo por <a class=\"ft-link ft-link--decoration\" href=\"https:\/\/www.levante-emv.com\/marina\/2025\/12\/12\/semaforos-son-ciclistas-multa-100-lliber-profesionales-bicicleta-124714271.html\" target=\"_blank\" rel=\"nofollow noopener\">saltarse en rojo el sem\u00e1foro<\/a> de la traves\u00eda urbana de Ll\u00edber,<strong> lo que ha ocurrido esta ma\u00f1ana de domingo es que los deportistas, m\u00e1s por desconocimiento que por otra cosa, se han metido en contradirecci\u00f3n por las callejuelas<\/strong>. La traves\u00eda est\u00e1 cerrada ya que se est\u00e1 celebrando un mercadillo de Navidad. Se desv\u00eda el <a class=\"ft-link ft-link--decoration\" href=\"https:\/\/www.levante-emv.com\/tags\/trafico\/\" target=\"_blank\" rel=\"nofollow noopener\">tr\u00e1fico<\/a> por fuera del pueblo, por los viales entre vi\u00f1edos del Pla de Ll\u00edber. <strong>Pero decenas de ciclistas (y alg\u00fan motorista) se han metido por las calles y se han saltado tres direcciones prohibidas. No una ni dos. Tres. Entraban en Ll\u00edber desde Senija o Gata. Y en la salida hacia Xal\u00f3 se topaban con el Polic\u00eda Local y la Guardia Civil<\/strong>. Ha habido momentos en los que se han formado \u00abcolas\u00bb de 30 ciclistas sancionados. Todos esperaban obedientemente (refunfu\u00f1ando, claro, que no es plato de buen gusto) a pagar la multa de cien euros.<\/p>\n<p><img decoding=\"async\" src=\"https:\/\/www.europesays.com\/es\/wp-content\/uploads\/2025\/12\/703b3d35-4398-4eed-9ed9-97dcd56f4b37_alta-libre-aspect-ratio_default_0.jpg\" width=\"1200\" height=\"816\" alt=\"Ciclistas a los que la Polic\u00eda y la Guardia Civil ha multado por saltarse tres direcciones prohibidas\" class=\"ft-helper-img-rd\" loading=\"lazy\"\/><\/p>\n<p class=\"ft-helper-fontColor-quaternary ft-helper-fontSize-body-S ft-helper-spacer-t-xxs\">Ciclistas a los que la Polic\u00eda y la Guardia Civil ha multado por saltarse tres direcciones prohibidas  \/ A. P. F.<\/p>\n<p class=\"ft-text\">Quiz\u00e1 hoy, por la situaci\u00f3n extraordinaria de que la traves\u00eda est\u00e1 cerrada al tr\u00e1fico, conven\u00eda<strong> reforzar la se\u00f1alizaci\u00f3n y dejar claro que callejear en bici desde la entrada a Ll\u00edber por Senija y Gata era ir directo a la multa<\/strong>. En ese itinerario urbano, est\u00e1n las tres <a class=\"ft-link ft-link--decoration\" href=\"https:\/\/www.levante-emv.com\/tags\/senales-trafico\/\" target=\"_blank\" rel=\"nofollow noopener\">se\u00f1ales<\/a> de prohibido que los ciclistas se han saltado. Los deportistas van a pi\u00f1on fijo. Pasa el primero. Y todos detr\u00e1s. Cuando los paraban a la salida del pueblo, se quedaban sorprendid\u00edsimos. No ten\u00edan ni idea de que hab\u00edan encadenado tres contradirecciones.<\/p>\n<p class=\"ft-text\">Pero, claro, <strong>est\u00e1 el precedente de los sem\u00e1foros. Y el rojo es rojo aqu\u00ed y en la Conchinchina<\/strong>. La traves\u00eda es estrecha. Los vecinos est\u00e1n acostumbrados a que los coches, las motos y las bicis circulen alternativamente en un solo sentido. S\u00ed, de repente, empiezan a salir ciclistas de aqu\u00ed y de all\u00e1 se produce una clara situaci\u00f3n de riesgo de atropellos y accidentes. Los vecinos tambi\u00e9n recuerdan que aqu\u00ed no se puede ir a m\u00e1s de 20 km\/h. Es una <a class=\"ft-link ft-link--decoration\" href=\"https:\/\/www.levante-emv.com\/tags\/velocidad\/\" target=\"_blank\" rel=\"nofollow noopener\">velocidad<\/a> que incluso parece demasiado elevada para las caracter\u00edsticas de esta traves\u00eda, que es estrech\u00edsima y parte en dos el pueblo. <strong>Afirman que los ciclistas y los coches de los equipos pasan como una exhalaci\u00f3n<\/strong>.<\/p>\n<p class=\"ft-text\">La Polic\u00eda Local y la Guardia Civil est\u00e1n decididos a atajar el peligro que supone para los vecinos, muchos mayores, que estos deportistas no respeten los sem\u00e1foros ni la se\u00f1alizaci\u00f3n. <strong>Hoy, con la notable afluencia al mercadillo y muchos visitantes que caminaban por las callejuelas, era un riesgo que los ciclistas se metieran en contradirecci\u00f3n<\/strong>. Era incluso un riesgo para los ciclistas que pedaleaban en la direcci\u00f3n correcta y que \u00abtropezaban\u00bb de cara con otras grupetas.<\/p>\n<p>Falta pedagog\u00eda<\/p>\n<p class=\"ft-text\">El auge del turismo ciclista es una bendici\u00f3n para la Marina Alta. Pero ha crecido tan r\u00e1pido (y es un gozo que la bici est\u00e9 de moda) que se est\u00e1n produciendo conflictos.<a class=\"ft-link ft-link--decoration\" href=\"https:\/\/www.levante-emv.com\/marina\/2025\/01\/24\/bici-da-comer-turismo-invierno-la-vall-debo-calp-denia-pedreguer-ciclismo-113634595.html\" target=\"_blank\" rel=\"nofollow noopener\"> El turismo ciclista es de invierno. Rompe la estacionalidad<\/a>. No va a contracorriente, sino en la direcci\u00f3n correcta del turismo sostenible. Pero ha irrumpido con tanta fuerza que se echa en falta pedagog\u00eda, que a los ciclistas, muchos de ellos extranjeros,<strong> les quede claro que no pueden ir a sus anchas por pueblos de calles estrechas como Ll\u00edber. Adem\u00e1s, al incumplir las normas (muchas veces por pura ignorancia), los ciclistas, que tambi\u00e9n son usuarios vulnerables de las carreteras, tambi\u00e9n se ponen ellos en peligro<\/strong>.<\/p>\n","protected":false},"excerpt":{"rendered":"Una escabechina. Han ca\u00eddo como moscas. Lo que ha ocurrido esta ma\u00f1ana en Ll\u00edber pasar\u00e1 a la historia&hellip;\n","protected":false},"author":2,"featured_media":300022,"comment_status":"","ping_status":"","sticky":false,"template":"","format":"standard","meta":{"footnotes":""},"categories":[273],"tags":[313,2838,71187,25992,312,168,927,25,24,1160,12661,71185,2435,5273,16353,6540,817,68774,71188,23,167,71186],"class_list":{"0":"post-300021","1":"post","2":"type-post","3":"status-publish","4":"format-standard","5":"has-post-thumbnail","7":"category-ciclismo","8":"tag-ciclismo","9":"tag-ciclistas","10":"tag-contradireccion","11":"tag-convivencia","12":"tag-cycling","13":"tag-deportes","14":"tag-deportistas","15":"tag-es","16":"tag-espana","17":"tag-guardia-civil","18":"tag-la-marina","19":"tag-lliber","20":"tag-manana","21":"tag-multa","22":"tag-multitud","23":"tag-sanciones","24":"tag-seguridad-vial","25":"tag-semaforo","26":"tag-senales-trafico","27":"tag-spain","28":"tag-sports","29":"tag-turismo-ciclista"},"share_on_mastodon":{"url":"https:\/\/pubeurope.com\/@es\/115758673699759530","error":""},"_links":{"self":[{"href":"https:\/\/www.europesays.com\/es\/wp-json\/wp\/v2\/posts\/300021","targetHints":{"allow":["GET"]}}],"collection":[{"href":"https:\/\/www.europesays.com\/es\/wp-json\/wp\/v2\/posts"}],"about":[{"href":"https:\/\/www.europesays.com\/es\/wp-json\/wp\/v2\/types\/post"}],"author":[{"embeddable":true,"href":"https:\/\/www.europesays.com\/es\/wp-json\/wp\/v2\/users\/2"}],"replies":[{"embeddable":true,"href":"https:\/\/www.europesays.com\/es\/wp-json\/wp\/v2\/comments?post=300021"}],"version-history":[{"count":0,"href":"https:\/\/www.europesays.com\/es\/wp-json\/wp\/v2\/posts\/300021\/revisions"}],"wp:featuredmedia":[{"embeddable":true,"href":"https:\/\/www.europesays.com\/es\/wp-json\/wp\/v2\/media\/300022"}],"wp:attachment":[{"href":"https:\/\/www.europesays.com\/es\/wp-json\/wp\/v2\/media?parent=300021"}],"wp:term":[{"taxonomy":"category","embeddable":true,"href":"https:\/\/www.europesays.com\/es\/wp-json\/wp\/v2\/categories?post=300021"},{"taxonomy":"post_tag","embeddable":true,"href":"https:\/\/www.europesays.com\/es\/wp-json\/wp\/v2\/tags?post=300021"}],"curies":[{"name":"wp","href":"https:\/\/api.w.org\/{rel}","templated":true}]}}