{"id":300104,"date":"2025-12-21T18:13:12","date_gmt":"2025-12-21T18:13:12","guid":{"rendered":"https:\/\/www.europesays.com\/es\/300104\/"},"modified":"2025-12-21T18:13:12","modified_gmt":"2025-12-21T18:13:12","slug":"la-asociacion-de-empresarios-crea-una-tarjeta-regalo-para-el-comercio-local","status":"publish","type":"post","link":"https:\/\/www.europesays.com\/es\/300104\/","title":{"rendered":"La Asociaci\u00f3n de Empresarios crea una tarjeta regalo para el comercio local"},"content":{"rendered":"<p align=\"justify\">La Asociaci\u00f3n de Empresarios de Aracena, en colaboraci\u00f3n con el Ayuntamiento, Huelva Comercio y la Fundaci\u00f3n Caja Rural del Sur, ha puesto en marcha una nueva iniciativa para fomentar las compras en comercios locales. Tras la app \u2018Aracena Activa\u2019, que ya cuenta con m\u00e1s de 2000 descargas desde este verano, esta nueva propuesta es una tarjeta regalo de 30 \u00f3 50 euros que har\u00e1 las veces de monedero electr\u00f3nico para realizar compras en establecimientos adheridos a esta asociaci\u00f3n comercial.<\/p>\n<p align=\"justify\">Como explica su presidente, Juan Luis Alcaide, la tarjeta, que estar\u00e1 disponible para su adquisici\u00f3n en el Museo del Jam\u00f3n, permitir\u00e1 que su usuario pueda realizar compras en los establecimientos que formen parte de la Asociaci\u00f3n de Empresarios de Aracena y de la app \u2018Aracena Activa\u2019, de manera que se digitaliza el proceso y se dinamiza para potenciar las compras en comercios locales. <\/p>\n<p>\u201cLa tarjeta tiene una carga de 30 y de 50 euros y se podr\u00e1n gastar en cualquier comercio que est\u00e9 dentro de la aplicaci\u00f3n de \u2018Aracena Activa\u2019 y pertenezca a la Asociaci\u00f3n de Empresarios de Aracena; es un regalo para aquella gente que no sepa qu\u00e9 regalar, pues ya tiene aqu\u00ed el regalo y su saldo se puede consultar a trav\u00e9s de \u2018Aracena Activa\u2019 por medio del QR que incluye la propia tarjeta\u201d, comenta Juan Luis Alcaide. <\/p>\n<p>El alcalde, Manuel Guerra, ha felicitado a la Asociaci\u00f3n de Empresarios de Aracena por esta iniciativa: \u201cEl comercio es un elemento fundamental para la vida de Aracena y todos sabemos las dificultades a las que se enfrenta el comercio tradicional. Con esta iniciativa, la Asociaci\u00f3n de Empresarios de Aracena, con el apoyo del Ayuntamiento, pone las nuevas tecnolog\u00edas al servicio del comercio tradicional para hacerlo tambi\u00e9n m\u00e1s atractivo y m\u00e1s competitivo ante la ciudadan\u00eda\u201d.<\/p>\n<p align=\"justify\">En esta l\u00ednea, Manuel Guerra destaca la vinculaci\u00f3n de esta actividad promocional con la plataforma \u2018Aracena Activa\u2019 \u201cuna herramienta muy potente, con la que el Ayuntamiento dotaba en primer lugar al comercio, pero tambi\u00e9n al conjunto de la ciudadan\u00eda de Aracena, que tiene much\u00edsimas posibilidades. El reto ahora es aprovechar todas esas oportunidades que ofrece esta app para ponerla a favor, en este caso, del comercio, pero tambi\u00e9n de otros servicios de utilidad para la ciudadan\u00eda\u201d.<\/p>\n<p align=\"justify\">La tarjeta regalo, que se podr\u00e1 adquirir durante todo el a\u00f1o, no s\u00f3lo en Navidad, ofrece un listado de todas las empresas acogidas a esta campa\u00f1a, actualmente en torno a las 50, a trav\u00e9s del citado QR donde se puede consultar en qu\u00e9 puntos gastar su importe.<\/p>\n<p align=\"justify\">\u201cTenemos la posibilidad de regalar Aracena. Regalamos Aracena porque regalamos vida a Aracena, porque comprando en sus comercios estamos dando vida a nuestro pueblo en t\u00e9rminos de empleo, en t\u00e9rminos de actividad econ\u00f3mica, en t\u00e9rminos de dinamizaci\u00f3n social y, por tanto, es una manera no solo de agasajar a esa persona querida a la que queremos hacer un regalo, sino tambi\u00e9n colaborar con nuestra econom\u00eda local\u201d, apostilla el alcalde.<\/p>\n","protected":false},"excerpt":{"rendered":"La Asociaci\u00f3n de Empresarios de Aracena, en colaboraci\u00f3n con el Ayuntamiento, Huelva Comercio y la Fundaci\u00f3n Caja Rural&hellip;\n","protected":false},"author":2,"featured_media":300105,"comment_status":"","ping_status":"","sticky":false,"template":"","format":"standard","meta":{"footnotes":""},"categories":[8],"tags":[17,18,25,24,13,14,11,19,20,9,10,15,16,23,12,21,22],"class_list":{"0":"post-300104","1":"post","2":"type-post","3":"status-publish","4":"format-standard","5":"has-post-thumbnail","7":"category-espana","8":"tag-breaking-news","9":"tag-breakingnews","10":"tag-es","11":"tag-espana","12":"tag-featured-news","13":"tag-featurednews","14":"tag-headlines","15":"tag-latest-news","16":"tag-latestnews","17":"tag-news","18":"tag-noticias","19":"tag-noticias-destacadas","20":"tag-noticiasdestacadas","21":"tag-spain","22":"tag-titulares","23":"tag-ultimas-noticias","24":"tag-ultimasnoticias"},"share_on_mastodon":{"url":"https:\/\/pubeurope.com\/@es\/115758917594301352","error":""},"_links":{"self":[{"href":"https:\/\/www.europesays.com\/es\/wp-json\/wp\/v2\/posts\/300104","targetHints":{"allow":["GET"]}}],"collection":[{"href":"https:\/\/www.europesays.com\/es\/wp-json\/wp\/v2\/posts"}],"about":[{"href":"https:\/\/www.europesays.com\/es\/wp-json\/wp\/v2\/types\/post"}],"author":[{"embeddable":true,"href":"https:\/\/www.europesays.com\/es\/wp-json\/wp\/v2\/users\/2"}],"replies":[{"embeddable":true,"href":"https:\/\/www.europesays.com\/es\/wp-json\/wp\/v2\/comments?post=300104"}],"version-history":[{"count":0,"href":"https:\/\/www.europesays.com\/es\/wp-json\/wp\/v2\/posts\/300104\/revisions"}],"wp:featuredmedia":[{"embeddable":true,"href":"https:\/\/www.europesays.com\/es\/wp-json\/wp\/v2\/media\/300105"}],"wp:attachment":[{"href":"https:\/\/www.europesays.com\/es\/wp-json\/wp\/v2\/media?parent=300104"}],"wp:term":[{"taxonomy":"category","embeddable":true,"href":"https:\/\/www.europesays.com\/es\/wp-json\/wp\/v2\/categories?post=300104"},{"taxonomy":"post_tag","embeddable":true,"href":"https:\/\/www.europesays.com\/es\/wp-json\/wp\/v2\/tags?post=300104"}],"curies":[{"name":"wp","href":"https:\/\/api.w.org\/{rel}","templated":true}]}}