{"id":300106,"date":"2025-12-21T18:14:13","date_gmt":"2025-12-21T18:14:13","guid":{"rendered":"https:\/\/www.europesays.com\/es\/300106\/"},"modified":"2025-12-21T18:14:13","modified_gmt":"2025-12-21T18:14:13","slug":"pellegrino-matarazzo-disfruta-ya-del-sanse-y-anoeta","status":"publish","type":"post","link":"https:\/\/www.europesays.com\/es\/300106\/","title":{"rendered":"Pellegrino Matarazzo disfruta ya del Sanse y Anoeta"},"content":{"rendered":"<p data-gtm-element-container=\"modulo-texto-link\" class=\"paragraph\"><strong>Pellegrino Matarazzo<\/strong> ya est\u00e1 aqu\u00ed. Es el nuevo entrenador de la Real Sociedad y ha empezado a ejercer como tal aunque a la plantilla no la vaya a ver hasta el d\u00eda 29 que se retomen los entrenamientos. Es un hombre de f\u00fatbol y las dos primeras cosas que ha querido hacer en Donostia han sido visitar las instalaciones de Zubieta donde trabajar\u00e1 a diario, y luego ver en directo al Sanse en un Anoeta que tambi\u00e9n quer\u00eda conocer.<\/p>\n<p>                <img loading=\"lazy\" decoding=\"async\" data-full-src=\"https:\/\/www.mundodeportivo.com\/uploads\/2025\/12\/21\/694812c22482b.jpeg\" alt=\"Horizontal\" width=\"449\" height=\"303\" src=\"https:\/\/www.europesays.com\/es\/wp-content\/uploads\/2025\/12\/694812c22482b.jpeg\" class=\"lazy\"\/><\/p>\n<p class=\"caption-title \">Futbol segunda division estadio de Anoeta Sanse Ceuta Jokin Aperribay presidente Pellegrino Matarazzo<\/p>\n<p>                    Luis M. Unciti \/ Propias<\/p>\n<p>                <img loading=\"lazy\" decoding=\"async\" data-full-src=\"https:\/\/www.mundodeportivo.com\/uploads\/2025\/12\/21\/694818b970fa0.jpeg\" alt=\"Horizontal\" width=\"449\" height=\"300\" src=\"https:\/\/www.europesays.com\/es\/wp-content\/uploads\/2025\/12\/694818b970fa0.jpeg\" class=\"lazy\"\/><\/p>\n<p class=\"caption-title \">Futbol segunda division estadio de Anoeta Sanse Ceuta Erick Bretos Pellegrino Matarazzo<\/p>\n<p>                    Luis M. Unciti \/ Propias<\/p>\n<p>                <img loading=\"lazy\" decoding=\"async\" data-full-src=\"https:\/\/www.mundodeportivo.com\/uploads\/2025\/12\/21\/694812beed095.jpeg\" alt=\"Horizontal\" width=\"449\" height=\"284\" src=\"https:\/\/www.europesays.com\/es\/wp-content\/uploads\/2025\/12\/694812beed095.jpeg\" class=\"lazy\"\/><\/p>\n<p class=\"caption-title \">Futbol segunda division estadio de Anoeta Sanse Ceuta Jokin Aperribay presidente Pellegrino Matarazzo<\/p>\n<p>                    Luis M. Unciti \/ Propias<\/p>\n<p data-gtm-element-container=\"modulo-texto-link\" class=\"paragraph\">Acompa\u00f1ado por <strong>Jokin Aperribay<\/strong> en el palco del estadio txuri urdin, se deleit\u00f3 tanto con el hogar realista como con los primeros minutos de juego del filial y el gol de <strong>\u00c1lex Marchal<\/strong>, a pase de <strong>Mariezkurrena<\/strong>. Un golazo. Ya se sabe c\u00f3mo son los amores a primera vista. Quiz\u00e1 se acuerde de \u00e9l en unos d\u00edas. En cualquier caso, primera toma de contacto con la Real Sociedad, realizada. Comenz\u00f3 la era <strong>Matarazzo <\/strong>en la Real. Matem\u00e1tica y f\u00fatbol.<\/p>\n<p data-gtm-element-container=\"modulo-texto-link\" class=\"paragraph\"><strong>Nuevos analistas<\/strong><\/p>\n<p data-gtm-element-container=\"modulo-texto-link\" class=\"paragraph\">El Sanse tuvo nuevo entrenador y nuevos analistas para el partido. <strong>Jon Gorrotxategi <\/strong>se estren\u00f3 como primer entrenador en Segunda, y <strong>Ion Ansotegi <\/strong>e <strong>Imanol Agirretxe <\/strong>vivieron el duelo desde la cabina de analistas donde habitualmente est\u00e1 <strong>Gorrotxategi<\/strong>. Lo vivieron con tensi\u00f3n y nerviosismo, desde otro punto de vista antes de retomar el mando.<\/p>\n","protected":false},"excerpt":{"rendered":"Pellegrino Matarazzo ya est\u00e1 aqu\u00ed. Es el nuevo entrenador de la Real Sociedad y ha empezado a ejercer&hellip;\n","protected":false},"author":2,"featured_media":300107,"comment_status":"","ping_status":"","sticky":false,"template":"","format":"standard","meta":{"footnotes":""},"categories":[5],"tags":[17,18,25,24,13,14,11,19,20,9,10,15,16,23,12,21,22],"class_list":{"0":"post-300106","1":"post","2":"type-post","3":"status-publish","4":"format-standard","5":"has-post-thumbnail","7":"category-titulares","8":"tag-breaking-news","9":"tag-breakingnews","10":"tag-es","11":"tag-espana","12":"tag-featured-news","13":"tag-featurednews","14":"tag-headlines","15":"tag-latest-news","16":"tag-latestnews","17":"tag-news","18":"tag-noticias","19":"tag-noticias-destacadas","20":"tag-noticiasdestacadas","21":"tag-spain","22":"tag-titulares","23":"tag-ultimas-noticias","24":"tag-ultimasnoticias"},"share_on_mastodon":{"url":"https:\/\/pubeurope.com\/@es\/115758921799175754","error":""},"_links":{"self":[{"href":"https:\/\/www.europesays.com\/es\/wp-json\/wp\/v2\/posts\/300106","targetHints":{"allow":["GET"]}}],"collection":[{"href":"https:\/\/www.europesays.com\/es\/wp-json\/wp\/v2\/posts"}],"about":[{"href":"https:\/\/www.europesays.com\/es\/wp-json\/wp\/v2\/types\/post"}],"author":[{"embeddable":true,"href":"https:\/\/www.europesays.com\/es\/wp-json\/wp\/v2\/users\/2"}],"replies":[{"embeddable":true,"href":"https:\/\/www.europesays.com\/es\/wp-json\/wp\/v2\/comments?post=300106"}],"version-history":[{"count":0,"href":"https:\/\/www.europesays.com\/es\/wp-json\/wp\/v2\/posts\/300106\/revisions"}],"wp:featuredmedia":[{"embeddable":true,"href":"https:\/\/www.europesays.com\/es\/wp-json\/wp\/v2\/media\/300107"}],"wp:attachment":[{"href":"https:\/\/www.europesays.com\/es\/wp-json\/wp\/v2\/media?parent=300106"}],"wp:term":[{"taxonomy":"category","embeddable":true,"href":"https:\/\/www.europesays.com\/es\/wp-json\/wp\/v2\/categories?post=300106"},{"taxonomy":"post_tag","embeddable":true,"href":"https:\/\/www.europesays.com\/es\/wp-json\/wp\/v2\/tags?post=300106"}],"curies":[{"name":"wp","href":"https:\/\/api.w.org\/{rel}","templated":true}]}}