{"id":300108,"date":"2025-12-21T18:20:10","date_gmt":"2025-12-21T18:20:10","guid":{"rendered":"https:\/\/www.europesays.com\/es\/300108\/"},"modified":"2025-12-21T18:20:10","modified_gmt":"2025-12-21T18:20:10","slug":"el-equipo-es-mi-segundo-bebe","status":"publish","type":"post","link":"https:\/\/www.europesays.com\/es\/300108\/","title":{"rendered":"El equipo es mi segundo beb\u00e9"},"content":{"rendered":"<p data-mrf-recirculation=\"Links P\u00e1rrafos\" class=\"ue-c-article__paragraph paragraph xai-icon-container ue-c-article--first-letter-highlighted\">Marc <strong>Madiot <\/strong>deja el cargo de director general de Groupama-FDJ, el equipo que fund\u00f3 en 1997 bajo el nombre de<strong> La Fran\u00e7aise des Jeux. <\/strong>A sus 67 a\u00f1os, el veterano dirigente ha decidido dar un paso al costado. \u00abEra hora de recargar energ\u00edas, abrir nuevas puertas y avanzar. Cumplir\u00e9 67 a\u00f1os en abril. Creo que es hora de mirar hacia el futuro. Ahora es el momento\u00bb, afirm\u00f3 en una entrevista con <strong>AFP y L&#8217;Equipe.<\/strong><\/p>\n<p>La transici\u00f3n se har\u00e1 efectiva en abril, con Thierry Cornec tomando el relevo como nuevo director general. No obstante, Madiot seguir\u00e1 vinculado al equipo, participando en el desarrollo con los socios y defendiendo los valores que ha promovido durante todos estos a\u00f1os. \u00abMi ambici\u00f3n es que el equipo me sobreviva\u00bb, asegur\u00f3 Madiot, quien no esconde su afecto por la escuadra que ha guiado a trav\u00e9s de tantas etapas. <strong>\u00abEl equipo es mi segundo hijo. Lo amo, todav\u00eda quiero cuidarlo, pero s\u00e9 que est\u00e1 creciendo y que ya es adulto, que necesita desplegar sus alas\u00bb, agreg\u00f3.<\/strong><\/p>\n<p>El retiro de Madiot marca el fin de una era en FDJ, que en sus manos ha crecido y conquistado grandes logros. Con su salida, se cierra un ciclo de 29 a\u00f1os de liderazgo, pero su legado sigue presente en la esencia del equipo. Madiot no es el \u00fanico t\u00e9cnico veterano en retirarse este a\u00f1o: <strong>Patrick Lefevere dej\u00f3 Soudal Quick-Step en 2024, mientras que Jean-Ren\u00e9 Bernaudeau tambi\u00e9n dar\u00e1 un paso atr\u00e1s en TotalEnergies en 2025.<\/strong><\/p>\n","protected":false},"excerpt":{"rendered":"Marc Madiot deja el cargo de director general de Groupama-FDJ, el equipo que fund\u00f3 en 1997 bajo el&hellip;\n","protected":false},"author":2,"featured_media":300109,"comment_status":"","ping_status":"","sticky":false,"template":"","format":"standard","meta":{"footnotes":""},"categories":[273],"tags":[313,312,168,25,24,23,167],"class_list":{"0":"post-300108","1":"post","2":"type-post","3":"status-publish","4":"format-standard","5":"has-post-thumbnail","7":"category-ciclismo","8":"tag-ciclismo","9":"tag-cycling","10":"tag-deportes","11":"tag-es","12":"tag-espana","13":"tag-spain","14":"tag-sports"},"share_on_mastodon":{"url":"https:\/\/pubeurope.com\/@es\/115758944940307151","error":""},"_links":{"self":[{"href":"https:\/\/www.europesays.com\/es\/wp-json\/wp\/v2\/posts\/300108","targetHints":{"allow":["GET"]}}],"collection":[{"href":"https:\/\/www.europesays.com\/es\/wp-json\/wp\/v2\/posts"}],"about":[{"href":"https:\/\/www.europesays.com\/es\/wp-json\/wp\/v2\/types\/post"}],"author":[{"embeddable":true,"href":"https:\/\/www.europesays.com\/es\/wp-json\/wp\/v2\/users\/2"}],"replies":[{"embeddable":true,"href":"https:\/\/www.europesays.com\/es\/wp-json\/wp\/v2\/comments?post=300108"}],"version-history":[{"count":0,"href":"https:\/\/www.europesays.com\/es\/wp-json\/wp\/v2\/posts\/300108\/revisions"}],"wp:featuredmedia":[{"embeddable":true,"href":"https:\/\/www.europesays.com\/es\/wp-json\/wp\/v2\/media\/300109"}],"wp:attachment":[{"href":"https:\/\/www.europesays.com\/es\/wp-json\/wp\/v2\/media?parent=300108"}],"wp:term":[{"taxonomy":"category","embeddable":true,"href":"https:\/\/www.europesays.com\/es\/wp-json\/wp\/v2\/categories?post=300108"},{"taxonomy":"post_tag","embeddable":true,"href":"https:\/\/www.europesays.com\/es\/wp-json\/wp\/v2\/tags?post=300108"}],"curies":[{"name":"wp","href":"https:\/\/api.w.org\/{rel}","templated":true}]}}