{"id":30011,"date":"2025-08-06T18:34:15","date_gmt":"2025-08-06T18:34:15","guid":{"rendered":"https:\/\/www.europesays.com\/es\/30011\/"},"modified":"2025-08-06T18:34:15","modified_gmt":"2025-08-06T18:34:15","slug":"no-es-cuestion-de-vanidad","status":"publish","type":"post","link":"https:\/\/www.europesays.com\/es\/30011\/","title":{"rendered":"No es cuesti\u00f3n de vanidad"},"content":{"rendered":"<p id=\"eRcYxzgJAX\" data-wc=\"112\">Alessandro Lequio ha vuelto a acaparar titulares. A sus 65 a\u00f1os, el colaborador televisivo ha generado conversaci\u00f3n con unas im\u00e1genes captadas durante sus vacaciones en Galicia, donde se le ha visto en traje de ba\u00f1o mostrando una forma f\u00edsica envidiable. Sin embargo, \u00e9l ha querido dejar muy claro que no se trata de una cuesti\u00f3n est\u00e9tica, sino de una decisi\u00f3n profundamente personal. \u201c<strong data-end=\"1646\" data-start=\"1406\">A mi edad, estar en forma no es una cuesti\u00f3n de vanidad, es una cuesti\u00f3n de salud, de respeto por uno mismo. No se trata de lucir un cuerpo perfecto, sino de tener un cuerpo que me permita seguir viviendo con energ\u00eda, dignidad y alegr\u00eda<\/strong>\u201d, ha declarado con total claridad.<\/p>\n<p> <img src=\"https:\/\/www.europesays.com\/es\/wp-content\/uploads\/2025\/08\/c8555ef80ae7-a-mi-edad-estar-en-forma-no-es-una-cuestin-de-vanidad-es-una-cuestin-de-sal.jpg\"   width=\"768\" height=\"1024\" loading=\"lazy\" decoding=\"async\" alt=\"Media Image\" fetchpriority=\"auto\" class=\"image ho-image\"\/>\u00a9 alessandrolequiosr<\/p>\n<p id=\"e3i0x8CuMNL\" data-wc=\"63\">Con estas palabras, Lequio pone en valor el ejercicio f\u00edsico como un pilar fundamental en su d\u00eda a d\u00eda. No busca halagos ni titulares, sino coherencia y bienestar. En una reflexi\u00f3n sincera y transparente, a\u00f1ad\u00eda: \u201c<strong data-end=\"2052\" data-start=\"1899\">Cuidarse no es un capricho, es una forma de agradecerle al cuerpo todo lo que ha hecho por nosotros\u2026 Y prepararlo para lo que todav\u00eda queda por vivir<\/strong>\u201d.<\/p>\n<p> <img src=\"https:\/\/www.europesays.com\/es\/wp-content\/uploads\/2025\/08\/0bd4e9d02315-galifornia-alessforever-lequiocity.jpg\"   width=\"819\" height=\"1024\" loading=\"lazy\" decoding=\"async\" alt=\"Media Image\" fetchpriority=\"auto\" class=\"image ho-image\"\/>\u00a9 alessandrolequiosr<\/p>\n<p id=\"ecFPOTOL2a7\" data-wc=\"109\">El colaborador de televisi\u00f3n, que desde hace a\u00f1os forma parte del elenco de programas como Vamos a ver, comparti\u00f3 estas reflexiones tras conocerse las im\u00e1genes veraniegas en las que aparece en ba\u00f1ador durante sus d\u00edas de descanso. En ellas se le ve disfrutando del mar junto a su hija peque\u00f1a, Ginevra Ena, fruto de su matrimonio con Mar\u00eda Palacios, y con quien pasa buena parte de su tiempo estival en tierras gallegas. Cuando en el plat\u00f3 se insinu\u00f3 que aquellas fotos podr\u00edan haber sido pactadas, Lequio no dud\u00f3 en responder con iron\u00eda pero tambi\u00e9n con contundencia: \u201c<strong data-end=\"2714\" data-start=\"2633\">No, Carmen. No es un posado pactado, alguien deber\u00eda una disculpa como m\u00ednimo<\/strong>\u201d.<\/p>\n<p> <img src=\"https:\/\/www.europesays.com\/es\/wp-content\/uploads\/2025\/08\/62e7a0cc12fc-h.jpg\"   width=\"819\" height=\"1024\" loading=\"lazy\" decoding=\"async\" alt=\"Media Image\" fetchpriority=\"auto\" class=\"image ho-image\"\/>\u00a9 alessandrolequiosr<\/p>\n<p id=\"eylZ9mD-Lqi\" data-wc=\"71\">Sus compa\u00f1eros no tardaron en bromear con el asunto. \u201c<strong data-end=\"2894\" data-start=\"2774\">Est\u00e1 para mojar pan, pero lo de los oblicuos lo tengo que ver yo en el mes de septiembre, si no lo veo no me lo creo<\/strong>\u201d, dec\u00eda Carmen Borrego entre risas. Y, en tono m\u00e1s serio, Adriana Dorronsoro zanjaba el debate: \u201c<strong data-end=\"3034\" data-start=\"2992\">Lequio tiene esos oblicuos todo el a\u00f1o<\/strong>\u201d. Esa afirmaci\u00f3n no sorprende, teniendo en cuenta el estilo de vida que lleva.\u00a0<\/p>\n<p> <img src=\"https:\/\/www.europesays.com\/es\/wp-content\/uploads\/2025\/08\/978581d089ca-dlu462879005pixelada.jpg\"   width=\"1024\" height=\"682\" loading=\"lazy\" decoding=\"async\" alt=\"Media Image\" fetchpriority=\"auto\" class=\"image ho-image\"\/>\u00a9 GTRES<\/p>\n<p id=\"eTnBuQOE92b\" data-wc=\"28\">Seg\u00fan contaba Pepe del Real en plat\u00f3, el italiano sigue una rutina marcada por la disciplina: \u201c<strong data-end=\"3283\" data-start=\"3212\">Sigue una dieta estricta, madruga para hacer ejercicio y hace ayuno<\/strong>\u201d, aseguraba.<\/p>\n<p> <img src=\"https:\/\/www.europesays.com\/es\/wp-content\/uploads\/2025\/08\/27f882deaa05-dlu462879036.jpg\"   width=\"1024\" height=\"682\" loading=\"lazy\" decoding=\"async\" alt=\"Media Image\" fetchpriority=\"auto\" class=\"image ho-image\"\/>\u00a9 GTRES<\/p>\n<p id=\"eh7bkzFTobpt\" data-wc=\"50\">Una rutina que, sin duda, da sus frutos. Ya en anteriores ocasiones, Lequio ha dejado claro que su compromiso con el deporte viene de lejos. En su juventud, fue campe\u00f3n de Europa de k\u00e1rate, y a d\u00eda de hoy sigue manteniendo una forma f\u00edsica que pocos esperaban a su edad.\u00a0<\/p>\n<p> <img src=\"https:\/\/www.europesays.com\/es\/wp-content\/uploads\/2025\/08\/66b5a0d2956d-44876230312795154330222665857758072419675822n.jpg\"   width=\"818\" height=\"1024\" loading=\"lazy\" decoding=\"async\" alt=\"Ena, en una clase de artes marciales\" fetchpriority=\"auto\" class=\"image ho-image\"\/>\u00a9 alessandrolequiosr<\/p>\n<p id=\"ehM2bVNh6Y\" data-wc=\"66\">Durante una aparici\u00f3n anterior en el programa La vida sin filtros, lleg\u00f3 a hacer <strong data-end=\"3697\" data-start=\"3657\">50 flexiones en menos de 30 segundos<\/strong>, con americana puesta y el torso desnudo, como prueba de que no hay trampa ni cart\u00f3n. Y, como \u00e9l mismo ha explicado, esa energ\u00eda viene de un lugar muy claro: de su deseo de vivir bien y de cuidarse para lo que queda por delante.\u00a0<\/p>\n<p> <img src=\"https:\/\/www.europesays.com\/es\/wp-content\/uploads\/2025\/08\/f8984d5383ec-vida-sana-alessforever-lequiocity-1.jpg\"   width=\"819\" height=\"1024\" loading=\"lazy\" decoding=\"async\" alt=\"Media Image\" fetchpriority=\"auto\" class=\"image ho-image\"\/>\u00a9 alessandrolequiosr<\/p>\n","protected":false},"excerpt":{"rendered":"Alessandro Lequio ha vuelto a acaparar titulares. A sus 65 a\u00f1os, el colaborador televisivo ha generado conversaci\u00f3n con&hellip;\n","protected":false},"author":2,"featured_media":30012,"comment_status":"","ping_status":"","sticky":false,"template":"","format":"standard","meta":{"footnotes":""},"categories":[174],"tags":[15907,517,15908,255,873,146,147,25,24,256,12553,23],"class_list":{"0":"post-30011","1":"post","2":"type-post","3":"status-publish","4":"format-standard","5":"has-post-thumbnail","7":"category-famosos","8":"tag-abdominales","9":"tag-actualidad","10":"tag-alessandro-lequio","11":"tag-celebrities","12":"tag-cuerpo","13":"tag-entertainment","14":"tag-entretenimiento","15":"tag-es","16":"tag-espana","17":"tag-famosos","18":"tag-mas-noticias","19":"tag-spain"},"share_on_mastodon":{"url":"","error":""},"_links":{"self":[{"href":"https:\/\/www.europesays.com\/es\/wp-json\/wp\/v2\/posts\/30011","targetHints":{"allow":["GET"]}}],"collection":[{"href":"https:\/\/www.europesays.com\/es\/wp-json\/wp\/v2\/posts"}],"about":[{"href":"https:\/\/www.europesays.com\/es\/wp-json\/wp\/v2\/types\/post"}],"author":[{"embeddable":true,"href":"https:\/\/www.europesays.com\/es\/wp-json\/wp\/v2\/users\/2"}],"replies":[{"embeddable":true,"href":"https:\/\/www.europesays.com\/es\/wp-json\/wp\/v2\/comments?post=30011"}],"version-history":[{"count":0,"href":"https:\/\/www.europesays.com\/es\/wp-json\/wp\/v2\/posts\/30011\/revisions"}],"wp:featuredmedia":[{"embeddable":true,"href":"https:\/\/www.europesays.com\/es\/wp-json\/wp\/v2\/media\/30012"}],"wp:attachment":[{"href":"https:\/\/www.europesays.com\/es\/wp-json\/wp\/v2\/media?parent=30011"}],"wp:term":[{"taxonomy":"category","embeddable":true,"href":"https:\/\/www.europesays.com\/es\/wp-json\/wp\/v2\/categories?post=30011"},{"taxonomy":"post_tag","embeddable":true,"href":"https:\/\/www.europesays.com\/es\/wp-json\/wp\/v2\/tags?post=30011"}],"curies":[{"name":"wp","href":"https:\/\/api.w.org\/{rel}","templated":true}]}}