{"id":300128,"date":"2025-12-21T18:33:10","date_gmt":"2025-12-21T18:33:10","guid":{"rendered":"https:\/\/www.europesays.com\/es\/300128\/"},"modified":"2025-12-21T18:33:10","modified_gmt":"2025-12-21T18:33:10","slug":"el-honor-magic8-mini-al-descubierto-revelando-sus-principales-caracteristicas-smartphones-smartlife","status":"publish","type":"post","link":"https:\/\/www.europesays.com\/es\/300128\/","title":{"rendered":"El HONOR Magic8 Mini al descubierto, revelando sus principales caracter\u00edsticas | Smartphones | Smartlife"},"content":{"rendered":"<p class=\"\">A principios de este mes, el fabricante asi\u00e1tico present\u00f3 el <a href=\"https:\/\/cincodias.elpais.com\/smartlife\/smartphones\/2025-12-01\/el-honor-magic-8-pro-ya-se-puede-reservar-en-espana-asi-es-el-nuevo-buque-insignia-de-la-firma.html\" target=\"_self\" rel=\"nofollow noopener\" title=\"https:\/\/cincodias.elpais.com\/smartlife\/smartphones\/2025-12-01\/el-honor-magic-8-pro-ya-se-puede-reservar-en-espana-asi-es-el-nuevo-buque-insignia-de-la-firma.html\">Honor Magic8 Pro<\/a>, su actual buque insignia. <b>Y todo apunta a que el Honor Magic 8 Mini est\u00e1 a la vuelta de la esquina.<\/b> Y ya conocemos sus principales especificaciones.<\/p>\n<p class=\"\">La informaci\u00f3n procede de una publicaci\u00f3n en Weibo del conocido filtrador Digital Chat Station, una fuente habitual cuando se trata de adelantar movimientos de los grandes fabricantes asi\u00e1ticos,por lo que podemos dar bastante veracidad a su publicaci\u00f3n.<\/p>\n<p>As\u00ed ser\u00e1 el Honor Magic8 Mini<\/p>\n<p class=\"\"> Seg\u00fan esta filtraci\u00f3n, <b>el Honor Magic8 Mini se desarrolla internamente bajo el nombre en clave Lindy<\/b> y est\u00e1 pr\u00e1cticamente listo para entrar en fase final de producci\u00f3n, lo que apunta a un lanzamiento no demasiado lejano.<\/p>\n<p><img decoding=\"auto\" class=\"_re lazyload a_m-h\" height=\"226\"  width=\"414\"  src=\"https:\/\/www.europesays.com\/es\/wp-content\/uploads\/2025\/12\/ARL4IQUZDZBT5FQLXXPG6ACD3U.jpg\" loading=\"lazy\"\/>Honor Magic 8 ProHonor <\/p>\n<p class=\"\">Respecto al dise\u00f1o, la filtraci\u00f3n habla de un marco central met\u00e1lico. Pero en l\u00edneas generales veremos un tel\u00e9fono<b> muy parecido a nivel est\u00e9tico respecto a sus hermanos mayores, los <\/b>Honor Magic8 y Magic8 Pro<b>.<\/b><\/p>\n<p class=\"\">A esto se suma la presencia de un sensor de huellas ultras\u00f3nico bajo la pantalla. En cuanto a colores, el Honor Magic8 Mini llegar\u00e1 en feather white, shadow black, light orange y fairy purple,<\/p>\n<p class=\"\">Ademas, Digital Chat Station ha revelado casi todas las caracter\u00edsticas. de esta manera, el Honor Magic8 Mini apostar\u00e1 por un<b> panel plano de 6,3 pulgadas, para ofrecer un equipo potente<\/b>, y compacto. Adem\u00e1s, ser\u00e1 un panel OLED con sensor ultras\u00f3nico bajo la pantalla. <\/p>\n<p class=\"\">Sin duda, un tel\u00e9fono que ofrecer\u00e1 un gran apartado multimedia, y donde no faltar\u00e1 soporte HDR y posiblemente altavoces con sonido envolvente para disfrutar de la mejor calidad a la hora de ver pel\u00edculas y series.<\/p>\n<p><img alt=\"Colores del tel\u00e9fono HONOR Magic V5\" decoding=\"auto\" class=\"_re lazyload a_m-h\" height=\"260\"  width=\"414\"  src=\"https:\/\/www.europesays.com\/es\/wp-content\/uploads\/2025\/12\/Q3OKP5PJGJC3FP22RKACCSVINA.jpg\" loading=\"lazy\"\/>Colores del HONOR Magic V5HONOR <\/p>\n<p class=\"\">Pasando a la potencia bruta, en el interior nos encontramos con una sorpresa. En lugar de recurrir a un procesador Qualcomm, como ocurre con los Honor Magic8 y Magic8 Pro, este modelo contar\u00e1 con el <b>MediaTek Dimensity 9500<\/b>. Una elecci\u00f3n inteligente para abaratar costes. A\u00fan as\u00ed, es un chip de gama alta que promete rendimiento a la altura. \u00bfLa RAM y el almacenamiento? Un misterio.<\/p>\n<p class=\"\"> Aunque esta \u00faltima filtraci\u00f3n no entra en todos los detalles t\u00e9cnicos, rumores anteriores ya hab\u00edan adelantado algunas cifras interesantes. Se habla de una una bater\u00eda de alrededor de 5.500 mAh y un grosor inferior a los 7 mil\u00edmetros<\/p>\n<p>Disponibilidad y precio<\/p>\n<p class=\"\">Todo apunta a que el Honor Magic8 Mini ver\u00e1 la luz en alg\u00fan momento de 2026, completando una familia Magic8 que ya cuenta con modelos est\u00e1ndar, Pro y Lite.<\/p>\n","protected":false},"excerpt":{"rendered":"A principios de este mes, el fabricante asi\u00e1tico present\u00f3 el Honor Magic8 Pro, su actual buque insignia. Y&hellip;\n","protected":false},"author":2,"featured_media":300129,"comment_status":"","ping_status":"","sticky":false,"template":"","format":"standard","meta":{"footnotes":""},"categories":[81],"tags":[119,123,124,2308,25,24,30875,117,121,122,23,118,120,2307],"class_list":{"0":"post-300128","1":"post","2":"type-post","3":"status-publish","4":"format-standard","5":"has-post-thumbnail","7":"category-ciencia-y-tecnologia","8":"tag-ciencia","9":"tag-ciencia-y-tecnologia","10":"tag-cienciaytecnologia","11":"tag-empresas","12":"tag-es","13":"tag-espana","14":"tag-huawei-honor","15":"tag-science","16":"tag-science-and-technology","17":"tag-scienceandtechnology","18":"tag-spain","19":"tag-technology","20":"tag-tecnologia","21":"tag-telefonia"},"share_on_mastodon":{"url":"https:\/\/pubeurope.com\/@es\/115758996329128386","error":""},"_links":{"self":[{"href":"https:\/\/www.europesays.com\/es\/wp-json\/wp\/v2\/posts\/300128","targetHints":{"allow":["GET"]}}],"collection":[{"href":"https:\/\/www.europesays.com\/es\/wp-json\/wp\/v2\/posts"}],"about":[{"href":"https:\/\/www.europesays.com\/es\/wp-json\/wp\/v2\/types\/post"}],"author":[{"embeddable":true,"href":"https:\/\/www.europesays.com\/es\/wp-json\/wp\/v2\/users\/2"}],"replies":[{"embeddable":true,"href":"https:\/\/www.europesays.com\/es\/wp-json\/wp\/v2\/comments?post=300128"}],"version-history":[{"count":0,"href":"https:\/\/www.europesays.com\/es\/wp-json\/wp\/v2\/posts\/300128\/revisions"}],"wp:featuredmedia":[{"embeddable":true,"href":"https:\/\/www.europesays.com\/es\/wp-json\/wp\/v2\/media\/300129"}],"wp:attachment":[{"href":"https:\/\/www.europesays.com\/es\/wp-json\/wp\/v2\/media?parent=300128"}],"wp:term":[{"taxonomy":"category","embeddable":true,"href":"https:\/\/www.europesays.com\/es\/wp-json\/wp\/v2\/categories?post=300128"},{"taxonomy":"post_tag","embeddable":true,"href":"https:\/\/www.europesays.com\/es\/wp-json\/wp\/v2\/tags?post=300128"}],"curies":[{"name":"wp","href":"https:\/\/api.w.org\/{rel}","templated":true}]}}