{"id":300134,"date":"2025-12-21T18:36:13","date_gmt":"2025-12-21T18:36:13","guid":{"rendered":"https:\/\/www.europesays.com\/es\/300134\/"},"modified":"2025-12-21T18:36:13","modified_gmt":"2025-12-21T18:36:13","slug":"don-benito-el-municipio-extremeno-que-adelanta-el-resultado-de-las-elecciones-de-extremadura-telecinco","status":"publish","type":"post","link":"https:\/\/www.europesays.com\/es\/300134\/","title":{"rendered":"Don Benito, el municipio extreme\u00f1o que adelanta el resultado de las elecciones de Extremadura &#8211; Telecinco"},"content":{"rendered":"<ol>\n<li><a href=\"https:\/\/news.google.com\/rss\/articles\/CBMi3gFBVV95cUxQeXp2YnBvSkNJdEJMdkxHSHUzVXBHNFF6eWxnWXJMV1M4TzVzdGx1M2F0NW5xd3ZORmJpZlg5MUczTE0zTVFLcE9BUDB5dks0a1ZJQ0FXYzFYUDN1TllBYmlUcVZYRFp3OHZFZ1dEei1rVXp5RHZFdXdxTU0xUGlWei1OdEFrMlBPZHA4TnNBcWdsRVVTSzM0LTRPVGZKMGFQczEwVUMzSGZJbnEwaGdmekZ2bVBaSlJVbVdoNjNzbVYyQlJ1YnlvWXFNd0cybTR2WGNXZnRkMzBfTU5udlE?oc=5\" target=\"_blank\" rel=\"nofollow noopener\">Don Benito, el municipio extreme\u00f1o que adelanta el resultado de las elecciones de Extremadura<\/a>&nbsp;&nbsp;Telecinco<\/li>\n<li><a href=\"https:\/\/news.google.com\/rss\/articles\/CBMivwFBVV95cUxPcHI0c3ZpNUp0MWJPLUtBeVlZNEJvNEJaWnZTZkxsLUlpdW5QYVhOcDN2M1NhZ0Y5RnF4bk5pNWlaOXpuaTAzWFc4aE44QnVYRVZfVlREaDBpTGM5ZDZyeTFkUDJ2MUlFR3d1VDI0LWdLYV9Ea3h6WnFwOHhfcXRxdExjdjc5NXlGRHRVNm16eklSbUlscEJ5UUp3R2RiQlkycW9HcVJPUUxqY2pDMXktdW5kdFJYR0ZCZUZxV0pHMA?oc=5\" target=\"_blank\" rel=\"nofollow noopener\">El municipio que anticipa qui\u00e9n ser\u00e1 el ganador de las elecciones en Extremadura: el pueblo conocido como el &#8216;Ohio&#8217; extreme\u00f1o<\/a>&nbsp;&nbsp;ABC<\/li>\n<li><a href=\"https:\/\/news.google.com\/rss\/articles\/CBMivgFBVV95cUxPSXI5dl9rVUZaU2x6VkJaOUszajVjLVpnQWg3VWxRcVZRRVBWcmxZa0NxVS1SSk82WGdPam9FQk9xS3JZbGM0cmNZY1hDSnZlem9lNzYwNFdHQ19NZnI2M1k5UVo3ZUpHd1lCQnBxZ1AwMjd6LUFaNTRhTGpmLVhabURuX3hTcG1sRThaYUlvMVZJZEllSFVaTkc1N0ZRZ3puSzI5dlJVdXlxd21sX3VrZ0NNRWVPZ3V4TmdDZFN30gHDAUFVX3lxTE5MeE81SWhWV05SM0tyQzNKX25YSTl4WjdOWnM2bTlfbmliUkVjcmcxNk9LVVgtNWF5VVpEcm1FaVJGLTlKMW51Y2hXSFdZeTZJYjBSQ29qYnRXUGdPQ3dIMDZkQWZIVU84bnZXRWRqSlBSQnFtT3dzN1VLQ1puTGd3XzlOcThaYTI0ZGtqOW5rQTluRFpxNnUtZ1Fva0YzcHU5OF82VTRBRVFmQTkwZ29mazdDTlJmZ0VKYmRRM25ERllmQQ?oc=5\" target=\"_blank\" rel=\"nofollow noopener\">El &#8216;Ohio extreme\u00f1o&#8217;: este es el municipio que anticipa qui\u00e9n ganar\u00e1 las elecciones en Extremadura<\/a>&nbsp;&nbsp;20Minutos<\/li>\n<li><a href=\"https:\/\/news.google.com\/rss\/articles\/CBMi_AFBVV95cUxPbGl3aHh3bVFLbVprUE55VUdyaVBzTWFtX0FocnBHeXN2bGVpU1ViVU40ZWR6RjF2TU5sa1VwWmI3UTVjeE0xYVBoRkU0bGxKZldieGRpMnBLRktoZTU2ZzhLdkxMeFpISmdoS0xqZ2JtVm1mYVg4VE1RNG00aVhmVUMwa3FpdVhpY2V6UC13dDVjYk1kbC1XWERMZnkyeHBVeUlrZDk0dVBTS1JlT0VIZ2p6YXY2Yk5uQU5jNVhuZ1dVUktOWmNNTHJsd1F0NWJtbFV5UDltSjhvOW5lenlQbWtndUUzc2tVSWRSWnVEcUE2Vk1wZF9UTjJBaUnSAfwBQVVfeXFMTzZXVGY3dHNDLUNBNkM4TExELXFHVlV1Y2N5bk52ZkQyZGFvLVZIbUswS2wyVnJ3eW5oQXhJVHpBUmwySXQtTkYtc2hXVk5VUW5qWGZDb0V1QVFnc0h2dkVXLTFzODlqNUNtZEZVU0F5Y2ZhSnpfRnNjWEU2OVFobEhCYUg4X285eDBjZTQxdjQzM3JxVEQ4bjRxaExkV1NwM2pldk5WTkQzYlFTWG5RRmFjazNZZ2xwWmY2SU9pUk91V1ZYQzhJTmJfUDFSZTF0UnBfSlFBSnBKYktyLUFWN21QV21hbWxIZXBOVlVNNzlEWThWZHRwVTdwUWgw?oc=5\" target=\"_blank\" rel=\"nofollow noopener\">El &#8216;Ohio extreme\u00f1o&#8217; est\u00e1 Badajoz: el municipio que marca qui\u00e9n ganar\u00e1 las elecciones en Extremadura<\/a>&nbsp;&nbsp;Onda Cero<\/li>\n<li><a href=\"https:\/\/news.google.com\/rss\/articles\/CBMi_gFBVV95cUxPQkYtYzBfRGJsanRYdkYzRHFnWVF3eDMyU0ZOQWhkYVFxbkJuSEpfbHJRX051RmlBUFl4eVB3U1dpLUQ2YXJSVGJ1bFktTkVwaGxabnN0Z0FWUGpzZHhXUTlmZHlMMHRCNWtfTDlyd0ZONk5Nb2FXOTZKX2pvTEtkMmFWc1UtOGNaQ25HMkYtVzZjWU1oc190SVNqWXFSNFhaRGNkVnRMRXByQVpYWHhpdHlNVFZRX2lqNHMxQjZHd1ZsX0owNTIxYnRZSHFZUE5Ua25iSENId09BT0IyazZPSW1JQTlmSUI0bUp5d0E2M2Zud09TeWk3R1ltdnhUUdIB_gFBVV95cUxOV1JiX19pZlF6NnMxWGlHT3ZsTjB4OTB3WnlIaGMxMTJ6b0I5c2hpQkVWczJrSWpyTEJSdWxpeUxNS2I4M2dMcVNLWGVHOU0ya05rV2ZMa1plMnozWUtMLWNVUFlIelUzTEhtUE85bUdvTmJ2akxyb0hDUzdHSlluOGphR01IbFkwUkFRdkNOWDZMM1NsdjktWjQ5NUZBOTJDSHE5ZXBPMURSV3lKempCOXVfQmEwX0lJVWdaYlZRZkxXVGVqcTg2UXJ2ZVJzYjFYS2JZRXRWdUc4OC10em9Md2lvejlvRjk4Y1F0NGpZRkdQSndrZnV0TWFlOWMtUQ?oc=5\" target=\"_blank\" rel=\"nofollow noopener\">Don Benito, la ciudad que refleja el voto de Extremadura y que todos miran de cerca antes del recuento<\/a>&nbsp;&nbsp;LaSexta<\/li>\n<\/ol>\n","protected":false},"excerpt":{"rendered":"Don Benito, el municipio extreme\u00f1o que adelanta el resultado de las elecciones de Extremadura&nbsp;&nbsp;Telecinco El municipio que anticipa&hellip;\n","protected":false},"author":2,"featured_media":297172,"comment_status":"","ping_status":"","sticky":false,"template":"","format":"standard","meta":{"footnotes":""},"categories":[8],"tags":[17,18,25,24,13,14,11,19,20,9,10,15,16,23,12,21,22],"class_list":{"0":"post-300134","1":"post","2":"type-post","3":"status-publish","4":"format-standard","5":"has-post-thumbnail","7":"category-espana","8":"tag-breaking-news","9":"tag-breakingnews","10":"tag-es","11":"tag-espana","12":"tag-featured-news","13":"tag-featurednews","14":"tag-headlines","15":"tag-latest-news","16":"tag-latestnews","17":"tag-news","18":"tag-noticias","19":"tag-noticias-destacadas","20":"tag-noticiasdestacadas","21":"tag-spain","22":"tag-titulares","23":"tag-ultimas-noticias","24":"tag-ultimasnoticias"},"share_on_mastodon":{"url":"https:\/\/pubeurope.com\/@es\/115759008149949816","error":""},"_links":{"self":[{"href":"https:\/\/www.europesays.com\/es\/wp-json\/wp\/v2\/posts\/300134","targetHints":{"allow":["GET"]}}],"collection":[{"href":"https:\/\/www.europesays.com\/es\/wp-json\/wp\/v2\/posts"}],"about":[{"href":"https:\/\/www.europesays.com\/es\/wp-json\/wp\/v2\/types\/post"}],"author":[{"embeddable":true,"href":"https:\/\/www.europesays.com\/es\/wp-json\/wp\/v2\/users\/2"}],"replies":[{"embeddable":true,"href":"https:\/\/www.europesays.com\/es\/wp-json\/wp\/v2\/comments?post=300134"}],"version-history":[{"count":0,"href":"https:\/\/www.europesays.com\/es\/wp-json\/wp\/v2\/posts\/300134\/revisions"}],"wp:featuredmedia":[{"embeddable":true,"href":"https:\/\/www.europesays.com\/es\/wp-json\/wp\/v2\/media\/297172"}],"wp:attachment":[{"href":"https:\/\/www.europesays.com\/es\/wp-json\/wp\/v2\/media?parent=300134"}],"wp:term":[{"taxonomy":"category","embeddable":true,"href":"https:\/\/www.europesays.com\/es\/wp-json\/wp\/v2\/categories?post=300134"},{"taxonomy":"post_tag","embeddable":true,"href":"https:\/\/www.europesays.com\/es\/wp-json\/wp\/v2\/tags?post=300134"}],"curies":[{"name":"wp","href":"https:\/\/api.w.org\/{rel}","templated":true}]}}