{"id":300135,"date":"2025-12-21T18:37:19","date_gmt":"2025-12-21T18:37:19","guid":{"rendered":"https:\/\/www.europesays.com\/es\/300135\/"},"modified":"2025-12-21T18:37:19","modified_gmt":"2025-12-21T18:37:19","slug":"noticias-del-gobierno-de-santa-fe","status":"publish","type":"post","link":"https:\/\/www.europesays.com\/es\/300135\/","title":{"rendered":"Noticias del Gobierno de Santa Fe"},"content":{"rendered":"<p>El s\u00e1bado 13 de diciembre, mientras el Hospital Jaime Ferr\u00e9 iniciaba una etapa hist\u00f3rica en su nueva sede, Jorge Seno estaba al volante de una ambulancia del SIES 107. Con 25 a\u00f1os de trabajo en esa funci\u00f3n, fue parte del operativo de migraci\u00f3n que marc\u00f3 el comienzo del funcionamiento pleno del nuevo Hospital Regional de Rafaela. Ese d\u00eda traslad\u00f3 al primer paciente pedi\u00e1trico que ingres\u00f3 al nuevo edificio, en el marco de un operativo planificado por el Ministerio de Salud de la Provincia, que permiti\u00f3 garantizar la continuidad de la atenci\u00f3n.<\/p>\n<p>\u201cFue fuerte hacer ese traslado\u201d, recuerda. \u201cMientras manejaba se me ven\u00eda el recuerdo de toda la gente que estuvo trabajando, de los compa\u00f1eros que quedaron en el camino y no pudieron ver esta migraci\u00f3n\u201d, cuenta Seno, que trabaja como chofer de ambulancia desde 2001 en el hospital.<\/p>\n<p><img decoding=\"async\" alt=\"\" src=\"https:\/\/www.europesays.com\/es\/wp-content\/uploads\/2025\/12\/2025-12-21NID_284866O_2.jpeg\" style=\"width:100%\"\/><\/p>\n<p>Durante los traslados, su experiencia personal se mezcl\u00f3 con la historia reciente del sistema de salud. \u201cTuve Covid, estuve internado 14 d\u00edas en respirador en el Samco. Me contagi\u00e9 trabajando y me atendieron mis propios compa\u00f1eros. Siempre voy a estar agradecido con los m\u00e9dicos, los enfermeros y el personal de servicio que me cuidaron, porque \u00e9ramos un solo equipo luchando contra una enfermedad nueva\u201d, relata.<\/p>\n<p>La migraci\u00f3n del hospital involucr\u00f3 a m\u00e1s de 150 personas entre personal de traslados, equipos de salud, seguridad, tr\u00e1nsito y distintas \u00e1reas operativas. Desde las 8 de la ma\u00f1ana, el nuevo Hospital Regional comenz\u00f3 a funcionar con la guardia activa y la habilitaci\u00f3n de los distintos servicios, asegurando que cada traslado se realizara de manera segura y coordinada.<\/p>\n<p><img decoding=\"async\" alt=\"\" src=\"https:\/\/www.europesays.com\/es\/wp-content\/uploads\/2025\/12\/2025-12-21NID_284866O_3.jpeg\" style=\"width:100%\"\/><\/p>\n<p>\u201cEl s\u00e1bado se pudo hacer todo lo que hab\u00edamos organizado\u201d, destaca Seno, y subraya el compa\u00f1erismo como una de las claves del proceso. Actualmente, Jorge contin\u00faa prestando servicio desde el edificio hist\u00f3rico, con una ambulancia destinada a traslados de urgencia al nuevo hospital y a derivaciones a la ciudad de Santa Fe para estudios, tratamientos y controles, tanto en ambulancia como en minib\u00fas.\u00a0<\/p>\n<p>\u201cFuimos parte de algo bueno, que va a quedar en la historia de Rafaela\u201d, resume. \u201cEs el primer hospital de esta magnitud y nosotros estuvimos en la migraci\u00f3n. Somos parte de la historia del hospital viejo y tambi\u00e9n del nuevo. Son 25 a\u00f1os de trabajar en un hospital, es media vida, con sus altibajos, pero el s\u00e1bado fue algo hist\u00f3rico para Rafaela y para la regi\u00f3n\u201d.<\/p>\n<p><strong>Atenci\u00f3n desde el primer d\u00eda<\/strong><\/p>\n<p>El edificio del nuevo Hospital Regional Dr. Jaime Ferr\u00e9, en Rafaela, inaugurado el 28 de noviembre por el gobernador Maximiliano Pullaro, tras una inversi\u00f3n provincial de 60.000 millones de pesos, comenz\u00f3 a funcionar con guardia activa y servicios de alta complejidad, bajo el seguimiento del operativo por parte de la ministra de Salud, Silvia Ciancio. Hasta el viernes por la ma\u00f1ana, se atendieron 16 nacimientos, 36 cirug\u00edas; 857 adultos, 471 ni\u00f1as y ni\u00f1os consultaron en la guardia, se realizaron 213 estudios en el servicio de Diagn\u00f3stico por Im\u00e1genes y se brindaron cuidados a 144 pacientes que requirieron internaci\u00f3n.<\/p>\n<p>\u201cLa migraci\u00f3n se vivi\u00f3 con un enorme compromiso de todo el equipo y mucha emoci\u00f3n. Se trabaj\u00f3 para que el hospital estuviera operativo desde el primer d\u00eda, para dar tranquilidad a la comunidad durante este proceso, y tambi\u00e9n para garantizar la continuidad de la atenci\u00f3n en el edificio hist\u00f3rico, donde desde el lunes se siguen brindando los servicios ambulatorios como estaba previsto\u201d, destac\u00f3 la directora del efector, Natalia Weppler.<\/p>\n","protected":false},"excerpt":{"rendered":"El s\u00e1bado 13 de diciembre, mientras el Hospital Jaime Ferr\u00e9 iniciaba una etapa hist\u00f3rica en su nueva sede,&hellip;\n","protected":false},"author":2,"featured_media":300136,"comment_status":"","ping_status":"","sticky":false,"template":"","format":"standard","meta":{"footnotes":""},"categories":[5],"tags":[17,18,25,24,13,14,11,19,20,9,10,15,16,23,12,21,22],"class_list":{"0":"post-300135","1":"post","2":"type-post","3":"status-publish","4":"format-standard","5":"has-post-thumbnail","7":"category-titulares","8":"tag-breaking-news","9":"tag-breakingnews","10":"tag-es","11":"tag-espana","12":"tag-featured-news","13":"tag-featurednews","14":"tag-headlines","15":"tag-latest-news","16":"tag-latestnews","17":"tag-news","18":"tag-noticias","19":"tag-noticias-destacadas","20":"tag-noticiasdestacadas","21":"tag-spain","22":"tag-titulares","23":"tag-ultimas-noticias","24":"tag-ultimasnoticias"},"share_on_mastodon":{"url":"https:\/\/pubeurope.com\/@es\/115759012045212655","error":""},"_links":{"self":[{"href":"https:\/\/www.europesays.com\/es\/wp-json\/wp\/v2\/posts\/300135","targetHints":{"allow":["GET"]}}],"collection":[{"href":"https:\/\/www.europesays.com\/es\/wp-json\/wp\/v2\/posts"}],"about":[{"href":"https:\/\/www.europesays.com\/es\/wp-json\/wp\/v2\/types\/post"}],"author":[{"embeddable":true,"href":"https:\/\/www.europesays.com\/es\/wp-json\/wp\/v2\/users\/2"}],"replies":[{"embeddable":true,"href":"https:\/\/www.europesays.com\/es\/wp-json\/wp\/v2\/comments?post=300135"}],"version-history":[{"count":0,"href":"https:\/\/www.europesays.com\/es\/wp-json\/wp\/v2\/posts\/300135\/revisions"}],"wp:featuredmedia":[{"embeddable":true,"href":"https:\/\/www.europesays.com\/es\/wp-json\/wp\/v2\/media\/300136"}],"wp:attachment":[{"href":"https:\/\/www.europesays.com\/es\/wp-json\/wp\/v2\/media?parent=300135"}],"wp:term":[{"taxonomy":"category","embeddable":true,"href":"https:\/\/www.europesays.com\/es\/wp-json\/wp\/v2\/categories?post=300135"},{"taxonomy":"post_tag","embeddable":true,"href":"https:\/\/www.europesays.com\/es\/wp-json\/wp\/v2\/tags?post=300135"}],"curies":[{"name":"wp","href":"https:\/\/api.w.org\/{rel}","templated":true}]}}