{"id":300160,"date":"2025-12-21T18:58:12","date_gmt":"2025-12-21T18:58:12","guid":{"rendered":"https:\/\/www.europesays.com\/es\/300160\/"},"modified":"2025-12-21T18:58:12","modified_gmt":"2025-12-21T18:58:12","slug":"el-heroe-del-atentado-de-sidney-recibe-una-donacion-de-15-millones-de-euros-y-es-aplaudido-en-el-masivo-la-razon","status":"publish","type":"post","link":"https:\/\/www.europesays.com\/es\/300160\/","title":{"rendered":"El h\u00e9roe del atentado de S\u00eddney recibe una donaci\u00f3n de 1,5 millones de euros y es aplaudido en el masivo &#8211; La Raz\u00f3n"},"content":{"rendered":"<ol>\n<li><a href=\"https:\/\/news.google.com\/rss\/articles\/CBMi-AFBVV95cUxOUXBIc21lTGtnUXp2STdDNGNTbkcxSWhubDFfU0t5eldqOVpMM1lQSDVJMFVfYkxveGRzc09xU1FYWlA5dFFNRVJVR1dDZ2ptVF9pNjNZaFNNZVRPUHcwYWkyeUZjSmFrRWlSd0EyWEhLNUQ4TGRrMzA2U1dWaFhiZGRtREFaZXBrZDRiUDM5WmdlMEpLTjRsR2tQeC1qbkJCQUlQLWlHQ0xrV2twd19NRzl6Tk9BMkJlWmJHYm96TjJ4VjgwdTduVUp1LUFGU3RMZXo2UEFBQ2hscGRjLW9EaFA1YmVmcmRlbXJncXBXTHpqMnBmWkdCWdIBjAJBVV95cUxPMXZERHVaNTJKMHQ4TGU5QWJpV2VzSGFyeXZlUXczT1BCQXdvVHU5bmJ2VWwyeVl0SGh0WWtwLTNyS0dZMnUwLWlyMm5lRW5YN1ljVGxDVVY1N1FuZGdOT09aeDdXbGxoRU92RXBKd1B3Qi1Pcktyd0NTcHVCRm5hN2U3T3lVbWh6UGJCQzBKZjVBYnlaZmR4bmZpcFBoVzZFUWJIU3NVNTAzQ2JLd0trMjZYeGtQZ2tnc3NWbEQ3NXJ0SFZ3VGI4d3N4b2Y2N05sQnl0WnYtZjkxZmlKT3djWDlrNXNMbElmazl1Rzc2OFU5Y3NoRHBFbFJ3TEh5WFNzWHFhR3NOZG9CWEJ0?oc=5\" target=\"_blank\" rel=\"nofollow noopener\">El h\u00e9roe del atentado de S\u00eddney recibe una donaci\u00f3n de 1,5 millones de euros y es aplaudido en el masivo<\/a>&nbsp;&nbsp;La Raz\u00f3n<\/li>\n<li><a href=\"https:\/\/news.google.com\/rss\/articles\/CBMigwFBVV95cUxNZXZhaFJIRnBEeXBBa0YyQ0dzcnFIR0NXXzNqZWFibWFXdTRNNGNlQnR6WGdfTmhFbVo1bjNXbXAydzJlcF9idlB2d3JIVmgtRWhQU3VEdnMtdHNrdzdHMU9pQ2xFM19ldHRiY0NEeUstdUR6ZmRMcHFuOWlENGZ0WVd1Y9IBgwFBVV95cUxQNU5rNHF6QTgtalJDQmNWdEpQUFg2UENxQWVRdERNdS1XNncyNEx4XzNMMGJPdVhGUGQ5MkJPUFRDVnpCX18zbnNydl9qQVo1cVE3Nkd2cDNsczhnNUc0T25idTlEcGJxQ0YxOG1KTUZlb2lIaTlHNlZpajcxVlNheWo5UQ?oc=5\" target=\"_blank\" rel=\"nofollow noopener\">Multitudinario homenaje en honor a las v\u00edctimas una semana despu\u00e9s del atentado en Bondi Beach<\/a>&nbsp;&nbsp;El Mundo<\/li>\n<li><a href=\"https:\/\/news.google.com\/rss\/articles\/CBMigAJBVV95cUxOTTlQUmJHTnN0VUFsY25rams0aUx3RTV1MFdibjNEVERabElrLUFXa2hBUVozRnktbGVIVHA3RXBWNWhRd1NDYks5LU9GalNld2piMlY4b2F4UHJPX3Mza1ZTVm91WXVMamNHNlpxbUp4cGJTcmZkR1RYTlVTOE5EWFgyVF9hNlNKS1BvOXdzaFpDXzJIalR3N2ZrN21WVE53ODh3djRKRFdBUzlCdWdpVVA2ajVxZzdKenNJNGdwZW0talpfa1M3blNqRzJxY2NaaXAtbGsxSlFBa1c4Vnk1aVJha1EyZ2ZHOGZ5X3U0emhRcWNnaW1Cc0pod3lRV0o10gGAAkFVX3lxTE5iOXprU25jUXdsOEJNYlBVQXl4ZlpIOGNTbW9tVW9TNXpZM1FSR1FRVnZYT1o0U3MzcXZYckVjOXJ1TWRvU05IbndKNmZJUHR6cld6LXBHN213d1VTamtDcnp4ZUtnQmdKUi1tZldla2RiZGd2elYwc3dhRVcxQ2FaVU5GUFVfdldsNTVpYkRWb2k1VUlVWkk0S2hRTHBfblBSdVhBTktGSDJDTzBKNG9Uemd2a0ViYjZuTHhueWRkZmxzMlB6d3Z4X3FRRi1TeFJ6OHlNZGNXWGUzaTdJaHB0MWktYWUyUF9ZNWh3YmlSUHFvZUxKbmtqOWo0V3dtMlc?oc=5\" target=\"_blank\" rel=\"nofollow noopener\">Cientos de personas guardan un minuto de silencio en S\u00eddney en homenaje a las v\u00edctimas del atentado en Bondi<\/a>&nbsp;&nbsp;LaSexta<\/li>\n<li><a href=\"https:\/\/news.google.com\/rss\/articles\/CBMirwFBVV95cUxNODVORzJqanVjajYzSmpGQzExS3hhclIzMUNfWTlOOGpjVjBqRUJfZDJyQlJwUFNOTUpsLS1veVA5SVRaTU04UnhFT3V3c01jTXJwb0NYVkloR2xMNWZMVXZ1OVdYZUlwazN2M1lSY09VWmNoZXBiSVliNUo5aFEzWmF0QXozeV9yOUdLTlVxOExEUFBuRExmbm91U1o4al9lVUtPLUNDbFl4ZUJMVTJN?oc=5\" target=\"_blank\" rel=\"nofollow noopener\">Australia vive un d\u00eda de reflexi\u00f3n sobre el atentado antisemita en la playa de Bondi: \u00abHemos perdido la inocencia\u00bb<\/a>&nbsp;&nbsp;ABC<\/li>\n<li><a href=\"https:\/\/news.google.com\/rss\/articles\/CBMi8gFBVV95cUxON2NVVFEwN1l5bHhyazQzMVJyRnM4NGc3NzU4dFpKRDhKMm9kNlBPLW9HLWVIZEpiem9CbGtUOWZURFM2UlU3RGpyZU1sZkQ2NXBwcUtocFlpRUJzNi1zMllhRGt5eU8xa054eExscFJ5ZW11U2UyV0lNNVZlc1FpczF3N3p6cjNaMmhwNGxTemtiTWtUTlhqajJwc0U2aU9nTTNHWktGMkRTRV9kamFZaEt4Nkt4eWhfelJsRkdWOEFzckdLVzRyaDFiRXA5cUZSUTF2WVZsVHB6VTBCaUE2OGF0OXQzOThMVUhwNnFhTDdNZw?oc=5\" target=\"_blank\" rel=\"nofollow noopener\">El primer ministro Albanese es abucheado durante un acto por los 15 asesinados en el atentado de S\u00eddney<\/a>&nbsp;&nbsp;Diario de Navarra<\/li>\n<\/ol>\n","protected":false},"excerpt":{"rendered":"El h\u00e9roe del atentado de S\u00eddney recibe una donaci\u00f3n de 1,5 millones de euros y es aplaudido en&hellip;\n","protected":false},"author":2,"featured_media":297172,"comment_status":"","ping_status":"","sticky":false,"template":"","format":"standard","meta":{"footnotes":""},"categories":[42],"tags":[17,18,13,14,11,61,62,63,64,19,20,9,10,15,16,12,21,22,65,66,67],"class_list":{"0":"post-300160","1":"post","2":"type-post","3":"status-publish","4":"format-standard","5":"has-post-thumbnail","7":"category-internacional","8":"tag-breaking-news","9":"tag-breakingnews","10":"tag-featured-news","11":"tag-featurednews","12":"tag-headlines","13":"tag-internacional","14":"tag-international","15":"tag-international-news","16":"tag-internationalnews","17":"tag-latest-news","18":"tag-latestnews","19":"tag-news","20":"tag-noticias","21":"tag-noticias-destacadas","22":"tag-noticiasdestacadas","23":"tag-titulares","24":"tag-ultimas-noticias","25":"tag-ultimasnoticias","26":"tag-world","27":"tag-world-news","28":"tag-worldnews"},"share_on_mastodon":{"url":"https:\/\/pubeurope.com\/@es\/115759094541326386","error":""},"_links":{"self":[{"href":"https:\/\/www.europesays.com\/es\/wp-json\/wp\/v2\/posts\/300160","targetHints":{"allow":["GET"]}}],"collection":[{"href":"https:\/\/www.europesays.com\/es\/wp-json\/wp\/v2\/posts"}],"about":[{"href":"https:\/\/www.europesays.com\/es\/wp-json\/wp\/v2\/types\/post"}],"author":[{"embeddable":true,"href":"https:\/\/www.europesays.com\/es\/wp-json\/wp\/v2\/users\/2"}],"replies":[{"embeddable":true,"href":"https:\/\/www.europesays.com\/es\/wp-json\/wp\/v2\/comments?post=300160"}],"version-history":[{"count":0,"href":"https:\/\/www.europesays.com\/es\/wp-json\/wp\/v2\/posts\/300160\/revisions"}],"wp:featuredmedia":[{"embeddable":true,"href":"https:\/\/www.europesays.com\/es\/wp-json\/wp\/v2\/media\/297172"}],"wp:attachment":[{"href":"https:\/\/www.europesays.com\/es\/wp-json\/wp\/v2\/media?parent=300160"}],"wp:term":[{"taxonomy":"category","embeddable":true,"href":"https:\/\/www.europesays.com\/es\/wp-json\/wp\/v2\/categories?post=300160"},{"taxonomy":"post_tag","embeddable":true,"href":"https:\/\/www.europesays.com\/es\/wp-json\/wp\/v2\/tags?post=300160"}],"curies":[{"name":"wp","href":"https:\/\/api.w.org\/{rel}","templated":true}]}}