{"id":300161,"date":"2025-12-21T18:59:14","date_gmt":"2025-12-21T18:59:14","guid":{"rendered":"https:\/\/www.europesays.com\/es\/300161\/"},"modified":"2025-12-21T18:59:14","modified_gmt":"2025-12-21T18:59:14","slug":"la-diputacion-impulsa-la-coordinacion-institucional-con-los-municipios-incluidos-en-el-camino-vertical-para-favorecer-la-ejecucion-de-las-acciones-previstas","status":"publish","type":"post","link":"https:\/\/www.europesays.com\/es\/300161\/","title":{"rendered":"La Diputaci\u00f3n impulsa la coordinaci\u00f3n institucional con los municipios incluidos en el \u2018Camino Vertical\u2019 para favorecer la ejecuci\u00f3n de las acciones previstas"},"content":{"rendered":"<p>El Palacio de la Merced, sede de la Diputaci\u00f3n de C\u00f3rdoba, ha acogido la primera sesi\u00f3n informativa para dar a conocer las actuaciones previstas en el proyecto \u2018Camino Vertical\u2019 a los ayuntamientos, mancomunidades y cuerpos de seguridad de los municipios beneficiados con esta iniciativa. Una sesi\u00f3n con la que se ha tratado de \u201cimpulsar la coordinaci\u00f3n y colaboraci\u00f3n de todas las instituciones implicadas en la ejecuci\u00f3n de esta iniciativa con la que avanzamos en el desarrollo sostenible de las comarcas que acogen el Camino Moz\u00e1rabe de Santiago en nuestra provincia\u201d.<\/p>\n<p>Este es uno de los objetivos avanzados por la delegada de Hacienda y Fondos Europeos de la instituci\u00f3n provincial, Ana Rosa Ruz, quien ha recordado que \u201cestamos ante la ejecuci\u00f3n de una nueva fase de un ambicioso proyecto que ha recibido el apoyo de los fondos europeos a trav\u00e9s del programa de cooperaci\u00f3n transfronteriza Interreg VI-A Espa\u00f1a-Portugal (Poctep)\u201d.<\/p>\n<p>Ruz ha remarcado que \u201c\u2018Camino Vertical\u2019 cuenta con la participaci\u00f3n de 12 socios de distintas provincias de Espa\u00f1a y Portugal en una iniciativa enfocada a la protecci\u00f3n, desarrollo y promoci\u00f3n de los recursos tur\u00edsticos y el patrimonio asociado a los Caminos Jacobeos del oeste peninsular\u201d.<\/p>\n<p>\u201cEn esta ocasi\u00f3n vamos a abordar la revalorizaci\u00f3n y la dinamizaci\u00f3n de los distintos tramos que conforman los tres itinerarios del Camino Moz\u00e1rabe de Santiago con los que contamos en la provincia, para lo que vamos a trabajar especialmente en la sensibilizaci\u00f3n de las distintas poblaciones por las que pasa\u201d, ha explicado la diputada.<\/p>\n<p>Para ello, ha a\u00f1adido la responsable de Fondos Europeos, \u201cse han previsto dos grandes actuaciones dirigidas a la valorizaci\u00f3n, mejora y recuperaci\u00f3n de los Caminos Jacobeos, as\u00ed como a la sensibilizaci\u00f3n, dinamizaci\u00f3n y mejora de la competitividad tur\u00edstica del Camino\u201d.<\/p>\n<p>La segunda l\u00ednea de actuaciones se pondr\u00e1 en marcha en el mes de enero y se prolongar\u00e1 hasta el mes de abril con un total de siete actividades que se desarrollar\u00e1n en otros tantos municipios.<\/p>\n<p>En concreto, se trata de \u2018Los valores del Camino Moz\u00e1rabe a Cerro Muriano\u2019 el 10 de enero, con la realizaci\u00f3n de un tramo del itinerario; el 22 de enero en Castro del R\u00edo tendr\u00e1 lugar \u2018Sigue la Flecha\u2019 para visibilizar el recorrido urbano; el 19 de febrero en Cabra se realizar\u00e1 el scape city \u2018El gajorro moz\u00e1rabe\u2019, destinado a 150 alumnos y alumnas de Educaci\u00f3n Secundaria; el 1 de mazo en Baena \u2018Lo que esconde el Camino Moz\u00e1rabe\u2019 mostrar\u00e1 a la poblaci\u00f3n local la ruta en su municipio; en Hinojosa del Duque a lo largo del mes de marzo se desarrollar\u00e1 la actividad \u2018La huella del Camino Moz\u00e1rabe\u2019, el 28 de marzo es la fecha elegida para el IV Marat\u00f3n Subb\u00e9tico Moz\u00e1rabe que tendr\u00e1 su punto de salida en Encina Reales; y, finalmente, el 15 de abril tendr\u00e1 lugar la jornada \u2018Estrategias de encuentro en el Camino Moz\u00e1rabe\u2019, para la que se ha previsto un formato mixto presencial y on line.<\/p>\n","protected":false},"excerpt":{"rendered":"El Palacio de la Merced, sede de la Diputaci\u00f3n de C\u00f3rdoba, ha acogido la primera sesi\u00f3n informativa para&hellip;\n","protected":false},"author":2,"featured_media":300162,"comment_status":"","ping_status":"","sticky":false,"template":"","format":"standard","meta":{"footnotes":""},"categories":[8],"tags":[17,18,25,24,13,14,11,19,20,9,10,15,16,23,12,21,22],"class_list":{"0":"post-300161","1":"post","2":"type-post","3":"status-publish","4":"format-standard","5":"has-post-thumbnail","7":"category-espana","8":"tag-breaking-news","9":"tag-breakingnews","10":"tag-es","11":"tag-espana","12":"tag-featured-news","13":"tag-featurednews","14":"tag-headlines","15":"tag-latest-news","16":"tag-latestnews","17":"tag-news","18":"tag-noticias","19":"tag-noticias-destacadas","20":"tag-noticiasdestacadas","21":"tag-spain","22":"tag-titulares","23":"tag-ultimas-noticias","24":"tag-ultimasnoticias"},"share_on_mastodon":{"url":"https:\/\/pubeurope.com\/@es\/115759098537724023","error":""},"_links":{"self":[{"href":"https:\/\/www.europesays.com\/es\/wp-json\/wp\/v2\/posts\/300161","targetHints":{"allow":["GET"]}}],"collection":[{"href":"https:\/\/www.europesays.com\/es\/wp-json\/wp\/v2\/posts"}],"about":[{"href":"https:\/\/www.europesays.com\/es\/wp-json\/wp\/v2\/types\/post"}],"author":[{"embeddable":true,"href":"https:\/\/www.europesays.com\/es\/wp-json\/wp\/v2\/users\/2"}],"replies":[{"embeddable":true,"href":"https:\/\/www.europesays.com\/es\/wp-json\/wp\/v2\/comments?post=300161"}],"version-history":[{"count":0,"href":"https:\/\/www.europesays.com\/es\/wp-json\/wp\/v2\/posts\/300161\/revisions"}],"wp:featuredmedia":[{"embeddable":true,"href":"https:\/\/www.europesays.com\/es\/wp-json\/wp\/v2\/media\/300162"}],"wp:attachment":[{"href":"https:\/\/www.europesays.com\/es\/wp-json\/wp\/v2\/media?parent=300161"}],"wp:term":[{"taxonomy":"category","embeddable":true,"href":"https:\/\/www.europesays.com\/es\/wp-json\/wp\/v2\/categories?post=300161"},{"taxonomy":"post_tag","embeddable":true,"href":"https:\/\/www.europesays.com\/es\/wp-json\/wp\/v2\/tags?post=300161"}],"curies":[{"name":"wp","href":"https:\/\/api.w.org\/{rel}","templated":true}]}}