{"id":300163,"date":"2025-12-21T19:00:32","date_gmt":"2025-12-21T19:00:32","guid":{"rendered":"https:\/\/www.europesays.com\/es\/300163\/"},"modified":"2025-12-21T19:00:32","modified_gmt":"2025-12-21T19:00:32","slug":"nueva-reunion-de-la-comision-de-seguimiento-del-procedimiento-de-coordinacion-para-la-atencion-a-las-mujeres-victimas-de-malos-tratos-y-agresiones-sexuales-de-baza","status":"publish","type":"post","link":"https:\/\/www.europesays.com\/es\/300163\/","title":{"rendered":"Nueva reuni\u00f3n de la Comisi\u00f3n de Seguimiento del Procedimiento de Coordinaci\u00f3n para la Atenci\u00f3n a las Mujeres V\u00edctimas de Malos Tratos y Agresiones Sexuales de Baza"},"content":{"rendered":"<p>Nueva reuni\u00f3n de la Comisi\u00f3n de Seguimiento del Procedimiento de Coordinaci\u00f3n para la Atenci\u00f3n a las Mujeres V\u00edctimas de Malos Tratos y Agresiones Sexuales de Baza \u2013 Excmo. Ayuntamiento de Baza<\/p>\n<p> &#13;<br \/>\n&#13;<br \/>\n&#13;<br \/>\n&#13;<\/p>\n<p>&#13;<br \/>\n\t\t&#13;<br \/>\n\t\tUtilizamos cookies para asegurar que damos la mejor experiencia al usuario en nuestra web. Si sigues utilizando este sitio asumiremos que est\u00e1s de acuerdo.<a href=\"#\" id=\"cn-accept-cookie\" data-cookie-set=\"accept\" class=\"cn-set-cookie cn-button\" aria-label=\"Vale\" style=\"background-color: #00a99d\">Vale<\/a><a href=\"https:\/\/ayuntamientodebaza.es\/?page_id=1255\" target=\"_blank\" id=\"cn-more-info\" class=\"cn-more-info cn-button\" aria-label=\"Pol\u00edtica de cookies\" style=\"background-color: #00a99d\" rel=\"nofollow noopener\">Pol\u00edtica de cookies<\/a><\/p>\n<p>\t\t&#13;<\/p>\n","protected":false},"excerpt":{"rendered":"Nueva reuni\u00f3n de la Comisi\u00f3n de Seguimiento del Procedimiento de Coordinaci\u00f3n para la Atenci\u00f3n a las Mujeres V\u00edctimas&hellip;\n","protected":false},"author":2,"featured_media":300164,"comment_status":"","ping_status":"","sticky":false,"template":"","format":"standard","meta":{"footnotes":""},"categories":[5],"tags":[17,18,25,24,13,14,11,19,20,9,10,15,16,23,12,21,22],"class_list":{"0":"post-300163","1":"post","2":"type-post","3":"status-publish","4":"format-standard","5":"has-post-thumbnail","7":"category-titulares","8":"tag-breaking-news","9":"tag-breakingnews","10":"tag-es","11":"tag-espana","12":"tag-featured-news","13":"tag-featurednews","14":"tag-headlines","15":"tag-latest-news","16":"tag-latestnews","17":"tag-news","18":"tag-noticias","19":"tag-noticias-destacadas","20":"tag-noticiasdestacadas","21":"tag-spain","22":"tag-titulares","23":"tag-ultimas-noticias","24":"tag-ultimasnoticias"},"share_on_mastodon":{"url":"https:\/\/pubeurope.com\/@es\/115759102243717838","error":""},"_links":{"self":[{"href":"https:\/\/www.europesays.com\/es\/wp-json\/wp\/v2\/posts\/300163","targetHints":{"allow":["GET"]}}],"collection":[{"href":"https:\/\/www.europesays.com\/es\/wp-json\/wp\/v2\/posts"}],"about":[{"href":"https:\/\/www.europesays.com\/es\/wp-json\/wp\/v2\/types\/post"}],"author":[{"embeddable":true,"href":"https:\/\/www.europesays.com\/es\/wp-json\/wp\/v2\/users\/2"}],"replies":[{"embeddable":true,"href":"https:\/\/www.europesays.com\/es\/wp-json\/wp\/v2\/comments?post=300163"}],"version-history":[{"count":0,"href":"https:\/\/www.europesays.com\/es\/wp-json\/wp\/v2\/posts\/300163\/revisions"}],"wp:featuredmedia":[{"embeddable":true,"href":"https:\/\/www.europesays.com\/es\/wp-json\/wp\/v2\/media\/300164"}],"wp:attachment":[{"href":"https:\/\/www.europesays.com\/es\/wp-json\/wp\/v2\/media?parent=300163"}],"wp:term":[{"taxonomy":"category","embeddable":true,"href":"https:\/\/www.europesays.com\/es\/wp-json\/wp\/v2\/categories?post=300163"},{"taxonomy":"post_tag","embeddable":true,"href":"https:\/\/www.europesays.com\/es\/wp-json\/wp\/v2\/tags?post=300163"}],"curies":[{"name":"wp","href":"https:\/\/api.w.org\/{rel}","templated":true}]}}