{"id":300171,"date":"2025-12-21T19:11:17","date_gmt":"2025-12-21T19:11:17","guid":{"rendered":"https:\/\/www.europesays.com\/es\/300171\/"},"modified":"2025-12-21T19:11:17","modified_gmt":"2025-12-21T19:11:17","slug":"carla-bruni-pone-fin-a-su-tratamiento-contra-el-cancer-de-mama-y-aprovecha-para-concienciar-puede-salvar-tu-vida","status":"publish","type":"post","link":"https:\/\/www.europesays.com\/es\/300171\/","title":{"rendered":"Carla Bruni pone fin a su tratamiento contra el c\u00e1ncer de mama y aprovecha para concienciar: \u00abPuede salvar tu vida\u00bb"},"content":{"rendered":"<p id=\"eU5DjTfhetI\" data-wc=\"137\">Carla Bruni ha compartido este fin de semana la mejor de las noticias: <strong>ha finalizado su tratamiento contra el c\u00e1ncer de mama<\/strong> <strong>que le fue diagnosticado a finales de 2019.\u00a0<\/strong>La exprimera dama de Francia, de 57 a\u00f1os, public\u00f3 un mensaje en su cuenta de Instagram en el que confirma que este s\u00e1bado 20 de diciembre de 2025 complet\u00f3 los cinco a\u00f1os de terapia hormonal, la \u00faltima fase de un proceso largo y exigente que incluy\u00f3 cirug\u00eda y radioterapia. La noticia ha sido recogida por numerosos medios franceses, entre ellos Le Figaro, que destaca el tono\u00a0\u201cagradecido y combativo\u201d del mensaje de la esposa de Nicolas Sarkozy. Bruni acompa\u00f1\u00f3 su mensaje con una fotograf\u00eda sonriente, tumbada y con una caja de medicaci\u00f3n sobre los ojos, una imagen que simboliza el final de una etapa dura pero superada.\u00a0<\/p>\n<p> <img src=\"https:\/\/www.europesays.com\/es\/wp-content\/uploads\/2025\/12\/b17842c96f84-saveclipapp60179651618432744571109921965936381566569273n.jpg\"   width=\"768\" height=\"1024\" loading=\"lazy\" decoding=\"async\" alt=\"As\u00ed anunci\u00f3 Carla Bruni el fin de su tratamiento hormonal contra el c\u00e1ncer de mama\" fetchpriority=\"auto\" class=\"image ho-image\"\/>\u00a9 carlabruniofficialAs\u00ed anunci\u00f3 Carla Bruni el fin de su tratamiento hormonal contra el c\u00e1ncer de mama<\/p>\n<p id=\"e15iJxaNiTG\" data-wc=\"121\">En su publicaci\u00f3n, la exmodelo explica: \u201cHoy s\u00e1bado 20 de diciembre de 2025 cumplo cinco a\u00f1os de terapia hormonal despu\u00e9s de ser diagnosticada con c\u00e1ncer de mama a finales de 2019. Cirug\u00eda, radioterapia, hormonoterapia\u2026 este es el camino que debemos tomar para curar este tipo de c\u00e1ncer.\u201d La artista, que cuenta con 1,3 millones de seguidores, reconoce que los efectos secundarios han sido \u201cbastante agresivos\u201d, pero subraya su gratitud hacia la ciencia por desarrollar tratamientos que reducen significativamente el riesgo de reca\u00edda. \u201cProtege eficazmente contra la reca\u00edda, que es com\u00fan en los a\u00f1os posteriores al diagn\u00f3stico\u201d, a\u00f1ade, en referencia a la terapia hormonal que ha seguido durante este tiempo y que en su caso ha sido decisiva para erradicar la enfermedad.<\/p>\n<p> <img src=\"https:\/\/www.europesays.com\/es\/wp-content\/uploads\/2025\/12\/3f656eb87084-gettyimages-83074946.jpg\"   width=\"1024\" height=\"705\" loading=\"lazy\" decoding=\"async\" alt=\"Carla y su esposo, Nicolas Sarkozy\" fetchpriority=\"auto\" class=\"image ho-image\"\/>\u00a9 Getty ImagesCarla y su esposo, Nicolas Sarkozy<\/p>\n<p id=\"eLmZhS7zwK6\" data-wc=\"109\">Bruni aprovecha tambi\u00e9n su mensaje para dirigirse a todas las mujeres que atraviesan un proceso similar y lanza una petici\u00f3n sincera: \u201cQuiero decirle a todas las mujeres que est\u00e1n en la misma situaci\u00f3n que aguanten \u2014por supuesto que la terapia hormonal es un tratamiento bastante duro\u2014, pero su efectividad puede salvar tu vida.\u201d\u00a0Adem\u00e1s, hace un llamamiento directo a la prevenci\u00f3n: \u201cQuiero decir de nuevo a todas las mujeres que leen este post que no duden en hacerse controles anuales si es posible.\u201d\u00a0Con estas palabras, la artista refuerza su compromiso con la concienciaci\u00f3n sobre la importancia del diagn\u00f3stico precoz, un factor decisivo en la evoluci\u00f3n de la enfermedad.<\/p>\n<p> <img src=\"https:\/\/www.europesays.com\/es\/wp-content\/uploads\/2025\/12\/394fa2eaae08-sarkozy-gtres2.jpg\"   width=\"1024\" height=\"683\" loading=\"lazy\" decoding=\"async\" alt=\"Carla Bruni se despide desolada de su marido, Nicolas Sarkozy\" fetchpriority=\"auto\" class=\"image ho-image\"\/>\u00a9 GTRESImagen de archivo de Carla Bruni<\/p>\n<p id=\"eJ_gNU0ka4O\" data-wc=\"31\">La cantante dedica tambi\u00e9n unas palabras de agradecimiento al equipo m\u00e9dico que la ha acompa\u00f1ado durante estos cinco a\u00f1os:\u00a0\u201cSu habilidad y humanidad fueron muy valiosas para m\u00ed durante esta experiencia.\u201d\u00a0<\/p>\n<p id=\"e77A5Knyv16\" data-wc=\"141\">A <strong>Carla Bruni le detectaron un c\u00e1ncer de mama en octubre de 2019<\/strong>, aunque decidi\u00f3 mantenerlo en la esfera privada durante un tiempo. <strong>No fue hasta octubre de 2023 cuando hizo p\u00fablico su diagn\u00f3stico,<\/strong> coincidiendo con <a class=\"hm-link ho-link\" href=\"https:\/\/www.hola.com\/actualidad\/20231004240987\/carla-bruni-desvela-que-tuvo-cancer-de-mama\/\" data-mrf-recirculation=\"article-body-link\" rel=\"nofollow noopener\" target=\"_blank\">una campa\u00f1a del Mes de la Concienciaci\u00f3n sobre el C\u00e1ncer de Mama <\/a>\u2014el <strong>19 de octubre se celebra el D\u00eda Mundial contra el C\u00e1ncer de Mama<\/strong>\u2014, a trav\u00e9s de un v\u00eddeo en el que explicaba por qu\u00e9 hab\u00eda optado por hablar entonces. Desde ese momento, la autora de Quelqu\u2019un m\u2019a dit o L\u2019amour ha relatado en varias ocasiones c\u00f3mo las revisiones rutinarias fueron decisivas para identificar el tumor en una fase temprana y poder iniciar r\u00e1pidamente su tratamiento. En sus mensajes, dirigidos tanto a sus seguidores como a otras pacientes, insiste siempre en la misma idea: la importancia vital de no descuidar los controles m\u00e9dicos.<\/p>\n<p> <img src=\"https:\/\/www.europesays.com\/es\/wp-content\/uploads\/2025\/12\/bedd03d14896-gettyimages-84448843.jpg\"   width=\"1024\" height=\"682\" loading=\"lazy\" decoding=\"async\" alt=\"Plano medio de Carla Bruni durante una actuaci\u00f3n en Milan\" fetchpriority=\"auto\" class=\"image ho-image\"\/>\u00a9 Getty ImagesCarla Bruni tambi\u00e9n ha triunfado en el mundo de la m\u00fasica<\/p>\n<p id=\"ejxq6QpXSxc\" data-wc=\"66\">Su anuncio de este fin de semana ha generado una oleada de mensajes de apoyo en redes sociales, tanto de seguidores como de figuras p\u00fablicas. Entre los cientos de comentarios recibidos, destacaba el de <strong>Linda Evangelista<\/strong>:\u00a0\u201cSo so happy for you! I have 36 months left of my horrible medication\u201d ( \u201cMuy, muy feliz por ti. A m\u00ed me quedan 36 meses de esta medicaci\u00f3n horrible\u00bb). \u00a0<\/p>\n<p> <img src=\"https:\/\/www.europesays.com\/es\/wp-content\/uploads\/2025\/12\/6b921b7094e6-gettyimages-90432604.jpg\"   width=\"1024\" height=\"684\" loading=\"lazy\" decoding=\"async\" alt=\" Carla Bruni, Naomi Campbell, Gianni Versace, Nadege y Linda Evangelista en un desfile de Versace en julio de 1992\" fetchpriority=\"auto\" class=\"image ho-image\"\/>\u00a9 WireImage Carla Bruni, Naomi Campbell, Gianni Versace, Nadege y Linda Evangelista en un desfile de Versace en julio de 1992<\/p>\n<p id=\"eFx7DagVEAA\" data-wc=\"71\">La supermodelo revel\u00f3 en 2023 que hab\u00eda luchado contra el c\u00e1ncer de mama en dos ocasiones en un periodo de cinco a\u00f1os, tras ser diagnosticada por primera vez en 2018, un proceso que la llev\u00f3 a someterse a una doble mastectom\u00eda. De ah\u00ed la fuerza y empat\u00eda de sus palabras hacia Bruni. Ambas compartieron pasarela en los a\u00f1os 90, desfilando para grandes firmas como Versace, Chanel, Dior o Yves Saint Laurent.<\/p>\n<p id=\"evswkevTZ8O\" data-wc=\"6\"><strong>Un a\u00f1o complicado para la familia<\/strong><\/p>\n<p id=\"ea4BeJxgcnEf\" data-wc=\"90\">La noticia llega en un momento especialmente significativo para <strong>la exprimera dama, que ha vivido un 2025 convulso<\/strong> marcado por la situaci\u00f3n judicial de su esposo, Nicolas Sarkozy. El expresidente franc\u00e9s fue <a class=\"hm-link ho-link\" href=\"https:\/\/www.hola.com\/actualidad\/20251021862666\/nicolas-sarkozy-familia-moviliza-entrada-prision\/\" data-mrf-recirculation=\"article-body-link\" rel=\"nofollow noopener\" target=\"_blank\">condenado a cinco a\u00f1os de c\u00e1rcel<\/a> por la financiaci\u00f3n de la campa\u00f1a electoral que le llev\u00f3 a ganar las elecciones de 2007, gracias al apoyo econ\u00f3mico del l\u00edder libio Muamar Gadafi. Lleg\u00f3 a ingresar en la prisi\u00f3n parisina de La Sant\u00e9, un episodio que afect\u00f3 profundamente a la familia y que ocup\u00f3 titulares en toda la prensa internacional.\u00a0<\/p>\n<p> <img src=\"https:\/\/www.europesays.com\/es\/wp-content\/uploads\/2025\/12\/1f1745efefa4-sarkozy-gtres.jpg\"   width=\"1024\" height=\"683\" loading=\"lazy\" decoding=\"async\" alt=\"Nicolas Sarkozy y Carla Bruni Sarkozy, visiblemente afectados antes de que el expresidente entre en la c\u00e1rcel para cumplir una condena de cinco a\u00f1os\" fetchpriority=\"auto\" class=\"image ho-image\"\/>\u00a9 GTRESNicolas Sarkozy y Carla Bruni Sarkozy, antes de que el expresidente entre en la c\u00e1rcel <\/p>\n<p id=\"ep9FXeutMCh\" data-wc=\"82\">Durante todo el proceso, Carla fue el mayor apoyo de su marido y se mostr\u00f3 muy afectada por la separaci\u00f3n forzada durante su encarcelamiento, al que dedic\u00f3 una emotiva carta p\u00fablica antes de su ingreso. Sin embargo, su estancia en prisi\u00f3n fue breve: tan solo 20 d\u00edas despu\u00e9s, Sarkozy fue puesto en libertad. En ese tiempo<a class=\"hm-link ho-link\" href=\"https:\/\/www.hola.com\/actualidad\/20251211872410\/nicolas-sarkozy-presenta-libro-diario-prisionero-carla-bruni\/\" data-mrf-recirculation=\"article-body-link\" rel=\"nofollow noopener\" target=\"_blank\">\u00a0escribi\u00f3 un libro de memorias,\u00a0<\/a>Diario de un prisionero,\u00a0que se convirti\u00f3 r\u00e1pidamente en un bestseller y volvi\u00f3 a situarlo en el centro del debate p\u00fablico.<\/p>\n<p> <img src=\"https:\/\/www.europesays.com\/es\/wp-content\/uploads\/2025\/12\/3272e21b47ae-dlu596516021.jpg\"   width=\"1024\" height=\"682\" loading=\"lazy\" decoding=\"async\" alt=\"Nicolas Sarkozy colaps\u00f3 la Librer\u00eda Lamartine d\u00f3nde tuvo lugar la firma de libros\" fetchpriority=\"auto\" class=\"image ho-image\"\/>\u00a9 GTRESNicolas Sarkozy colaps\u00f3 la Librer\u00eda Lamartine d\u00f3nde tuvo lugar la firma de libros<\/p>\n<p id=\"eN6UqKcvYEFf\" data-wc=\"65\">En este contexto, la recuperaci\u00f3n de Carla Bruni supone un rayo de luz en un a\u00f1o marcado por la tensi\u00f3n medi\u00e1tica, pol\u00edtica y, c\u00f3mo no, personal. Su mensaje, sereno y lleno de gratitud, contrasta con los meses de incertidumbre que ha vivido la familia y marca el inicio de una nueva etapa para una de las figuras m\u00e1s queridas y respetadas de la escena francesa.<\/p>\n","protected":false},"excerpt":{"rendered":"Carla Bruni ha compartido este fin de semana la mejor de las noticias: ha finalizado su tratamiento contra&hellip;\n","protected":false},"author":2,"featured_media":300172,"comment_status":"","ping_status":"","sticky":false,"template":"","format":"standard","meta":{"footnotes":""},"categories":[174],"tags":[517,19570,255,146,147,25,24,256,19569,23],"class_list":{"0":"post-300171","1":"post","2":"type-post","3":"status-publish","4":"format-standard","5":"has-post-thumbnail","7":"category-famosos","8":"tag-actualidad","9":"tag-carla-bruni","10":"tag-celebrities","11":"tag-entertainment","12":"tag-entretenimiento","13":"tag-es","14":"tag-espana","15":"tag-famosos","16":"tag-nicolas-sarkozy","17":"tag-spain"},"share_on_mastodon":{"url":"https:\/\/pubeurope.com\/@es\/115759146300257233","error":""},"_links":{"self":[{"href":"https:\/\/www.europesays.com\/es\/wp-json\/wp\/v2\/posts\/300171","targetHints":{"allow":["GET"]}}],"collection":[{"href":"https:\/\/www.europesays.com\/es\/wp-json\/wp\/v2\/posts"}],"about":[{"href":"https:\/\/www.europesays.com\/es\/wp-json\/wp\/v2\/types\/post"}],"author":[{"embeddable":true,"href":"https:\/\/www.europesays.com\/es\/wp-json\/wp\/v2\/users\/2"}],"replies":[{"embeddable":true,"href":"https:\/\/www.europesays.com\/es\/wp-json\/wp\/v2\/comments?post=300171"}],"version-history":[{"count":0,"href":"https:\/\/www.europesays.com\/es\/wp-json\/wp\/v2\/posts\/300171\/revisions"}],"wp:featuredmedia":[{"embeddable":true,"href":"https:\/\/www.europesays.com\/es\/wp-json\/wp\/v2\/media\/300172"}],"wp:attachment":[{"href":"https:\/\/www.europesays.com\/es\/wp-json\/wp\/v2\/media?parent=300171"}],"wp:term":[{"taxonomy":"category","embeddable":true,"href":"https:\/\/www.europesays.com\/es\/wp-json\/wp\/v2\/categories?post=300171"},{"taxonomy":"post_tag","embeddable":true,"href":"https:\/\/www.europesays.com\/es\/wp-json\/wp\/v2\/tags?post=300171"}],"curies":[{"name":"wp","href":"https:\/\/api.w.org\/{rel}","templated":true}]}}