{"id":300185,"date":"2025-12-21T19:19:12","date_gmt":"2025-12-21T19:19:12","guid":{"rendered":"https:\/\/www.europesays.com\/es\/300185\/"},"modified":"2025-12-21T19:19:12","modified_gmt":"2025-12-21T19:19:12","slug":"muere-a-los-78-anos-el-actor-celso-bugallo-premio-goya-por-mar-adentro-cine-estrenos-y-criticas","status":"publish","type":"post","link":"https:\/\/www.europesays.com\/es\/300185\/","title":{"rendered":"Muere a los 78 a\u00f1os el actor Celso Bugallo, premio Goya por \u2018Mar adentro\u2019 | Cine: estrenos y cr\u00edticas"},"content":{"rendered":"<p class=\"\">El actor pontevedr\u00e9s Celso Bugallo Aguiar ha fallecido este s\u00e1bado 20 en Pontevedra. Nacido en Vilalonga (una pedan\u00eda de Sanxenxo), el pr\u00f3ximo 1 de enero hubiera cumplido 79 a\u00f1os. Bugallo ten\u00eda una larga trayectoria teatral, pero hasta los 52 a\u00f1os no debut\u00f3 en el cine a las \u00f3rdenes <a href=\"https:\/\/elpais.com\/diario\/1999\/11\/14\/opinion\/942534008_850215.html\" target=\"_self\" rel=\"nofollow noopener\" title=\"https:\/\/elpais.com\/diario\/1999\/11\/14\/opinion\/942534008_850215.html\">de Jos\u00e9 Luis Cuerda en La lengua de las mariposas.<\/a> En ese momento empez\u00f3 a recuperar el tiempo perdido en el audiovisual, y su carrera se ha cerrado con m\u00e1s de medio centenar de trabajos en cine y series: el a\u00f1o pasado estren\u00f3 la miniserie <a href=\"https:\/\/elpais.com\/television\/2024-04-26\/asunta-el-asesinato-interminable.html\" target=\"_self\" rel=\"nofollow noopener\" title=\"https:\/\/elpais.com\/television\/2024-04-26\/asunta-el-asesinato-interminable.html\">El caso Asunta<\/a> y la pel\u00edcula de terror Estaci\u00f3n Rocafort.<\/p>\n<p>M\u00e1s informaci\u00f3n<\/p>\n<p class=\"\">Desde entonces se convirti\u00f3 en uno de los secundarios m\u00e1s trabajadores del cine espa\u00f1ol gracias a t\u00edtulos como Los lunes al sol, de Fernando Le\u00f3n de Aranoa, y La vida que te espera, de Manuel Guti\u00e9rrez Arag\u00f3n. Con Alejandro Amen\u00e1bar gan\u00f3 su primer premio Goya a mejor actor secundario con Mar adentro, al encarnar al hermano de Ram\u00f3n Sampedro, y con Fernando Le\u00f3n repiti\u00f3 en varias ocasiones y logr\u00f3 <a href=\"https:\/\/elpais.com\/cultura\/2021-09-22\/un-javier-bardem-en-estado-de-gracia.html\" target=\"_self\" rel=\"nofollow noopener\" title=\"https:\/\/elpais.com\/cultura\/2021-09-22\/un-javier-bardem-en-estado-de-gracia.html\">una segunda candidatura al Goya con El buen patr\u00f3n.<\/a><\/p>\n<p class=\"\">Tras su debut en el cine con Cuerda, su aparici\u00f3n en Lena (2001) y cap\u00edtulos de series como Periodistas, Mareas vivas y Galicia expr\u00e9s, fue Le\u00f3n de Aranoa quien logr\u00f3 que Bugallo alcanzara cierta popularidad, por su doloroso papel como Amador en Los lunes al sol. Bugallo adecu\u00f3 el personaje a su personalidad, austera y sencilla, y eso le dio vuelo al papel. <\/p>\n<p><img decoding=\"auto\" class=\"_re lazyload a_m-h\" height=\"236\"  width=\"414\"  src=\"https:\/\/www.europesays.com\/es\/wp-content\/uploads\/2025\/12\/QPEFRV4J6Q3MXITSJ3MMONGX2Q.jpg\" loading=\"lazy\"\/>Mar\u00eda V\u00e1zquez y Celso Bugallo, en &#8216;Trote.<\/p>\n<p class=\"\">Su galleguidad y su facilidad para dibujar esos personajes entre secos y amargados, que escond\u00edan en su interior pasados tumultuosos y lastres vitales le abrieron la puerta a rodajes en su comunidad aut\u00f3noma como El l\u00e1piz del carpintero y tambi\u00e9n en otras partes del norte de Espa\u00f1a como La vida que te espera, de Guti\u00e9rrez Arag\u00f3n.<\/p>\n<p>Fotograma de la secuencia 3 de &#8216;Mar Adentro&#8217; (2004)<\/p>\n<p class=\"\">En 2004 lleg\u00f3 Mar adentro, de Amen\u00e1bar, en la que encarn\u00f3 a Jos\u00e9 Sampedro, el hombre que no entiende la decisi\u00f3n de buscar la muerte de su hermano tetrapl\u00e9jico. Con ese personaje gan\u00f3 el Goya y el drama lleg\u00f3 hasta los Oscar, donde el filme gan\u00f3 la estatuilla a mejor pel\u00edcula extranjera, la actualmente denominada pel\u00edcula internacional.<\/p>\n<p class=\"\">Curiosamente, Bugallo vivi\u00f3 muchos a\u00f1os lejos del noroeste de Espa\u00f1a. El actor estudi\u00f3 solo hasta los 10 a\u00f1os en el colegio de Vilalonga. Su padre, mec\u00e1nico ajustador, fue encarcelado durante el franquismo y, al quedar en libertad, en los a\u00f1os cincuenta, los Bugallo decidieron emigrar, con sus cuatro hermanos, a Bilbao. Despu\u00e9s se mudaron a Logro\u00f1o en busca de un clima adecuado para la salud de su madre. En Bilbao Celso Bugallo vio Rebelde sin causa y decidi\u00f3 ser actor, arrebatado por la interpretaci\u00f3n de James Dean. En Logro\u00f1o se labr\u00f3 su carrera en los escenarios. Y cuando se cas\u00f3 con una chica de Portonovo, retorn\u00f3 a Galicia en 1978, donde fund\u00f3 la compa\u00f1\u00eda de teatro Olimpo.<\/p>\n<p>Fotograma del tr\u00e1iler de &#8216;Amador&#8217; (2010)<\/p>\n<p class=\"\">El cine lleg\u00f3 m\u00e1s tarde, en 1998. \u201cRecuerdo que estaba en \u00c1msterdam y Jos\u00e9 Luis Cuerda me estaba buscando.<b> <\/b>Llamaron a mi madre y ella fue la que me dio la noticia, \u00a1y me vine corriendo para Galicia! Tuvimos los dos una conferencia en Allariz y me dijo: \u2018Tienes que cortarte el pelo\u2019. Ah\u00ed conoc\u00ed a Jos\u00e9 Luis y a Fern\u00e1n G\u00f3mez. Me pareci\u00f3 un milagro\u201d, contaba en 2020 en La Voz de Galicia.<\/p>\n<p>Fotograma del tr\u00e1iler de &#8216;Los lunes al sol&#8217; (2002)<\/p>\n<p class=\"\">Con Fernando Le\u00f3n tuvo una colaboraci\u00f3n larga y fruct\u00edfera. Para \u00e9l protagoniz\u00f3 <a href=\"https:\/\/elpais.com\/diario\/2010\/10\/03\/domingo\/1286077957_850215.html\" target=\"_self\" rel=\"nofollow noopener\" title=\"https:\/\/elpais.com\/diario\/2010\/10\/03\/domingo\/1286077957_850215.html\">Amador (2010),<\/a> y con \u00e9l volver\u00eda <a href=\"https:\/\/elpais.com\/cultura\/2021-09-21\/fernando-leon-sin-el-sentido-de-pertenencia-a-una-clase-social-triunfa-el-todos-contra-todos.html\" target=\"_self\" rel=\"nofollow noopener\" title=\"https:\/\/elpais.com\/cultura\/2021-09-21\/fernando-leon-sin-el-sentido-de-pertenencia-a-una-clase-social-triunfa-el-todos-contra-todos.html\">en El buen patr\u00f3n (2021),<\/a> como un veterano manitas de la f\u00e1brica de balanzas que harto de las barbaridades cometidas por su hijo le pide a su jefe que interceda.<\/p>\n<p class=\"\">Entre sus trabajos destacan Salvador (Puig Antich) (2006), La noche de los girasoles (2006), 53 d\u00edas de invierno (2006), Pudor (2007), Cenizas del cielo (2008) Agallas (2009), La playa de los ahogados (2015), Palmeras en la nieve (2015), Trote (2018), El arte de volver (2020), La manzana de oro (2022) o Loli Tormenta (2023), la despedida de Agust\u00ed Villaronga.<\/p>\n<p>Fotograma del tr\u00e1iler de &#8216;La noche de los girasoles&#8217; (2006)<\/p>\n<p class=\"\">En televisi\u00f3n, adem\u00e1s de las mencionadas, apareci\u00f3 en Los hombres de Paco, El incidente y Fari\u00f1a. En su compromiso con el teatro, a mediados de los a\u00f1os noventa fund\u00f3 AFAP (Aula de Formaci\u00f3n de Actores de Pontevedra), con la que dirigi\u00f3 varios montajes, la mayor\u00eda representados en gallego.<\/p>\n","protected":false},"excerpt":{"rendered":"El actor pontevedr\u00e9s Celso Bugallo Aguiar ha fallecido este s\u00e1bado 20 en Pontevedra. Nacido en Vilalonga (una pedan\u00eda&hellip;\n","protected":false},"author":2,"featured_media":300186,"comment_status":"","ping_status":"","sticky":false,"template":"","format":"standard","meta":{"footnotes":""},"categories":[91],"tags":[1014,71233,13339,177,12374,209,9265,146,147,25,24,34139,71231,71232,724,753,28226,23,1651],"class_list":{"0":"post-300185","1":"post","2":"type-post","3":"status-publish","4":"format-standard","5":"has-post-thumbnail","7":"category-entretenimiento","8":"tag-actores","9":"tag-agusti-villaronga","10":"tag-alejandro-amenabar","11":"tag-cine","12":"tag-cine-espanol","13":"tag-cultura","14":"tag-directores-cine","15":"tag-entertainment","16":"tag-entretenimiento","17":"tag-es","18":"tag-espana","19":"tag-fernando-leon-de-aranoa","20":"tag-jose-luis-cuerda","21":"tag-manuel-gutierrez-aragon","22":"tag-obituarios","23":"tag-peliculas","24":"tag-premios-goya","25":"tag-spain","26":"tag-teatro"},"share_on_mastodon":{"url":"https:\/\/pubeurope.com\/@es\/115759177507003218","error":""},"_links":{"self":[{"href":"https:\/\/www.europesays.com\/es\/wp-json\/wp\/v2\/posts\/300185","targetHints":{"allow":["GET"]}}],"collection":[{"href":"https:\/\/www.europesays.com\/es\/wp-json\/wp\/v2\/posts"}],"about":[{"href":"https:\/\/www.europesays.com\/es\/wp-json\/wp\/v2\/types\/post"}],"author":[{"embeddable":true,"href":"https:\/\/www.europesays.com\/es\/wp-json\/wp\/v2\/users\/2"}],"replies":[{"embeddable":true,"href":"https:\/\/www.europesays.com\/es\/wp-json\/wp\/v2\/comments?post=300185"}],"version-history":[{"count":0,"href":"https:\/\/www.europesays.com\/es\/wp-json\/wp\/v2\/posts\/300185\/revisions"}],"wp:featuredmedia":[{"embeddable":true,"href":"https:\/\/www.europesays.com\/es\/wp-json\/wp\/v2\/media\/300186"}],"wp:attachment":[{"href":"https:\/\/www.europesays.com\/es\/wp-json\/wp\/v2\/media?parent=300185"}],"wp:term":[{"taxonomy":"category","embeddable":true,"href":"https:\/\/www.europesays.com\/es\/wp-json\/wp\/v2\/categories?post=300185"},{"taxonomy":"post_tag","embeddable":true,"href":"https:\/\/www.europesays.com\/es\/wp-json\/wp\/v2\/tags?post=300185"}],"curies":[{"name":"wp","href":"https:\/\/api.w.org\/{rel}","templated":true}]}}