{"id":300187,"date":"2025-12-21T19:20:10","date_gmt":"2025-12-21T19:20:10","guid":{"rendered":"https:\/\/www.europesays.com\/es\/300187\/"},"modified":"2025-12-21T19:20:10","modified_gmt":"2025-12-21T19:20:10","slug":"con-la-memoria-ram-por-las-nubes-el-precio-de-los-moviles-va-a-subir-como-la-espuma-una-vieja-solucion-puede-evitar-el-desastre","status":"publish","type":"post","link":"https:\/\/www.europesays.com\/es\/300187\/","title":{"rendered":"Con la memoria RAM por las nubes, el precio de los m\u00f3viles va a subir como la espuma. Una vieja soluci\u00f3n puede evitar el desastre"},"content":{"rendered":"<p>Un componente vital de nuestros m\u00f3viles se encuentra en una <a class=\"text-outboundlink\" href=\"https:\/\/www.xatakamovil.com\/mercado\/parecia-que-4-gb-ram-eran-historia-escasez-chips-amenaza-traerlos-vuelta-pleno-2026\" data-vars-post-title=\"La memoria RAM ha subido tanto de precio que los fabricantes meditan dar un paso atr\u00e1s. Es la vuelta de los m\u00f3viles con 4 GB de RAM\" data-vars-post-url=\"https:\/\/www.xatakamovil.com\/mercado\/parecia-que-4-gb-ram-eran-historia-escasez-chips-amenaza-traerlos-vuelta-pleno-2026\" rel=\"nofollow noopener\" target=\"_blank\">espiral de subida de precios<\/a>: la memoria RAM. <a class=\"text-outboundlink\" href=\"https:\/\/www.xataka.com\/componentes\/precio-memoria-se-dispara-300-industria-ha-dejado-fabricar-para-personas-fabrica-para-maquinas\" data-vars-post-title=\"El precio de la memoria se dispara un 300%: la industria ha dejado de fabricar para las personas, lo hace para las m\u00e1quinas\" data-vars-post-url=\"https:\/\/www.xataka.com\/componentes\/precio-memoria-se-dispara-300-industria-ha-dejado-fabricar-para-personas-fabrica-para-maquinas\" rel=\"nofollow noopener\" target=\"_blank\">Disparada en ordenadores<\/a> y con un horizonte cercano que contagiar\u00e1 el efecto a los smartphones. \u00bfEstamos preparados para regresar a los seis y cuatro GB de memoria RAM? Los fabricantes tienen una bala en la rec\u00e1mara.<\/p>\n<p><strong>El problema<\/strong>. La memoria vol\u00e1til, esa que se encarga de servir como puente entre el almacenamiento y el procesador, escasea. <a class=\"text-outboundlink\" href=\"https:\/\/www.xataka.com\/componentes\/solo-habia-forma-bajar-precio-memoria-ram-samsung-sk-hynix-se-han-negado-rotundo\" data-vars-post-title=\"Solo hab\u00eda una forma de bajar el precio de la memoria RAM: Samsung y SK Hynix se han negado en rotundo \" data-vars-post-url=\"https:\/\/www.xataka.com\/componentes\/solo-habia-forma-bajar-precio-memoria-ram-samsung-sk-hynix-se-han-negado-rotundo\" rel=\"nofollow noopener\" target=\"_blank\">Esto hace que suba de precio<\/a>. Con ella el resto del dispositivo, ya sea m\u00f3vil u ordenador.<\/p>\n<p>Si bien hasta ahora ve\u00edamos tel\u00e9fonos con un incremento de RAM a\u00f1o tras a\u00f1o, la tendencia va a ser la contraria: reducir la memoria RAM f\u00edsica a lo m\u00ednimo indispensable. Al menos en los m\u00f3viles m\u00e1s baratos, los <a class=\"text-outboundlink\" href=\"https:\/\/www.xatakamovil.com\/guias-de-compra\/mejores-moviles-gama-alta-1\" data-vars-post-title=\"Los mejores m\u00f3viles de gama alta que puedes comprar en 2025\" data-vars-post-url=\"https:\/\/www.xatakamovil.com\/guias-de-compra\/mejores-moviles-gama-alta-1\" rel=\"nofollow noopener\" target=\"_blank\">premium y gama alta<\/a> esquivar\u00e1n en parte la subida debido a que el precio no supone el principal argumento de venta. <a class=\"text-outboundlink\" href=\"https:\/\/www.xatakamovil.com\/guias-de-compra\/mejores-moviles-baratos-cual-comprar-modelos-recomendados\" data-vars-post-title=\"Los mejores m\u00f3viles baratos: te ayudamos a decidir cu\u00e1l se adapta mejor a lo que buscas\" data-vars-post-url=\"https:\/\/www.xatakamovil.com\/guias-de-compra\/mejores-moviles-baratos-cual-comprar-modelos-recomendados\" rel=\"nofollow noopener\" target=\"_blank\">Comprarse un m\u00f3vil barato<\/a> no apunta a ser tan sencillo como hasta ahora.<\/p>\n<p> EL MEJOR M\u00d3VIL CALIDAD PRECIO DE 2020: TOP 10+1<\/p>\n<p>                   <img class=\"\" height=\"1067\" width=\"1600\" loading=\"lazy\" decoding=\"async\"  fetchpriority=\"high\"  src=\"https:\/\/i.blogs.es\/6a20af\/expandir-memoria-ram-android\/450_1000.webp\" alt=\"Expandir Memoria Ram Android\" onerror=\"this.src=\" https:=\"\" false=\"\"\/><\/p>\n<p>        Izquierda, expansi\u00f3n de memoria en HyperOS (Xiaomi); derecha, extensi\u00f3n de RAM en OriginOS (Vivo)<\/p>\n<p><strong>La soluci\u00f3n para no subir el precio: la expansi\u00f3n de memoria<\/strong>. O \u00abswap memory\u00bb, una funci\u00f3n habitual en los ordenadores que roba espacio al disco duro para utilizarlo como memoria vol\u00e1til. Esto ampl\u00eda la RAM del dispositivo, aunque a costa de ralentizarlo. Con un espacio cada vez m\u00e1s veloz en los tel\u00e9fonos, la expansi\u00f3n de memoria aspira a ser el parche para esquivar la subida de costes.<\/p>\n<p>La mayor parte de m\u00f3viles Android traen de serie la expansi\u00f3n de memoria, activa sin que el usuario lo sepa. Con la limitaci\u00f3n de la RAM f\u00edsica, vamos a ver c\u00f3mo los fabricantes subrayan la expansi\u00f3n de memoria para no subir tanto el precio. No es una soluci\u00f3n perfecta, pero funciona.<\/p>\n<p><strong>\u00abPuedes duplicar la memoria RAM\u00bb<\/strong>. Hace unos a\u00f1os las marcas recalcaban que sus m\u00f3viles <a class=\"text-outboundlink\" href=\"https:\/\/www.xatakandroid.com\/tutoriales\/pulsar-boton-tener-ram-posible-tu-movil-xiaomi-este-truco-hyperos\" data-vars-post-title=\"Pulsar un bot\u00f3n y tener m\u00e1s RAM es posible en tu m\u00f3vil Xiaomi con este truco de HyperOS\" data-vars-post-url=\"https:\/\/www.xatakandroid.com\/tutoriales\/pulsar-boton-tener-ram-posible-tu-movil-xiaomi-este-truco-hyperos\" rel=\"nofollow noopener\" target=\"_blank\">pod\u00edan extender la RAM<\/a>. Con las memorias tan holgadas que tenemos hoy en d\u00eda la expansi\u00f3n por software ha pasado a un segundo plano. Pronto veremos el \u00abEste m\u00f3vil puede extender la memoria hasta los xx GB\u00bb como una manera de llamar otra vez la atenci\u00f3n.<\/p>\n<p>    <a href=\"https:\/\/www.xatakamovil.com\/guias-de-compra\/mejores-moviles-calidad-precio\" class=\"pivot-outboundlink\" data-vars-post-title=\"Los mejores m\u00f3viles de 2026 en relaci\u00f3n calidad precio\" rel=\"nofollow noopener\" target=\"_blank\"><br \/>\n     <img loading=\"lazy\" decoding=\"async\" alt=\"Los mejores m\u00f3viles de 2026 en relaci\u00f3n calidad precio\" width=\"375\" height=\"142\" src=\"https:\/\/i.blogs.es\/ad1f5a\/mejores-moviles-calidad-precio\/375_142.webp\" onerror=\"this.src=\" https:=\"\"\/><br \/>\n    <\/a><\/p>\n<p>A\u00fan no sabemos cu\u00e1nto van a subir los precios de los m\u00f3viles debido a la escalada de la memoria RAM. No ser\u00eda extra\u00f1o que las subidas superen el 15-20 %, sobre todo si la memoria pasa de los 8 GB. Con un sistema operativo que no para de devorar recursos (<a class=\"text-outboundlink\" href=\"https:\/\/www.xatakandroid.com\/mercado\/fabricantes-tienen-excusa-para-vendernos-moviles-24-gb-ram-ia\" data-vars-post-title=\"Vuelve la carrera de la memoria RAM y se dispara hasta los 24 GB. Pero esta vez tiene m\u00e1s sentido\" data-vars-post-url=\"https:\/\/www.xatakandroid.com\/mercado\/fabricantes-tienen-excusa-para-vendernos-moviles-24-gb-ram-ia\" rel=\"nofollow noopener\" target=\"_blank\">la IA est\u00e1 siendo el remate<\/a>), la escasez de memoria RAM supone la tormenta perfecta para quienes tengan un presupuesto ajustado y quieran renovar su m\u00f3vil.<\/p>\n<p><strong>Los m\u00f3viles actuales a\u00fan tienen mucha vida<\/strong>. \u00bfQue se acerca una subida de precio para los tel\u00e9fonos nuevos del pr\u00f3ximo a\u00f1o? Tenemos todos los lanzados durante este 2025: mantienen mucha vida por delante, no deber\u00edan acusar el incremento de precio y tampoco ver\u00e1n reducido el espacio de memoria RAM. Con <a class=\"text-outboundlink\" href=\"https:\/\/www.xataka.com\/moviles\/google-samsung-y-ahora-honor-los-siete-anos-de-actualizaciones-android-empiezan-por-fin-a-ser-un-estandar\" data-vars-post-title=\"Google, Samsung y ahora Honor: los siete a\u00f1os de actualizaciones Android empiezan (por fin) a ser un est\u00e1ndar\" data-vars-post-url=\"https:\/\/www.xataka.com\/moviles\/google-samsung-y-ahora-honor-los-siete-anos-de-actualizaciones-android-empiezan-por-fin-a-ser-un-estandar\" rel=\"nofollow noopener\" target=\"_blank\">actualizaciones garantizadas durante siete a\u00f1os<\/a>, renovar perdi\u00f3 parte de su sentido.<\/p>\n<p>Imagen de portada | Iv\u00e1n Linares (despiece del Nokia G22)<\/p>\n<p>En Xataka M\u00f3vil | <a class=\"text-outboundlink\" href=\"https:\/\/www.xatakamovil.com\/mercado\/dreame-se-fija-xiaomi-al-reves-pasa-electrodomesticos-a-smartphones-para-cerrar-su-ecosistema\" data-vars-post-title=\"Xiaomi nos enamor\u00f3 con sus m\u00f3viles para conquistarnos con electrodom\u00e9sticos. Dreame est\u00e1 haciendo el camino al rev\u00e9s\" data-vars-post-url=\"https:\/\/www.xatakamovil.com\/mercado\/dreame-se-fija-xiaomi-al-reves-pasa-electrodomesticos-a-smartphones-para-cerrar-su-ecosistema\" rel=\"nofollow noopener\" target=\"_blank\">Xiaomi nos enamor\u00f3 con sus m\u00f3viles para conquistarnos con electrodom\u00e9sticos. Dreame est\u00e1 haciendo el camino al rev\u00e9s<\/a><\/p>\n","protected":false},"excerpt":{"rendered":"Un componente vital de nuestros m\u00f3viles se encuentra en una espiral de subida de precios: la memoria RAM.&hellip;\n","protected":false},"author":2,"featured_media":300188,"comment_status":"","ping_status":"","sticky":false,"template":"","format":"standard","meta":{"footnotes":""},"categories":[81],"tags":[119,123,124,25,24,117,121,122,23,118,120],"class_list":{"0":"post-300187","1":"post","2":"type-post","3":"status-publish","4":"format-standard","5":"has-post-thumbnail","7":"category-ciencia-y-tecnologia","8":"tag-ciencia","9":"tag-ciencia-y-tecnologia","10":"tag-cienciaytecnologia","11":"tag-es","12":"tag-espana","13":"tag-science","14":"tag-science-and-technology","15":"tag-scienceandtechnology","16":"tag-spain","17":"tag-technology","18":"tag-tecnologia"},"share_on_mastodon":{"url":"https:\/\/pubeurope.com\/@es\/115759181335889291","error":""},"_links":{"self":[{"href":"https:\/\/www.europesays.com\/es\/wp-json\/wp\/v2\/posts\/300187","targetHints":{"allow":["GET"]}}],"collection":[{"href":"https:\/\/www.europesays.com\/es\/wp-json\/wp\/v2\/posts"}],"about":[{"href":"https:\/\/www.europesays.com\/es\/wp-json\/wp\/v2\/types\/post"}],"author":[{"embeddable":true,"href":"https:\/\/www.europesays.com\/es\/wp-json\/wp\/v2\/users\/2"}],"replies":[{"embeddable":true,"href":"https:\/\/www.europesays.com\/es\/wp-json\/wp\/v2\/comments?post=300187"}],"version-history":[{"count":0,"href":"https:\/\/www.europesays.com\/es\/wp-json\/wp\/v2\/posts\/300187\/revisions"}],"wp:featuredmedia":[{"embeddable":true,"href":"https:\/\/www.europesays.com\/es\/wp-json\/wp\/v2\/media\/300188"}],"wp:attachment":[{"href":"https:\/\/www.europesays.com\/es\/wp-json\/wp\/v2\/media?parent=300187"}],"wp:term":[{"taxonomy":"category","embeddable":true,"href":"https:\/\/www.europesays.com\/es\/wp-json\/wp\/v2\/categories?post=300187"},{"taxonomy":"post_tag","embeddable":true,"href":"https:\/\/www.europesays.com\/es\/wp-json\/wp\/v2\/tags?post=300187"}],"curies":[{"name":"wp","href":"https:\/\/api.w.org\/{rel}","templated":true}]}}