{"id":300193,"date":"2025-12-21T19:23:23","date_gmt":"2025-12-21T19:23:23","guid":{"rendered":"https:\/\/www.europesays.com\/es\/300193\/"},"modified":"2025-12-21T19:23:23","modified_gmt":"2025-12-21T19:23:23","slug":"la-xv-san-silvestre-de-benidorm-reune-a-casi-900-participantes-por-las-calles-de-la-ciudad","status":"publish","type":"post","link":"https:\/\/www.europesays.com\/es\/300193\/","title":{"rendered":"La XV San Silvestre de Benidorm re\u00fane a casi 900 participantes por las calles de la ciudad"},"content":{"rendered":"<p>Benidorm ha celebrado esta ma\u00f1ana la d\u00e9cimoquinta edici\u00f3n de la San Silvestre Christmas Run, un evento l\u00fadico y deportivo que ha congregado a casi 900 participantes en las tres competiciones en que se divide: carrera, marcha n\u00f3rdica y andarines. El vencedor absoluto de la prueba ha sido el joven brit\u00e1nico de 16 a\u00f1os, Remi Michael Clifford, con un tiempo de 18\u201932\u201d sobre un recorrido de poco menos de seis kil\u00f3metros. En mujeres, la primera clasificada ha sido Ainhoa Etxegarai, con un crono de 22\u201945\u201d.<\/p>\n<p>A las diez de la ma\u00f1ana, el alcalde Toni P\u00e9rez ha dado la salida a la carrera en medio de un ambiente muy festivo y con una gran parte de los corredores ataviados con disfraces y elementos navide\u00f1os. El recorrido ha partido desde la avenida Europa y ha continuado por el Paseo de Levante hacia el Torrej\u00f3. Desde all\u00ed se ha girado en direcci\u00f3n P\u00e9rez Llorca, Plaza de la Hispanidad, Avenida del Mediterr\u00e1neo para despu\u00e9s volver a tomar la direcci\u00f3n de la playa de Levante en la avenida Europa, continuar hasta Ametlla de Mar y regresar por la misma playa.\u00a0<\/p>\n<p>Cerca de 900 personas han tomado la salida en las tres pruebas deportivas de la San Silvestre en la que, adem\u00e1s, se ha celebrado el ya tradicional concurso de disfraces en categor\u00edas individual y de equipo.\u00a0<br \/>El alcalde y otros miembros del equipo de gobierno municipal han animado a los participantes hasta la hora de la entrega de premios que ha tenido lugar al finalizar las carreras infantiles.\u00a0<\/p>\n<p>En lo deportivo, tras el brit\u00e1nico Remi Michael Clifford ha llegado Jorge Mateu con un tiempo de 18\u201946\u201d y el podio lo ha completado el local Juanan Fern\u00e1ndez con 19\u201923\u201d. En mujeres, la primera plaza ha sido para Ainhoa Etxegarai y tras ella han entrado Blanca Garc\u00eda y Marta Madrid. En cuanto a los atletas locales, el primer clasificado masculino ha sido Juanan Fern\u00e1ndez, seguido de Ximo Santonja y Rub\u00e9n Caballero. En f\u00e9minas, la primera local ha quedado Svetlana Holosna, segunda ha sido Sonia Tirado y tercera Kateryna Kuzmina.<br \/>\u00a0<\/p>\n","protected":false},"excerpt":{"rendered":"Benidorm ha celebrado esta ma\u00f1ana la d\u00e9cimoquinta edici\u00f3n de la San Silvestre Christmas Run, un evento l\u00fadico y&hellip;\n","protected":false},"author":2,"featured_media":300194,"comment_status":"","ping_status":"","sticky":false,"template":"","format":"standard","meta":{"footnotes":""},"categories":[8],"tags":[17,18,71234,168,25,24,13,14,11,16421,19,20,3151,9,10,15,16,23,12,2506,21,22],"class_list":{"0":"post-300193","1":"post","2":"type-post","3":"status-publish","4":"format-standard","5":"has-post-thumbnail","7":"category-espana","8":"tag-breaking-news","9":"tag-breakingnews","10":"tag-carrera-san-silvestre","11":"tag-deportes","12":"tag-es","13":"tag-espana","14":"tag-featured-news","15":"tag-featurednews","16":"tag-headlines","17":"tag-javier-jorda","18":"tag-latest-news","19":"tag-latestnews","20":"tag-levante","21":"tag-news","22":"tag-noticias","23":"tag-noticias-destacadas","24":"tag-noticiasdestacadas","25":"tag-spain","26":"tag-titulares","27":"tag-toni-perez","28":"tag-ultimas-noticias","29":"tag-ultimasnoticias"},"share_on_mastodon":{"url":"https:\/\/pubeurope.com\/@es\/115759192806312054","error":""},"_links":{"self":[{"href":"https:\/\/www.europesays.com\/es\/wp-json\/wp\/v2\/posts\/300193","targetHints":{"allow":["GET"]}}],"collection":[{"href":"https:\/\/www.europesays.com\/es\/wp-json\/wp\/v2\/posts"}],"about":[{"href":"https:\/\/www.europesays.com\/es\/wp-json\/wp\/v2\/types\/post"}],"author":[{"embeddable":true,"href":"https:\/\/www.europesays.com\/es\/wp-json\/wp\/v2\/users\/2"}],"replies":[{"embeddable":true,"href":"https:\/\/www.europesays.com\/es\/wp-json\/wp\/v2\/comments?post=300193"}],"version-history":[{"count":0,"href":"https:\/\/www.europesays.com\/es\/wp-json\/wp\/v2\/posts\/300193\/revisions"}],"wp:featuredmedia":[{"embeddable":true,"href":"https:\/\/www.europesays.com\/es\/wp-json\/wp\/v2\/media\/300194"}],"wp:attachment":[{"href":"https:\/\/www.europesays.com\/es\/wp-json\/wp\/v2\/media?parent=300193"}],"wp:term":[{"taxonomy":"category","embeddable":true,"href":"https:\/\/www.europesays.com\/es\/wp-json\/wp\/v2\/categories?post=300193"},{"taxonomy":"post_tag","embeddable":true,"href":"https:\/\/www.europesays.com\/es\/wp-json\/wp\/v2\/tags?post=300193"}],"curies":[{"name":"wp","href":"https:\/\/api.w.org\/{rel}","templated":true}]}}