{"id":300195,"date":"2025-12-21T19:24:10","date_gmt":"2025-12-21T19:24:10","guid":{"rendered":"https:\/\/www.europesays.com\/es\/300195\/"},"modified":"2025-12-21T19:24:10","modified_gmt":"2025-12-21T19:24:10","slug":"kounde-dio-el-susto-pero-el-club-dice-que-no-tiene-nada-grave","status":"publish","type":"post","link":"https:\/\/www.europesays.com\/es\/300195\/","title":{"rendered":"Kound\u00e9 dio el susto pero el club dice que no tiene nada grave"},"content":{"rendered":"<p data-gtm-element-container=\"modulo-texto-link\" class=\"paragraph\">El <strong>Barcelona <\/strong>cerr\u00f3 el partido en <strong>Villarreal <\/strong>con <strong>Jules Kound\u00e9<\/strong>\u00a0&#8216;tocado&#8217;. El lateral franc\u00e9s se tir\u00f3 al suelo poco antes del minuto 80 de partido, cuando los castellonenses se dispon\u00edan a lanzar un c\u00f3rner y tuvo que ser atendido por los servicios m\u00e9dicos azulgrana. <strong>Marc Casad\u00f3<\/strong> entr\u00f3 al campo para jugar de lateral, como en <strong>Guadalajara <\/strong>en el partido de <strong>Copa del Rey<\/strong>. Con <strong>Eric <\/strong>afianzado en el centro del campo, quedar\u00eda como la primera opci\u00f3n para el lateral.<\/p>\n<p data-gtm-element-container=\"modulo-texto-link\" class=\"paragraph\"><strong>Kound\u00e9 <\/strong>hizo un gesto al banquillo con la mano con el que expres\u00f3 que no se sent\u00eda del todo seguro sobre si pod\u00eda continuar. <strong>Hansi Flick<\/strong> no quiso correr riesgos y lo sustituy\u00f3. El entrenador fue optimista al final del encuentro. \u00abCreo que est\u00e1 bien. Los \u00faltimos 3-4 d\u00edas tuvo problemas, estuvo enfermo. Creo que no est\u00e1 tan mal como parec\u00eda\u00bb, apunt\u00f3 el t\u00e9cnico. Sobre el gesto del lateral, explic\u00f3 que se trat\u00f3 de un calambre.\u00a0<\/p>\n<p>    Lee tambi\u00e9n<\/p>\n<p data-gtm-element-container=\"modulo-texto-link\" class=\"paragraph\">Otras fuentes del club azulgrana apuntaron que el franc\u00e9s no est\u00e1 lesionado. A finales del curso pasado, unos problemas musculares le tuvieron apartado del equipo durante algo m\u00e1s de un mes. A falta de comunicado m\u00e9dico, si es que finalmente hay lesi\u00f3n, el <strong>Barcelona <\/strong>tiene por delante el derbi contra el <strong>Espanyol <\/strong>y la disputa de la <strong>Supercopa de Espa\u00f1a<\/strong>.<\/p>\n","protected":false},"excerpt":{"rendered":"El Barcelona cerr\u00f3 el partido en Villarreal con Jules Kound\u00e9\u00a0&#8216;tocado&#8217;. El lateral franc\u00e9s se tir\u00f3 al suelo poco&hellip;\n","protected":false},"author":2,"featured_media":300196,"comment_status":"","ping_status":"","sticky":false,"template":"","format":"standard","meta":{"footnotes":""},"categories":[5],"tags":[17,18,25,24,13,14,11,19,20,9,10,15,16,23,12,21,22],"class_list":{"0":"post-300195","1":"post","2":"type-post","3":"status-publish","4":"format-standard","5":"has-post-thumbnail","7":"category-titulares","8":"tag-breaking-news","9":"tag-breakingnews","10":"tag-es","11":"tag-espana","12":"tag-featured-news","13":"tag-featurednews","14":"tag-headlines","15":"tag-latest-news","16":"tag-latestnews","17":"tag-news","18":"tag-noticias","19":"tag-noticias-destacadas","20":"tag-noticiasdestacadas","21":"tag-spain","22":"tag-titulares","23":"tag-ultimas-noticias","24":"tag-ultimasnoticias"},"share_on_mastodon":{"url":"https:\/\/pubeurope.com\/@es\/115759196579658334","error":""},"_links":{"self":[{"href":"https:\/\/www.europesays.com\/es\/wp-json\/wp\/v2\/posts\/300195","targetHints":{"allow":["GET"]}}],"collection":[{"href":"https:\/\/www.europesays.com\/es\/wp-json\/wp\/v2\/posts"}],"about":[{"href":"https:\/\/www.europesays.com\/es\/wp-json\/wp\/v2\/types\/post"}],"author":[{"embeddable":true,"href":"https:\/\/www.europesays.com\/es\/wp-json\/wp\/v2\/users\/2"}],"replies":[{"embeddable":true,"href":"https:\/\/www.europesays.com\/es\/wp-json\/wp\/v2\/comments?post=300195"}],"version-history":[{"count":0,"href":"https:\/\/www.europesays.com\/es\/wp-json\/wp\/v2\/posts\/300195\/revisions"}],"wp:featuredmedia":[{"embeddable":true,"href":"https:\/\/www.europesays.com\/es\/wp-json\/wp\/v2\/media\/300196"}],"wp:attachment":[{"href":"https:\/\/www.europesays.com\/es\/wp-json\/wp\/v2\/media?parent=300195"}],"wp:term":[{"taxonomy":"category","embeddable":true,"href":"https:\/\/www.europesays.com\/es\/wp-json\/wp\/v2\/categories?post=300195"},{"taxonomy":"post_tag","embeddable":true,"href":"https:\/\/www.europesays.com\/es\/wp-json\/wp\/v2\/tags?post=300195"}],"curies":[{"name":"wp","href":"https:\/\/api.w.org\/{rel}","templated":true}]}}