{"id":300218,"date":"2025-12-21T19:42:14","date_gmt":"2025-12-21T19:42:14","guid":{"rendered":"https:\/\/www.europesays.com\/es\/300218\/"},"modified":"2025-12-21T19:42:14","modified_gmt":"2025-12-21T19:42:14","slug":"la-reflexion-de-silvia-abril-tras-no-presentar-las-campanadas-de-tve-junto-a-buenafuente","status":"publish","type":"post","link":"https:\/\/www.europesays.com\/es\/300218\/","title":{"rendered":"La reflexi\u00f3n de Silvia Abril tras no presentar las Campanadas de TVE junto a Buenafuente"},"content":{"rendered":"<p data-journey-content=\"true\" data-node-id=\"3\" class=\"css-6wxqfj emevuu60\"><strong data-node-id=\"3.0\">Fue una de las noticias m\u00e1s inesperadas de este 2025.<\/strong> La <a href=\"https:\/\/www.diezminutos.es\/teleprograma\/programas-tv\/a69705874\/andreu-buenafuente-silvia-abril-campanadas-tve-no-presentaran\/\" target=\"_blank\" data-vars-ga-outbound-link=\"https:\/\/www.diezminutos.es\/teleprograma\/programas-tv\/a69705874\/andreu-buenafuente-silvia-abril-campanadas-tve-no-presentaran\/\" data-vars-ga-ux-element=\"Hyperlink\" data-vars-ga-call-to-action=\"baja definitiva de Silvia Abril y Andreu Buenafuente de las Campanadas.\" data-node-id=\"3.2\" class=\"body-link css-177bzfx emevuu60\" rel=\"nofollow noopener\">baja definitiva de Silvia Abril y Andreu Buenafuente de las Campanadas.<\/a> Una noticia que sorprendi\u00f3 a propios y extra\u00f1os que esperaban ver al matrimonio en la retransmisi\u00f3n m\u00e1s esperada del a\u00f1o.  La noticia llegaba el pasado 12 de diciembre como un jarro de agua fr\u00eda para sus seguidores m\u00e1s incondicionales que esperaban despedir el a\u00f1o junto a sus \u00eddolos. Sin embargo, este a\u00f1o no va a poder ser,<a href=\"https:\/\/www.diezminutos.es\/teleprograma\/programas-tv\/a69481663\/andreu-buenafuente-silvia-abril-campanadas-tve-presentadores\/\" target=\"_blank\" data-vars-ga-outbound-link=\"https:\/\/www.diezminutos.es\/teleprograma\/programas-tv\/a69481663\/andreu-buenafuente-silvia-abril-campanadas-tve-presentadores\/\" data-vars-ga-ux-element=\"Hyperlink\" data-vars-ga-call-to-action=\" a pesar de que postulaban como la pareja perfecta.\" data-node-id=\"3.4\" class=\"body-link css-177bzfx emevuu60\" rel=\"nofollow noopener\"> a pesar de que postulaban como la pareja perfecta.<\/a> <\/p>\n<p data-journey-content=\"true\" data-node-id=\"6\" class=\"css-6wxqfj emevuu60\"> Las primeras pistas las dios el propio <strong data-node-id=\"6.1\">Andreu Buenafuente cuando a golpe de comunicado anunci\u00f3 su par\u00f3n profesional.<\/strong> Primero cancelaba las grabaciones de &#8216;Futuro imperfecto&#8217; en TVE pro problemas de salud, pero en su comunicado se\u00f1al\u00f3 que s\u00ed estar\u00eda en la \u00faltima noche del a\u00f1o. <\/p>\n<p data-journey-content=\"true\" data-node-id=\"9\" class=\"css-6wxqfj emevuu60\"> Sin embargo, el propio Buenafuente explic\u00f3 en un v\u00eddeo que public\u00f3 el pasado 12 de diciembre en sus redes sociales que<strong data-node-id=\"9.1\"> no podr\u00e1 presentar las Campanadas junto a su mujer debido a un periodo de descanso<\/strong> que debe alargar por motivos de salud. Desvelaba que, por \u00abprescripci\u00f3n m\u00e9dica\u00bb por exceso de carga laboral y con el objetivo de volver \u00abbien\u00bb y completamente recuperado a sus proyectos profesionales, cancelaba su participaci\u00f3n en las Campanadas.<\/p>\n<p data-journey-content=\"true\" data-node-id=\"13\" class=\"css-6wxqfj emevuu60\">Ahora ha sido<strong data-node-id=\"13.1\"> Silvia Abril quien ha compartido una escueta reflexi\u00f3n que va en la misma l\u00ednea<\/strong> de hacer un par\u00f3n para recuperar la salud mental. \u00abEmpezar a parar por fin\u2026\u00bb, ha escrito la humorista en catal\u00e1n en una historia de Instagram en una imagen en la que parece que se escapan a un lugar de descanso a las afueras de la ciudad. <\/p>\n<p data-journey-content=\"true\" data-node-id=\"15\" class=\"css-6wxqfj emevuu60\"> Esperemos que este tiempo de descanso les sirva a ambos para recuperar fuerzas y comenzar el 2026 con esa alegr\u00eda que tanto les caracteriza. Y mientras ellos cogen fuerzas, RTVE ha buscado unos sustitutos perfectos para la retransmisi\u00f3n m\u00e1s vista del a\u00f1o. Ser\u00e1 Estopa y Chenoa los que compitan en la \u00faltima noche del a\u00f1o con Cristina Pedroche o Laura Escanes. <\/p>\n<p><img draggable=\"true\" alt=\"group of individuals interacting outside a building at night\" title=\"group of individuals interacting outside a building at night\" loading=\"lazy\" width=\"3500\" height=\"2266\" decoding=\"async\" data-nimg=\"1\" style=\"color:transparent;width:100%;height:auto;\"   src=\"https:\/\/www.europesays.com\/es\/wp-content\/uploads\/2025\/12\/estopa-chenoa-69459625b1a29.jpg\" class=\"css-0 e1g79fud0\"\/><\/p>\n<p>Europa Press News<\/p>\n<p><img src=\"https:\/\/www.europesays.com\/es\/wp-content\/uploads\/2025\/12\/1766346134_852_4104b2dc-9d92-4a2f-a41f-327dc6377620_1734436473.jpg\" alt=\"Headshot of Valentina Vera\" title=\"Headshot of Valentina Vera\" width=\"100%\" height=\"100%\" decoding=\"async\" loading=\"lazy\" class=\"css-o0wq4v ev8dhu53\"\/><\/p>\n<p>Valentina Vera es una periodista experta en cr\u00f3nica rosa, realidad, &#8216;reality&#8217;, moda y belleza. Siempre al d\u00eda de las \u00faltimas novedades de los famosos nacionales e internacionales y de las casas reales europeas. Su trabajo como redactora le permite ser testigo de las bodas de los personajes m\u00e1s relevantes del panorama social; de alfombras rojas; de funerales de Estado o de acontecimientos hist\u00f3ricos: como la proclamaci\u00f3n de Felipe VI como Rey o la coronaci\u00f3n de Carlos III de Inglaterra.<br \/>\nLicenciada en Periodismo por la Universidad Complutense de Madrid. Comenz\u00f3 su andadura en el mundo del coraz\u00f3n en el a\u00f1o 2013 en la revista \u00a1Hola! Y desde 2014 forma parte del grupo Hearst, donde ha ido adquiriendo experiencia tanto en la edici\u00f3n impresa como en el formato web de la revista Diez Minutos.<br \/>\nEl medio digital le apasiona por la inmediatez en la que sus lectores pueden ser testigos de lo que sucede en la vida de los famosos desde cualquier parte del mundo. Instagram, Twitter y TikTok se han convertido en una herramienta m\u00e1s de informaci\u00f3n a la hora de crear, gestionar y organizar el contenido, ya que le permiten conocer la \u00faltima hora de lo que sucede en la vida de los famosos.<br \/>\nEn constante formaci\u00f3n de estrategias y t\u00e9cnicas de optimizaci\u00f3n digital para su trabajo como redactora, en la actualidad tambi\u00e9n se encuentra estudiando Diet\u00e9tica. Llevar un estilo de vida saludable es algo que le apasiona y cree que la nutrici\u00f3n es una parte fundamental.<\/p>\n","protected":false},"excerpt":{"rendered":"Fue una de las noticias m\u00e1s inesperadas de este 2025. La baja definitiva de Silvia Abril y Andreu&hellip;\n","protected":false},"author":2,"featured_media":300219,"comment_status":"","ping_status":"","sticky":false,"template":"","format":"standard","meta":{"footnotes":""},"categories":[91],"tags":[253,146,147,25,24,23],"class_list":{"0":"post-300218","1":"post","2":"type-post","3":"status-publish","4":"format-standard","5":"has-post-thumbnail","7":"category-entretenimiento","8":"tag-discover","9":"tag-entertainment","10":"tag-entretenimiento","11":"tag-es","12":"tag-espana","13":"tag-spain"},"share_on_mastodon":{"url":"https:\/\/pubeurope.com\/@es\/115759267989083412","error":""},"_links":{"self":[{"href":"https:\/\/www.europesays.com\/es\/wp-json\/wp\/v2\/posts\/300218","targetHints":{"allow":["GET"]}}],"collection":[{"href":"https:\/\/www.europesays.com\/es\/wp-json\/wp\/v2\/posts"}],"about":[{"href":"https:\/\/www.europesays.com\/es\/wp-json\/wp\/v2\/types\/post"}],"author":[{"embeddable":true,"href":"https:\/\/www.europesays.com\/es\/wp-json\/wp\/v2\/users\/2"}],"replies":[{"embeddable":true,"href":"https:\/\/www.europesays.com\/es\/wp-json\/wp\/v2\/comments?post=300218"}],"version-history":[{"count":0,"href":"https:\/\/www.europesays.com\/es\/wp-json\/wp\/v2\/posts\/300218\/revisions"}],"wp:featuredmedia":[{"embeddable":true,"href":"https:\/\/www.europesays.com\/es\/wp-json\/wp\/v2\/media\/300219"}],"wp:attachment":[{"href":"https:\/\/www.europesays.com\/es\/wp-json\/wp\/v2\/media?parent=300218"}],"wp:term":[{"taxonomy":"category","embeddable":true,"href":"https:\/\/www.europesays.com\/es\/wp-json\/wp\/v2\/categories?post=300218"},{"taxonomy":"post_tag","embeddable":true,"href":"https:\/\/www.europesays.com\/es\/wp-json\/wp\/v2\/tags?post=300218"}],"curies":[{"name":"wp","href":"https:\/\/api.w.org\/{rel}","templated":true}]}}