{"id":300226,"date":"2025-12-21T19:46:23","date_gmt":"2025-12-21T19:46:23","guid":{"rendered":"https:\/\/www.europesays.com\/es\/300226\/"},"modified":"2025-12-21T19:46:23","modified_gmt":"2025-12-21T19:46:23","slug":"concierto-extraordinario-de-navidad-en-la-mezquita-catedral-en-colaboracion-con-la-coordinacion-de-trasplantes-del-hospital-reina-sofia","status":"publish","type":"post","link":"https:\/\/www.europesays.com\/es\/300226\/","title":{"rendered":"Concierto extraordinario de Navidad en la Mezquita-Catedral, en colaboraci\u00f3n con la Coordinaci\u00f3n de Trasplantes del Hospital Reina Sof\u00eda"},"content":{"rendered":"<p>La Mezquita-Catedral de C\u00f3rdoba acogi\u00f3 en la tarde de ayer un <strong>concierto extraordinario de Navidad<\/strong> a cargo de la <strong>Orquesta y Coro del Cabildo Catedral de C\u00f3rdoba<\/strong>, que reuni\u00f3 a numerosos fieles y amantes de la m\u00fasica sacra en un encuentro de profunda belleza y significado espiritual.<\/p>\n<p>Este concierto, que pone el broche de oro a la programaci\u00f3n musical de Adviento, se ha organizado en <strong>colaboraci\u00f3n con la Coordinaci\u00f3n de Trasplantes del Hospital Universitario Reina Sof\u00eda de C\u00f3rdoba<\/strong>, con el objetivo de reforzar la <strong>concienciaci\u00f3n sobre la importancia de la donaci\u00f3n de \u00f3rganos<\/strong> como gesto de solidaridad y esperanza para salvar vidas, un mensaje que acompa\u00f1a el esp\u00edritu de la Navidad. <a href=\"https:\/\/mezquita-catedraldecordoba.es\/comunicacion\/noticia\/notas-de-prensa\/concierto-extraordinario-de-navidad-2\/?utm_source=chatgpt.com\" rel=\"noopener nofollow\" target=\"_blank\">Mezquita-Catedral de C\u00f3rdoba<\/a><\/p>\n<p>Bajo la direcci\u00f3n de <strong>Clemente Mata<\/strong>, la Orquesta y Coro ofrecieron un repertorio de alto nivel art\u00edstico, interpretando obras seleccionadas que resonaron en el marco incomparable del templo, declarado Patrimonio Mundial. La entrada al concierto fue libre hasta completar el aforo, facilitando as\u00ed el acceso de toda la comunidad a esta experiencia cultural y espiritual.<\/p>\n<p>La colaboraci\u00f3n entre el Cabildo Catedral y el Hospital Reina Sof\u00eda subraya el compromiso con causas de <strong>impacto social<\/strong>, integrando arte, cultura y valores humanos en una iniciativa que trasciende lo estrictamente musical.<\/p>\n<p>El Cabildo Catedral de C\u00f3rdoba agradece la participaci\u00f3n del p\u00fablico, la coordinaci\u00f3n del Hospital Reina Sof\u00eda y el trabajo de todos los m\u00fasicos y t\u00e9cnicos que hicieron posible esta velada que quedar\u00e1 en el recuerdo de la vida cultural y lit\u00fargica de la ciudad.<\/p>\n","protected":false},"excerpt":{"rendered":"La Mezquita-Catedral de C\u00f3rdoba acogi\u00f3 en la tarde de ayer un concierto extraordinario de Navidad a cargo de&hellip;\n","protected":false},"author":2,"featured_media":300227,"comment_status":"","ping_status":"","sticky":false,"template":"","format":"standard","meta":{"footnotes":""},"categories":[8],"tags":[17,18,2760,71258,71253,71242,71257,25,24,13,14,11,71254,71244,71255,71245,71241,19,20,17657,71249,71238,71247,71240,71248,71239,71250,9,10,15,16,71246,71252,23,12,21,22,71256,71251,71243],"class_list":{"0":"post-300226","1":"post","2":"type-post","3":"status-publish","4":"format-standard","5":"has-post-thumbnail","7":"category-espana","8":"tag-breaking-news","9":"tag-breakingnews","10":"tag-cordoba","11":"tag-cordoba-catedral","12":"tag-cordoba-la-mezquita","13":"tag-cordoba-mezquita","14":"tag-cordoba-mezquita-catedral","15":"tag-es","16":"tag-espana","17":"tag-featured-news","18":"tag-featurednews","19":"tag-headlines","20":"tag-horario-mezquita-cordoba","21":"tag-la-mezquita","22":"tag-la-mezquita-catedral-de-cordoba","23":"tag-la-mezquita-cordoba","24":"tag-la-mezquita-de-cordoba","25":"tag-latest-news","26":"tag-latestnews","27":"tag-mezquita","28":"tag-mezquita-catedral","29":"tag-mezquita-catedral-cordoba","30":"tag-mezquita-catedral-de-cordoba","31":"tag-mezquita-cordoba","32":"tag-mezquita-cordoba-tickets","33":"tag-mezquita-de-cordoba","34":"tag-mezquita-de-cordoba-horarios","35":"tag-news","36":"tag-noticias","37":"tag-noticias-destacadas","38":"tag-noticiasdestacadas","39":"tag-que-visitar-en-cordoba","40":"tag-sitios-para-visitar-en-cordoba","41":"tag-spain","42":"tag-titulares","43":"tag-ultimas-noticias","44":"tag-ultimasnoticias","45":"tag-visita-nocturna-mezquita","46":"tag-visita-nocturna-mezquita-cordoba","47":"tag-visitar-cordoba"},"share_on_mastodon":{"url":"","error":"Validation failed: Text character limit of 500 exceeded"},"_links":{"self":[{"href":"https:\/\/www.europesays.com\/es\/wp-json\/wp\/v2\/posts\/300226","targetHints":{"allow":["GET"]}}],"collection":[{"href":"https:\/\/www.europesays.com\/es\/wp-json\/wp\/v2\/posts"}],"about":[{"href":"https:\/\/www.europesays.com\/es\/wp-json\/wp\/v2\/types\/post"}],"author":[{"embeddable":true,"href":"https:\/\/www.europesays.com\/es\/wp-json\/wp\/v2\/users\/2"}],"replies":[{"embeddable":true,"href":"https:\/\/www.europesays.com\/es\/wp-json\/wp\/v2\/comments?post=300226"}],"version-history":[{"count":0,"href":"https:\/\/www.europesays.com\/es\/wp-json\/wp\/v2\/posts\/300226\/revisions"}],"wp:featuredmedia":[{"embeddable":true,"href":"https:\/\/www.europesays.com\/es\/wp-json\/wp\/v2\/media\/300227"}],"wp:attachment":[{"href":"https:\/\/www.europesays.com\/es\/wp-json\/wp\/v2\/media?parent=300226"}],"wp:term":[{"taxonomy":"category","embeddable":true,"href":"https:\/\/www.europesays.com\/es\/wp-json\/wp\/v2\/categories?post=300226"},{"taxonomy":"post_tag","embeddable":true,"href":"https:\/\/www.europesays.com\/es\/wp-json\/wp\/v2\/tags?post=300226"}],"curies":[{"name":"wp","href":"https:\/\/api.w.org\/{rel}","templated":true}]}}