{"id":300228,"date":"2025-12-21T19:47:09","date_gmt":"2025-12-21T19:47:09","guid":{"rendered":"https:\/\/www.europesays.com\/es\/300228\/"},"modified":"2025-12-21T19:47:09","modified_gmt":"2025-12-21T19:47:09","slug":"joan-garcia-le-da-la-razon-a-flick","status":"publish","type":"post","link":"https:\/\/www.europesays.com\/es\/300228\/","title":{"rendered":"Joan Garcia le da la raz\u00f3n a Flick"},"content":{"rendered":"<p data-gtm-element-container=\"modulo-texto-link\" class=\"paragraph\">El <strong>Bar\u00e7a <\/strong>logr\u00f3 certificar su campeonato de invierno una jornada antes de que concluya la primera vuelta gracias a su triunfo ante el <strong>Villarreal <\/strong>en La Cer\u00e1mica con los goles de <strong>Raphinha<\/strong>, de penalti, y de <strong>Lamine Yamal<\/strong>. Sin embargo, en el Bar\u00e7a tambi\u00e9n brill\u00f3 con luz propia <strong>Joan Garcia<\/strong>. El guardameta de Sallent le dio la raz\u00f3n a <strong>Hansi Flick<\/strong>, que desde que regres\u00f3 <strong>Marc ter Stegen<\/strong> de la lesi\u00f3n ha reiterado en varias ocasiones que <strong>Joan Garcia<\/strong> es su portero n\u00famero 1, con varias intervenciones destacadas.\u00a0<\/p>\n<p data-gtm-element-container=\"modulo-texto-link\" class=\"paragraph\">En el minuto 37, y con 0-1 a\u00fan en el marcador,<strong> Joan Garcia<\/strong> se hizo grande ante la internada de Buchanan para evitar que el delantero del Villarreal lograra meter el bal\u00f3n dentro de su porter\u00eda, minimizando tambi\u00e9n el error inicial de <strong>Balde <\/strong>en la entrega.\u00a0\u00a0<\/p>\n<p>    Lee tambi\u00e9n<\/p>\n<p data-gtm-element-container=\"modulo-texto-link\" class=\"paragraph\">En la segunda parte, y con solo un minuto de diferencia, <strong>Joan Garcia <\/strong>hizo otras dos paradas de mucho m\u00e9rito. Primero, en un bal\u00f3n colgado en el \u00e1rea azulgrana tras una falta lateral, desbarat\u00f3 un remate de <strong>Cardona <\/strong>y posteriormente, evita que<strong> Rafa Mar\u00edn <\/strong>logre batirlo con otra estirada impresionante. La acci\u00f3n acab\u00f3 invalidada por fuera de juego, pero por si acaso, el de Sallent ya hab\u00eda evitado el gol.\u00a0\u00a0<\/p>\n","protected":false},"excerpt":{"rendered":"El Bar\u00e7a logr\u00f3 certificar su campeonato de invierno una jornada antes de que concluya la primera vuelta gracias&hellip;\n","protected":false},"author":2,"featured_media":300229,"comment_status":"","ping_status":"","sticky":false,"template":"","format":"standard","meta":{"footnotes":""},"categories":[5],"tags":[17,18,25,24,13,14,11,19,20,9,10,15,16,23,12,21,22],"class_list":{"0":"post-300228","1":"post","2":"type-post","3":"status-publish","4":"format-standard","5":"has-post-thumbnail","7":"category-titulares","8":"tag-breaking-news","9":"tag-breakingnews","10":"tag-es","11":"tag-espana","12":"tag-featured-news","13":"tag-featurednews","14":"tag-headlines","15":"tag-latest-news","16":"tag-latestnews","17":"tag-news","18":"tag-noticias","19":"tag-noticias-destacadas","20":"tag-noticiasdestacadas","21":"tag-spain","22":"tag-titulares","23":"tag-ultimas-noticias","24":"tag-ultimasnoticias"},"share_on_mastodon":{"url":"https:\/\/pubeurope.com\/@es\/115759287094718045","error":""},"_links":{"self":[{"href":"https:\/\/www.europesays.com\/es\/wp-json\/wp\/v2\/posts\/300228","targetHints":{"allow":["GET"]}}],"collection":[{"href":"https:\/\/www.europesays.com\/es\/wp-json\/wp\/v2\/posts"}],"about":[{"href":"https:\/\/www.europesays.com\/es\/wp-json\/wp\/v2\/types\/post"}],"author":[{"embeddable":true,"href":"https:\/\/www.europesays.com\/es\/wp-json\/wp\/v2\/users\/2"}],"replies":[{"embeddable":true,"href":"https:\/\/www.europesays.com\/es\/wp-json\/wp\/v2\/comments?post=300228"}],"version-history":[{"count":0,"href":"https:\/\/www.europesays.com\/es\/wp-json\/wp\/v2\/posts\/300228\/revisions"}],"wp:featuredmedia":[{"embeddable":true,"href":"https:\/\/www.europesays.com\/es\/wp-json\/wp\/v2\/media\/300229"}],"wp:attachment":[{"href":"https:\/\/www.europesays.com\/es\/wp-json\/wp\/v2\/media?parent=300228"}],"wp:term":[{"taxonomy":"category","embeddable":true,"href":"https:\/\/www.europesays.com\/es\/wp-json\/wp\/v2\/categories?post=300228"},{"taxonomy":"post_tag","embeddable":true,"href":"https:\/\/www.europesays.com\/es\/wp-json\/wp\/v2\/tags?post=300228"}],"curies":[{"name":"wp","href":"https:\/\/api.w.org\/{rel}","templated":true}]}}