{"id":300238,"date":"2025-12-21T19:57:08","date_gmt":"2025-12-21T19:57:08","guid":{"rendered":"https:\/\/www.europesays.com\/es\/300238\/"},"modified":"2025-12-21T19:57:08","modified_gmt":"2025-12-21T19:57:08","slug":"muere-celso-bugallo-uno-de-los-grandes-secundarios-del-cine-espanol","status":"publish","type":"post","link":"https:\/\/www.europesays.com\/es\/300238\/","title":{"rendered":"Muere Celso Bugallo, uno de los grandes secundarios del cine espa\u00f1ol"},"content":{"rendered":"<p class=\"v-mdl-ath__p v-mdl-ath__p--6\">\nDomingo, 21 de diciembre 2025, 17:05<\/p>\n<p>| Actualizado 17:34h.<\/p>\n<p class=\"v-p\">Este fin de semana ha fallecido en su Pontevedra natal y actual lugar de residencia, a los 78 a\u00f1os de edad, el actor Celso Bugallo, uno de los mejores secundarios del cine espa\u00f1ol de las \u00faltimas d\u00e9cadas. Estaba previsto que este domingo fuese incinerado en una ceremonia \u00edntima. <\/p>\n<p class=\"v-p\">Bugallo (Sanxenso, 1947), curtido en el teatro independiente desde la d\u00e9cada de los setenta, no debut\u00f3 en la pantalla grande hasta 1999, cuando contaba ya con 52 a\u00f1os. Lo hizo, eso s\u00ed, con una gran interpretaci\u00f3n en &#8216;La lengua de las mariposas&#8217;, de Jos\u00e9 Luis Cuerda, y desde entonces no ha parado de enlazar buenos proyectos, pues durante este siglo ha participado con papeles destacados en m\u00e1s de medio centenar de pel\u00edculas, en numerosas series televisivas y en m\u00faltiples producciones teatrales.<\/p>\n<p class=\"v-p\">A &#8216;La lengua de las mariposas&#8217; le sigui\u00f3 &#8216;Los lunes al sol&#8217;, que inici\u00f3 en 2002 lo que se convertir\u00eda en una habitual y fruct\u00edfera colaboraci\u00f3n en los proyectos de Fernando Le\u00f3n de Aranoa. Justo despu\u00e9s vinieron &#8216;El l\u00e1piz del carpintero&#8217; (2003), de Ant\u00f3n Reixa, y &#8216;La vida que te espera (2004), de Manuel Guti\u00e9rrez Arag\u00f3n. <\/p>\n<p class=\"v-p\">Pero su primer gran \u00e9xito y su consagraci\u00f3n en la profesi\u00f3n le lleg\u00f3 en 2005, tras ganar el <a href=\"https:\/\/www.canarias7.es\/pantallas\/premios-goya\/sociedad-nieve-bayona-arrasa-doce-premios-goya-20240211021125-ntrc.html\" target=\"_blank\" data-voc-vtm-id=\"in-text-traffic\" title=\"Goya\" rel=\"nofollow noopener\">Goya<\/a> al mejor actor secundario por su papel de Amador, el hermano en la ficci\u00f3n de Ram\u00f3n Sampedro, en &#8216;Mar adentro&#8217;, de Alejandro Amen\u00e1bar. <\/p>\n<p class=\"v-p\">Diecis\u00e9is a\u00f1os despu\u00e9s estuvo muy cerca de repetir el galard\u00f3n, pues en la edici\u00f3n de 2021 volvi\u00f3 a competir por el Goya al mejor actor secundario por su papel en &#8216;El buen patr\u00f3n&#8217;, esta vez de la mano de Le\u00f3n de Aranoa.<\/p>\n<p>Familia de emigrantes<\/p>\n<p class=\"v-p\">En su larga lista de interpretaciones destacaron tambi\u00e9n los largometrajes &#8216;La isla interior&#8217; o &#8216;Palmeras en la nieve&#8217; y su participaci\u00f3n en series como &#8216;R\u00edas Baixas&#8217;, &#8216;Periodistas&#8217;, &#8216;Los hombres de Paco&#8217; o &#8216;Fari\u00f1a&#8217;.<\/p>\n<p class=\"v-p\">Celso Bugallo naci\u00f3 en la parroquia potevedresa de Vilalonga, en Sanxenxo, pero de muy ni\u00f1o, como tantas familias gallegas, tuvo que emigrar. Su familia recal\u00f3 primero en el Pa\u00eds Vasco y posteriormente en la Rioja. Seg\u00fan explicar\u00eda a\u00f1os m\u00e1s tarde en una entrevista en La Voz de Galicia, fue en Bilbao donde un joven Bugallo vivi\u00f3 una experiencia que acabar\u00eda marcando el resto de su vida. Ese d\u00eda compr\u00f3 una entrada para ver &#8216;Rebelde sin causa&#8217;. Se qued\u00f3 enamorado de la interpretaci\u00f3n de James Dean y desde momento supo que \u00e9l tambi\u00e9n quer\u00eda ser actor.<\/p>\n<p>Reporta un error<\/p>\n","protected":false},"excerpt":{"rendered":"Domingo, 21 de diciembre 2025, 17:05 | Actualizado 17:34h. Este fin de semana ha fallecido en su Pontevedra&hellip;\n","protected":false},"author":2,"featured_media":300239,"comment_status":"","ping_status":"","sticky":false,"template":"","format":"standard","meta":{"footnotes":""},"categories":[174],"tags":[71259,255,19464,146,147,25,24,256,4645,8938,47781,23],"class_list":{"0":"post-300238","1":"post","2":"type-post","3":"status-publish","4":"format-standard","5":"has-post-thumbnail","7":"category-famosos","8":"tag-bugallo","9":"tag-celebrities","10":"tag-celso","11":"tag-entertainment","12":"tag-entretenimiento","13":"tag-es","14":"tag-espana","15":"tag-famosos","16":"tag-grandes","17":"tag-muere","18":"tag-secundarios","19":"tag-spain"},"share_on_mastodon":{"url":"https:\/\/pubeurope.com\/@es\/115759326997651444","error":""},"_links":{"self":[{"href":"https:\/\/www.europesays.com\/es\/wp-json\/wp\/v2\/posts\/300238","targetHints":{"allow":["GET"]}}],"collection":[{"href":"https:\/\/www.europesays.com\/es\/wp-json\/wp\/v2\/posts"}],"about":[{"href":"https:\/\/www.europesays.com\/es\/wp-json\/wp\/v2\/types\/post"}],"author":[{"embeddable":true,"href":"https:\/\/www.europesays.com\/es\/wp-json\/wp\/v2\/users\/2"}],"replies":[{"embeddable":true,"href":"https:\/\/www.europesays.com\/es\/wp-json\/wp\/v2\/comments?post=300238"}],"version-history":[{"count":0,"href":"https:\/\/www.europesays.com\/es\/wp-json\/wp\/v2\/posts\/300238\/revisions"}],"wp:featuredmedia":[{"embeddable":true,"href":"https:\/\/www.europesays.com\/es\/wp-json\/wp\/v2\/media\/300239"}],"wp:attachment":[{"href":"https:\/\/www.europesays.com\/es\/wp-json\/wp\/v2\/media?parent=300238"}],"wp:term":[{"taxonomy":"category","embeddable":true,"href":"https:\/\/www.europesays.com\/es\/wp-json\/wp\/v2\/categories?post=300238"},{"taxonomy":"post_tag","embeddable":true,"href":"https:\/\/www.europesays.com\/es\/wp-json\/wp\/v2\/tags?post=300238"}],"curies":[{"name":"wp","href":"https:\/\/api.w.org\/{rel}","templated":true}]}}