{"id":300240,"date":"2025-12-21T19:58:22","date_gmt":"2025-12-21T19:58:22","guid":{"rendered":"https:\/\/www.europesays.com\/es\/300240\/"},"modified":"2025-12-21T19:58:22","modified_gmt":"2025-12-21T19:58:22","slug":"conseguimos-un-hogar-holistico-basado-en-una-serena-elegancia","status":"publish","type":"post","link":"https:\/\/www.europesays.com\/es\/300240\/","title":{"rendered":"Conseguimos un hogar hol\u00edstico basado en una serena elegancia"},"content":{"rendered":"<p data-journey-content=\"true\" data-node-id=\"2\" class=\"body-dropcap css-z34acw emevuu60\"><strong data-node-id=\"2.0\">Christine Stucker <\/strong>tiene un gusto natural y una mirada intuitiva para convertir los espacios en lugares con sensibilidad. Ella y <strong data-node-id=\"2.2\">James Veal<\/strong> son los fundadores de Stewart &#8211; Schafer , un estudio de arquitectura y dise\u00f1o de interiores con sede en Nueva York y Connecticut que realiza proyectos con esa elegancia norteamericana que irradia siempre emoci\u00f3n para los europeos. Esta vez nos muestran un trabajo realizado <strong data-node-id=\"2.4\">en el lujoso barrio neoyorkino de Brooklyn Heights<\/strong>: una casa familiar de <strong data-node-id=\"2.6\">280 m\u00b2<\/strong><strong data-node-id=\"2.7\">, que es la suma de dos apartamentos<\/strong>. En \u00e9l destacamos un<a href=\"https:\/\/www.elledecor.com\/es\/decoracion\/g34436238\/salones-estilo-nordico-ideas-decoracion\/\" target=\"_blank\" data-vars-ga-outbound-link=\"https:\/\/www.elledecor.com\/es\/decoracion\/g34436238\/salones-estilo-nordico-ideas-decoracion\/\" data-vars-ga-ux-element=\"Hyperlink\" data-vars-ga-call-to-action=\" estilo n\u00f3rdico \" data-node-id=\"2.9\" class=\"body-link css-15fjk10 emevuu60\" rel=\"nofollow noopener\"> estilo n\u00f3rdico <\/a>depurado, carente de elementos superfluos u ornamentales, pero que muestra una atm\u00f3sfera c\u00e1lida y confortable gracias a las maderas y los colores arena que inundan los espacios.<\/p>\n<p><img draggable=\"true\" alt=\"una casa moderna y calida en nueva york decorada por stewart schafer\" title=\"una casa moderna y calida en nueva york decorada por stewart schafer\" loading=\"lazy\" width=\"2016\" height=\"1344\" decoding=\"async\" data-nimg=\"1\" style=\"color:transparent;width:100%;height:auto;\"   src=\"https:\/\/www.europesays.com\/es\/wp-content\/uploads\/2025\/12\/salon-sofa-madera-stewart-scha-fer-6931b993a82e4.jpg\" class=\"css-0 e1g79fud0\"\/><\/p>\n<p>Sarah Elliot<\/p>\n<p><img draggable=\"true\" alt=\"una casa moderna y calida en nueva york decorada por stewart scha\u0308fer\" title=\"una casa moderna y calida en nueva york decorada por stewart schafer\" loading=\"lazy\" width=\"3072\" height=\"2048\" decoding=\"async\" data-nimg=\"1\" style=\"color:transparent;width:100%;height:auto;\"   src=\"https:\/\/www.europesays.com\/es\/wp-content\/uploads\/2025\/12\/salon-cuadro-arte-estudio-stewart-scha-fer-6931b957cf155.jpg\" class=\"css-0 e1g79fud0\"\/><\/p>\n<p>Sarah Elliot<\/p>\n<p data-journey-content=\"true\" data-node-id=\"7\" class=\"css-6wxqfj emevuu60\"> El proyecto integral implic\u00f3 <strong data-node-id=\"7.1\">una remodelaci\u00f3n completa del apartamento original<\/strong> y adem\u00e1s una renovaci\u00f3n completa de la unidad adyacente que se sumaba. Deb\u00edan unirse y formar juntos un hogar coherente y c\u00e1lido pero tambi\u00e9n con un dise\u00f1o de lujo: \u00ab<strong data-node-id=\"7.3\">En el apartamento original, conservamos la distribuci\u00f3n general, pero introdujimos mejoras significativas <\/strong>para mejorar la funcionalidad y la fluidez. As\u00ed, el techo se redujo cuidadosamente para ocultar un plan de iluminaci\u00f3n refinado y cohesivo\u00bb, explica la autora. En el centro de el piso se encuentra <strong data-node-id=\"7.5\">una cocina abierta y estrecha reinventada<\/strong>, ahora el coraz\u00f3n de la casa, ya que determina la l\u00ednea de estilo, la paleta de materiales y el lenguaje arquitect\u00f3nico que se transmite por todas partes. En todo el apartamento se instalaron <strong data-node-id=\"7.7\">suelos nuevos, se renovaron las zonas de trabajo y tambi\u00e9n las <a href=\"https:\/\/www.elledecor.com\/es\/decoracion\/g40495752\/habitaciones-juveniles-ideas-decorar\/\" target=\"_blank\" data-vars-ga-outbound-link=\"https:\/\/www.elledecor.com\/es\/decoracion\/g40495752\/habitaciones-juveniles-ideas-decorar\/\" data-vars-ga-ux-element=\"Hyperlink\" data-vars-ga-call-to-action=\"habitaciones de los ni\u00f1os\" data-node-id=\"7.7.1\" class=\"body-link css-15fjk10 emevuu60\" rel=\"nofollow noopener\">habitaciones de los ni\u00f1os<\/a><\/strong>: \u00abE introdujimos una carpinter\u00eda personalizada y acabados t\u00e1ctiles y duraderos que realzan la belleza y practicidad. Por su parte, la unidad adyacente se destrip\u00f3 y se realiz\u00f3 por completo para ocupar <a href=\"https:\/\/www.elledecor.com\/es\/decoracion\/g61862860\/ideas-decorar-pasillo-expertos\/\" target=\"_blank\" data-vars-ga-outbound-link=\"https:\/\/www.elledecor.com\/es\/decoracion\/g61862860\/ideas-decorar-pasillo-expertos\/\" data-vars-ga-ux-element=\"Hyperlink\" data-vars-ga-call-to-action=\"un nuevo pasillo\" data-node-id=\"7.9\" class=\"body-link css-15fjk10 emevuu60\" rel=\"nofollow noopener\">un nuevo pasillo<\/a> que une los dos apartamentos y una suite principal con ba\u00f1o de lujo y vestidores\u00bb, dice Christine Stucker.<\/p>\n<blockquote data-theme-key=\"pullquote\" class=\"css-1eiql25 e1pe3zr91\">\n<blockquote class=\"css-an8ppt e1pe3zr90\"><p>Las maderas se funden con los tonos terrosos de las paredes para crear una perfecta unidad crom\u00e1tica<\/p><\/blockquote>\n<\/blockquote>\n<p><img draggable=\"true\" alt=\"una casa moderna y calida en nueva york decorada por stewart schafer\" title=\"una casa moderna y calida en nueva york decorada por stewart schaafer\" loading=\"lazy\" width=\"2016\" height=\"1344\" decoding=\"async\" data-nimg=\"1\" style=\"color:transparent;width:100%;height:auto;\"   src=\"https:\/\/www.europesays.com\/es\/wp-content\/uploads\/2025\/12\/cocina-comedor-estudio-stewart-scha-fer-6931b831a15bf.jpg\" class=\"css-0 e1g79fud0\"\/><\/p>\n<p>Sarah Elliot<\/p>\n<p><img draggable=\"true\" alt=\"una casa moderna y calida en nueva york decorada por stewart schafer\" title=\"una casa moderna y calida en nueva york decorada por stewart schafer\" loading=\"lazy\" width=\"3072\" height=\"2048\" decoding=\"async\" data-nimg=\"1\" style=\"color:transparent;width:100%;height:auto;\"   src=\"https:\/\/www.europesays.com\/es\/wp-content\/uploads\/2025\/12\/comedor-escaleras-estudio-stewart-scha-fer-6931b8e5ce365.jpg\" class=\"css-0 e1g79fud0\"\/><\/p>\n<p>Sarah Elliot<\/p>\n<p><img draggable=\"true\" alt=\"una casa moderna y calida en nueva york decorada por stewart scha\u0308fer\" title=\"una casa moderna y calida en nueva york decorada por stewart schafer\" loading=\"lazy\" width=\"2016\" height=\"1344\" decoding=\"async\" data-nimg=\"1\" style=\"color:transparent;width:100%;height:auto;\"   src=\"https:\/\/www.europesays.com\/es\/wp-content\/uploads\/2025\/12\/escaleras-estudio-stewart-scha-fer-6931b9c913278.jpg\" class=\"css-0 e1g79fud0\"\/><\/p>\n<p>Sarah Elliot<\/p>\n<p data-journey-content=\"true\" data-node-id=\"13\" class=\"css-6wxqfj emevuu60\">La casa, desde el sal\u00f3n hasta <a href=\"https:\/\/www.elledecor.com\/es\/decoracion\/a44090022\/reformar-bano-pequeno-leroy-merlin\/\" target=\"_blank\" data-vars-ga-outbound-link=\"https:\/\/www.elledecor.com\/es\/decoracion\/a44090022\/reformar-bano-pequeno-leroy-merlin\/\" data-vars-ga-ux-element=\"Hyperlink\" data-vars-ga-call-to-action=\"los ba\u00f1os reformados y nuevos\" data-node-id=\"13.1\" class=\"body-link css-15fjk10 emevuu60\" rel=\"nofollow noopener\">los ba\u00f1os reformados y nuevos<\/a>, ahora equilibra sobriedad y sofisticaci\u00f3n, y r<strong data-node-id=\"13.3\">efleja fielmente los gustos de los clientes mediante un dise\u00f1o minucioso e intencional<\/strong>. El dise\u00f1o mantiene una paleta crom\u00e1tica muy homog\u00e9nea, en tonos tierras, cremas y arenas, que parece fundirse con las maderas de los muebles y los microcementos. <strong data-node-id=\"13.5\">El dise\u00f1o de los muebles muestra una evidencia escandinava, como as\u00ed deseaban los due\u00f1os, con notas muy contempor\u00e1neas<\/strong>. Y son los objetos personales de los due\u00f1os, as\u00ed como las obras de arte encargadas por Christine las que ponen el acento m\u00e1s personal a la vivienda. \u00abConseguimos un hogar hol\u00edstico basado en una serena elegancia\u00bb.<\/p>\n<p><img draggable=\"true\" alt=\"una casa moderna y calida en nueva york decorada por stewart scha\u0308fer\" title=\"una casa moderna y calida en nueva york decorada por stewart schafer\" loading=\"lazy\" width=\"2016\" height=\"1344\" decoding=\"async\" data-nimg=\"1\" style=\"color:transparent;width:100%;height:auto;\"   src=\"https:\/\/www.europesays.com\/es\/wp-content\/uploads\/2025\/12\/bowindow-balcon-stewart-scha-fer-6931b9f889b79.jpg\" class=\"css-0 e1g79fud0\"\/><\/p>\n<p>Sarah Elliot<\/p>\n<p><img draggable=\"true\" alt=\"una casa moderna y calida en nueva york decorada por stewart scha\u0308fer\" title=\"una casa moderna y calida en nueva york decorada por stewart schafer\" loading=\"lazy\" width=\"2016\" height=\"1344\" decoding=\"async\" data-nimg=\"1\" style=\"color:transparent;width:100%;height:auto;\"   src=\"https:\/\/www.europesays.com\/es\/wp-content\/uploads\/2025\/12\/dormitorio-madera-estudio-stewart-scha-fer-6931ba1e21626.jpg\" class=\"css-0 e1g79fud0\"\/><\/p>\n<p>Sarah Elliot<\/p>\n<p><img draggable=\"true\" alt=\"una casa moderna y calida en nueva york decorada por stewart scha\u0308fer\" title=\"una casa moderna y calida en nueva york decorada por stewart scha\u0308fer\" loading=\"lazy\" width=\"1344\" height=\"2016\" decoding=\"async\" data-nimg=\"1\" style=\"color:transparent;width:100%;height:auto;\"   src=\"https:\/\/www.europesays.com\/es\/wp-content\/uploads\/2025\/12\/libreria-stewart-scha-fer-6931ba661828f.jpg\" class=\"css-0 e1g79fud0\"\/><\/p>\n<p>Sarah Elliot<\/p>\n<p><img draggable=\"true\" alt=\"una casa moderna y calida en nueva york decorada por stewart scha\u0308fer\" title=\"una casa moderna y calida en nueva york decorada por stewart scha\u0308fer\" loading=\"lazy\" width=\"1325\" height=\"1987\" decoding=\"async\" data-nimg=\"1\" style=\"color:transparent;width:100%;height:auto;\"   src=\"https:\/\/www.europesays.com\/es\/wp-content\/uploads\/2025\/12\/ducha-stewart-scha-fer-6931ba8eb0485.jpg\" class=\"css-0 e1g79fud0\"\/><\/p>\n<p>Sarah Elliot<\/p>\n<p data-journey-content=\"true\" data-node-id=\"23\" class=\"css-6wxqfj emevuu60\"><a href=\"https:\/\/www.stewart-schafer.com\/\" target=\"_blank\" rel=\"nofollow noopener\" data-vars-ga-outbound-link=\"https:\/\/www.stewart-schafer.com\/\" data-vars-ga-ux-element=\"Hyperlink\" data-vars-ga-call-to-action=\"www.stewart-schafer.com\" data-node-id=\"23.0.0\" class=\"body-link css-15fjk10 emevuu60\">www.stewart-schafer.com<\/a><\/p>\n<p><img src=\"https:\/\/www.europesays.com\/es\/wp-content\/uploads\/2025\/12\/1766347102_301_882c5372-60ec-4b62-a60a-c341658650f9_1660891498.file\" alt=\"Headshot of Gema Marcos\" title=\"Headshot of Gema Marcos\" width=\"100%\" height=\"100%\" decoding=\"async\" loading=\"lazy\" class=\"css-o0wq4v ev8dhu53\"\/><\/p>\n<p>\u00a0Gema Marcos es periodista y est\u00e1 especializada en temas de decoraci\u00f3n, dise\u00f1o, arquitectura y hoteles. Licenciada en Ciencia de la Informaci\u00f3n por la Universidad Complutense de Madrid, ha trabajado muchos a\u00f1os en la redacci\u00f3n de revistas de interiorismo y estilo de vida.\u00a0<\/p>\n<p>\u00a0En la cabecera Nuevo Estilo es donde se form\u00f3 y adquiri\u00f3 sus conocimientos sobre el mundo de interiores. Entrevistar a decoradores y arquitectos del panorama nacional, viajar a las ferias europeas de dise\u00f1o y acudir cada semana a ruedas de prensa de las marcas de muebles le ayudaron a conocer m\u00e1s a fondo el mundo del interiorismo. Adem\u00e1s tuvo la suerte de coordinar la secci\u00f3n hoteles de esa revista, lo que le permiti\u00f3 entender mejor el funcionamiento y la puesta en escena de algunos de los mejores hoteles de Espa\u00f1a y Europa.\u00a0<\/p>\n<p>\u00a0Actualmente es freelance y colabora para nuestras revistas Elle Decor y Nuevo Estilo, adem\u00e1s de llevar la comunicaci\u00f3n y difusi\u00f3n en medios de algunos estudios de interiorismo nacionales. Le gusta su trabajo y disfruta escribiendo sobre proyectos de viviendas, contract, artesan\u00eda y viajes. En realidad el mundo de la decoraci\u00f3n le ha atra\u00eddo desde que era peque\u00f1a&#8230; Sabe que rodearse de cosas bonitas es algo esencial para estar contentos cada d\u00eda.\u00a0<\/p>\n<p>\u00a0Gema se divierte descubriendo nuevos alojamientos y localizando objetos curiosos en tiendas y almonedas que le inspiran, adem\u00e1s, a la hora de escribir. Le encanta cambiar y mover los muebles de casa cada dos por tres, encender la chimenea, pasar horas en la cocina y abrir un vino en compa\u00f1\u00eda. Prefiere el invierno al verano y le gustan m\u00e1s los potajes que el gazpacho. Su lugar favorito es Villarrube, su pueblecito materno.\u00a0<\/p>\n","protected":false},"excerpt":{"rendered":"Christine Stucker tiene un gusto natural y una mirada intuitiva para convertir los espacios en lugares con sensibilidad.&hellip;\n","protected":false},"author":2,"featured_media":300241,"comment_status":"","ping_status":"","sticky":false,"template":"","format":"standard","meta":{"footnotes":""},"categories":[173],"tags":[229,233,231,230,232,253,234,1180,146,147,25,24,23],"class_list":{"0":"post-300240","1":"post","2":"type-post","3":"status-publish","4":"format-standard","5":"has-post-thumbnail","7":"category-arte-y-diseno","8":"tag-arte","9":"tag-arte-y-diseno","10":"tag-arts","11":"tag-arts-and-design","12":"tag-design","13":"tag-discover","14":"tag-diseno","15":"tag-editorial","16":"tag-entertainment","17":"tag-entretenimiento","18":"tag-es","19":"tag-espana","20":"tag-spain"},"share_on_mastodon":{"url":"https:\/\/pubeurope.com\/@es\/115759332851021253","error":""},"_links":{"self":[{"href":"https:\/\/www.europesays.com\/es\/wp-json\/wp\/v2\/posts\/300240","targetHints":{"allow":["GET"]}}],"collection":[{"href":"https:\/\/www.europesays.com\/es\/wp-json\/wp\/v2\/posts"}],"about":[{"href":"https:\/\/www.europesays.com\/es\/wp-json\/wp\/v2\/types\/post"}],"author":[{"embeddable":true,"href":"https:\/\/www.europesays.com\/es\/wp-json\/wp\/v2\/users\/2"}],"replies":[{"embeddable":true,"href":"https:\/\/www.europesays.com\/es\/wp-json\/wp\/v2\/comments?post=300240"}],"version-history":[{"count":0,"href":"https:\/\/www.europesays.com\/es\/wp-json\/wp\/v2\/posts\/300240\/revisions"}],"wp:featuredmedia":[{"embeddable":true,"href":"https:\/\/www.europesays.com\/es\/wp-json\/wp\/v2\/media\/300241"}],"wp:attachment":[{"href":"https:\/\/www.europesays.com\/es\/wp-json\/wp\/v2\/media?parent=300240"}],"wp:term":[{"taxonomy":"category","embeddable":true,"href":"https:\/\/www.europesays.com\/es\/wp-json\/wp\/v2\/categories?post=300240"},{"taxonomy":"post_tag","embeddable":true,"href":"https:\/\/www.europesays.com\/es\/wp-json\/wp\/v2\/tags?post=300240"}],"curies":[{"name":"wp","href":"https:\/\/api.w.org\/{rel}","templated":true}]}}