{"id":300251,"date":"2025-12-21T20:05:12","date_gmt":"2025-12-21T20:05:12","guid":{"rendered":"https:\/\/www.europesays.com\/es\/300251\/"},"modified":"2025-12-21T20:05:12","modified_gmt":"2025-12-21T20:05:12","slug":"la-reina-sofia-su-exilio-africano-y-los-anos-de-juegos-historias-de-tigres-y-partes-de-guerra-en-los-que-se-hizo-inseparable-de-tatiana-radziwill","status":"publish","type":"post","link":"https:\/\/www.europesays.com\/es\/300251\/","title":{"rendered":"La reina Sof\u00eda, su exilio africano, y los a\u00f1os de juegos, historias de tigres y partes de guerra en los que se hizo inseparable de Tatiana Radziwill"},"content":{"rendered":"<p class=\"has-dropcap\">La muerte de <a href=\"https:\/\/www.revistavanityfair.es\/realeza\/articulos\/tatiana-radziwill-amiga-reina-sofia-quien-es\/45873\" rel=\"nofollow noopener\" target=\"_blank\">Tatiana Radziwill<\/a> el pasado viernes ha ensombrecido esta Navidad de la <a href=\"https:\/\/www.revistavanityfair.es\/articulos\/reina-victoria-primera-protectora-animales-perros\" rel=\"nofollow noopener\" target=\"_blank\">reina Sof\u00eda<\/a>, unida a ella no solo por lazos de sangre (eran primas segundas) sino por una estrecha amistad. Sin embargo, a la madre de <a href=\"https:\/\/www.revistavanityfair.es\/articulos\/estilo-rey-felipe-vi-borbon-opinion-trajes-a-medida-derek-guy\" rel=\"nofollow noopener\" target=\"_blank\">Felipe VI<\/a> esta triste noticia tambi\u00e9n ha debido de traerle recuerdos cari\u00f1osos de su infancia en Sud\u00e1frica, el pa\u00eds en el que se hicieron amigas durante el exilio de sus familias: poco despu\u00e9s de nacer la princesa Tatiana en 1939, estall\u00f3 la Segunda Guerra Mundial y, tras un tiempo en Francia, sus padres, el <strong>pr\u00edncipe Raniero Radziwill<\/strong> y la <strong>princesa Eugenia de Grecia<\/strong>, se la llevaron a vivir a Ciudad del Cabo con la entonces princesa Sof\u00eda y los dem\u00e1s miembros de la familia real de Grecia.<\/p>\n<p>En la biograf\u00eda de Pilar Urbano en la que colabor\u00f3 hace a\u00f1os, la reina Sof\u00eda habla varias veces de esa \u00e9poca. Seg\u00fan explica el libro, su exilio africano comenz\u00f3 a ra\u00edz de que Mussolini invadiera Grecia en 1940 y se desarroll\u00f3 primero en Egipto y, despu\u00e9s, a partir de 1941, en Sud\u00e1frica, donde Sof\u00eda, sus padres, <a href=\"https:\/\/www.revistavanityfair.es\/articulos\/palacio-tatoi-museo-familia-real-griega-primeras-imagenes\" rel=\"nofollow noopener\" target=\"_blank\">Pablo<\/a> y <a href=\"https:\/\/www.revistavanityfair.es\/realeza\/articulos\/federica-de-grecia-estilo-madre-reina-sofia\/48698\" rel=\"nofollow noopener\" target=\"_blank\">Federica de Grecia<\/a>, y su hermano <a href=\"https:\/\/www.revistavanityfair.es\/galerias\/la-vida-de-constantino-de-grecia-en-imagenes-reina-sofia-juan-carlos\" rel=\"nofollow noopener\" target=\"_blank\">Constantino<\/a> llegaron en tren acompa\u00f1ados de Tatiana y sus padres. Do\u00f1a Sof\u00eda ten\u00eda en aquel entonces 3 a\u00f1os y encontr\u00f3 una compa\u00f1era de juegos en su prima, quien era solo un a\u00f1o m\u00e1s peque\u00f1a. \u201cTatiana\u00a0y yo ten\u00edamos cada una nuestra mu\u00f1eca; pero s\u00f3lo un carricoche para sacarlas de paseo. Nos pele\u00e1bamos, tirando cada cual por su lado, a ver qui\u00e9n se lo quedaba. Y, claro, por nuestras peleas acababan discutiendo tambi\u00e9n nuestras madres, como ocurre en todas las familias\u201d, recuerda la reina Sof\u00eda en el libro.\u00a0<\/p>\n<p>A su lado, se sent\u00eda menos sola durante las ausencias de sus padres, quien seg\u00fan do\u00f1a Sof\u00eda se pasaron esos a\u00f1os viajando a Londres y El Cairo, los dos polos del gobierno heleno en el exilio. As\u00ed, se origin\u00f3 una amistad que durar\u00eda toda la vida. \u201cTatiana\u00a0y yo hemos sido siempre muy amigas, \u00edntimas. Antes de casarnos, despu\u00e9s de casarnos&#8230; Ella fue dama de honor en mi boda. Vive en Par\u00eds, casada con un m\u00e9dico, el doctor Jean Fruchaud. Nos vemos a menudo. Y todos los veranos vienen a Marivent\u201d.<\/p>\n<p>Aunque con la guerra y los nazis de fondo, do\u00f1a Sof\u00eda conserva buenos recuerdos de su infancia y asegura que aquellos a\u00f1os en Sud\u00e1frica fueron \u201ca\u00f1os de felicidad\u201d. Fue tambi\u00e9n en Ciudad del Cabo donde, en 1942, naci\u00f3 su hermana, la <a href=\"https:\/\/www.revistavanityfair.es\/galerias\/irene-de-grecia-vida-fascinante-hermana-sofia\" rel=\"nofollow noopener\" target=\"_blank\">princesa Irene de Grecia<\/a>, otro de los pilares de su vida como reina de Espa\u00f1a. \u201cMi madre me ven\u00eda preparando: \u201c\u00bfSabes, Sof\u00eda? Vamos a tener otro ni\u00f1o. Pero no ser\u00e1 un mu\u00f1eco, sino un ni\u00f1o de verdad\u201d, cuenta.<\/p>\n<p>El padrino de Irene fue el general <strong>Jan Smuts<\/strong>, en aquel entonces primer ministro de la Uni\u00f3n Sudafricana, quien fue quien aloj\u00f3 a la familia real griega en su residencia oficial. Considerado una de las figuras claves de la lucha contra el apartheid\u00a0 y de la redacci\u00f3n de la Carta de las Naciones Unidas, fue otro de los personajes de la infancia de la reina do\u00f1a Sof\u00eda. \u201cCuando viv\u00edamos en su residencia oficial, Tatiana, Tino y yo nos levant\u00e1bamos a las cuatro de la madrugada para ir a su cama a que nos contase historias de tigres y leones y monos&#8230; Y \u00e9l (parece que le estoy viendo, con sus bigotes y su perilla blanca) nos atend\u00eda como si fu\u00e9semos unos personajes muy importantes\u201d, recuerda la reina de\u00a0 Smuts, de quien explica que fue a \u00e9l a quien \u201cse le ocurri\u00f3 la idea de las Naciones Unidas\u201d y que luch\u00f3 \u201ccuerpo a cuerpo contra los ingleses\u201d por la independencia de Sud\u00e1frica.<\/p>\n","protected":false},"excerpt":{"rendered":"La muerte de Tatiana Radziwill el pasado viernes ha ensombrecido esta Navidad de la reina Sof\u00eda, unida a&hellip;\n","protected":false},"author":2,"featured_media":300252,"comment_status":"","ping_status":"","sticky":false,"template":"","format":"standard","meta":{"footnotes":""},"categories":[91],"tags":[146,147,25,24,1887,30560,14586,23],"class_list":{"0":"post-300251","1":"post","2":"type-post","3":"status-publish","4":"format-standard","5":"has-post-thumbnail","7":"category-entretenimiento","8":"tag-entertainment","9":"tag-entretenimiento","10":"tag-es","11":"tag-espana","12":"tag-familia-real-espanola","13":"tag-irene-de-grecia","14":"tag-sofia-de-grecia","15":"tag-spain"},"share_on_mastodon":{"url":"https:\/\/pubeurope.com\/@es\/115759357784668460","error":""},"_links":{"self":[{"href":"https:\/\/www.europesays.com\/es\/wp-json\/wp\/v2\/posts\/300251","targetHints":{"allow":["GET"]}}],"collection":[{"href":"https:\/\/www.europesays.com\/es\/wp-json\/wp\/v2\/posts"}],"about":[{"href":"https:\/\/www.europesays.com\/es\/wp-json\/wp\/v2\/types\/post"}],"author":[{"embeddable":true,"href":"https:\/\/www.europesays.com\/es\/wp-json\/wp\/v2\/users\/2"}],"replies":[{"embeddable":true,"href":"https:\/\/www.europesays.com\/es\/wp-json\/wp\/v2\/comments?post=300251"}],"version-history":[{"count":0,"href":"https:\/\/www.europesays.com\/es\/wp-json\/wp\/v2\/posts\/300251\/revisions"}],"wp:featuredmedia":[{"embeddable":true,"href":"https:\/\/www.europesays.com\/es\/wp-json\/wp\/v2\/media\/300252"}],"wp:attachment":[{"href":"https:\/\/www.europesays.com\/es\/wp-json\/wp\/v2\/media?parent=300251"}],"wp:term":[{"taxonomy":"category","embeddable":true,"href":"https:\/\/www.europesays.com\/es\/wp-json\/wp\/v2\/categories?post=300251"},{"taxonomy":"post_tag","embeddable":true,"href":"https:\/\/www.europesays.com\/es\/wp-json\/wp\/v2\/tags?post=300251"}],"curies":[{"name":"wp","href":"https:\/\/api.w.org\/{rel}","templated":true}]}}