{"id":300267,"date":"2025-12-21T20:16:17","date_gmt":"2025-12-21T20:16:17","guid":{"rendered":"https:\/\/www.europesays.com\/es\/300267\/"},"modified":"2025-12-21T20:16:17","modified_gmt":"2025-12-21T20:16:17","slug":"la-carrera-del-pavo-coge-velocidad-a-pedaladas","status":"publish","type":"post","link":"https:\/\/www.europesays.com\/es\/300267\/","title":{"rendered":"La Carrera del Pavo coge velocidad a pedaladas"},"content":{"rendered":"<p class=\"paragraph-atom &#10;        A-500-300-700-N A-550-300-700-N--md  \">Octava edici\u00f3n de la Carrera del Pavo. La cita ciclista, que tuvo lugar durante la ma\u00f1ana de este domingo, corri\u00f3 a cargo del Club Ciclista Promesal, con la colaboraci\u00f3n del Ayuntamiento de Salamanca.<\/p>\n<p class=\"paragraph-atom &#10;        A-500-300-700-N A-550-300-700-N--md  \">La carrera tuvo lugar con un circuito en la zona del cementerio y all\u00ed se dieron cita desde participantes de dos a\u00f1os hasta veteranos, ya que no era necesario estar federado para participar en la prueba.<\/p>\n<p class=\"paragraph-atom &#10;        A-500-300-700-N A-550-300-700-N--md  \">El evento comenz\u00f3 a las 10:30 horas con un recorrido de dos kil\u00f3metros por vuelta y la salida y meta estar\u00e1n situadas en la avenida de Margarita de Austria. Como novedad, hubo una categor\u00eda de disfraces para premiar los ciclistas m\u00e1s originales.<\/p>\n<p>                                                            <img decoding=\"async\" loading=\"lazy\" src=\"https:\/\/www.europesays.com\/es\/wp-content\/uploads\/2025\/12\/c7c3d431-3586-43db-a45e-40bf0afa8250_16-9-aspect-ratio_1600w_0.jpg\" alt=\"Carrera del Pavo de Ciclismo\" title=\"Carrera del Pavo de Ciclismo\" height=\"900\" width=\"1600\"\/><\/p>\n<p>                Carrera del Pavo de Ciclismo<\/p>\n<p>                    |<\/p>\n<p>                Mateo G.J.<\/p>\n","protected":false},"excerpt":{"rendered":"Octava edici\u00f3n de la Carrera del Pavo. La cita ciclista, que tuvo lugar durante la ma\u00f1ana de este&hellip;\n","protected":false},"author":2,"featured_media":300268,"comment_status":"","ping_status":"","sticky":false,"template":"","format":"standard","meta":{"footnotes":""},"categories":[273],"tags":[4860,313,16431,312,168,25,24,64390,32198,23,167,7133],"class_list":{"0":"post-300267","1":"post","2":"type-post","3":"status-publish","4":"format-standard","5":"has-post-thumbnail","7":"category-ciclismo","8":"tag-carrera","9":"tag-ciclismo","10":"tag-coge","11":"tag-cycling","12":"tag-deportes","13":"tag-es","14":"tag-espana","15":"tag-pavo","16":"tag-pedaladas","17":"tag-spain","18":"tag-sports","19":"tag-velocidad"},"share_on_mastodon":{"url":"https:\/\/pubeurope.com\/@es\/115759401533924797","error":""},"_links":{"self":[{"href":"https:\/\/www.europesays.com\/es\/wp-json\/wp\/v2\/posts\/300267","targetHints":{"allow":["GET"]}}],"collection":[{"href":"https:\/\/www.europesays.com\/es\/wp-json\/wp\/v2\/posts"}],"about":[{"href":"https:\/\/www.europesays.com\/es\/wp-json\/wp\/v2\/types\/post"}],"author":[{"embeddable":true,"href":"https:\/\/www.europesays.com\/es\/wp-json\/wp\/v2\/users\/2"}],"replies":[{"embeddable":true,"href":"https:\/\/www.europesays.com\/es\/wp-json\/wp\/v2\/comments?post=300267"}],"version-history":[{"count":0,"href":"https:\/\/www.europesays.com\/es\/wp-json\/wp\/v2\/posts\/300267\/revisions"}],"wp:featuredmedia":[{"embeddable":true,"href":"https:\/\/www.europesays.com\/es\/wp-json\/wp\/v2\/media\/300268"}],"wp:attachment":[{"href":"https:\/\/www.europesays.com\/es\/wp-json\/wp\/v2\/media?parent=300267"}],"wp:term":[{"taxonomy":"category","embeddable":true,"href":"https:\/\/www.europesays.com\/es\/wp-json\/wp\/v2\/categories?post=300267"},{"taxonomy":"post_tag","embeddable":true,"href":"https:\/\/www.europesays.com\/es\/wp-json\/wp\/v2\/tags?post=300267"}],"curies":[{"name":"wp","href":"https:\/\/api.w.org\/{rel}","templated":true}]}}