{"id":300269,"date":"2025-12-21T20:18:12","date_gmt":"2025-12-21T20:18:12","guid":{"rendered":"https:\/\/www.europesays.com\/es\/300269\/"},"modified":"2025-12-21T20:18:12","modified_gmt":"2025-12-21T20:18:12","slug":"ucam-murcia-valencia-basket-resultado-cronica-y-resumen","status":"publish","type":"post","link":"https:\/\/www.europesays.com\/es\/300269\/","title":{"rendered":"UCAM Murcia &#8211; Valencia Basket: resultado, cr\u00f3nica y resumen"},"content":{"rendered":"<p><strong>UCAM Murcia<\/strong> super\u00f3 a Valencia Basket por<strong> 92-80 <\/strong>en el Palacio de los Deportes en una batalla f\u00edsica que domin\u00f3 desde el segundo cuarto. Los de Sito Alonso destacaron en la faceta reboteadora (47-31) para negar las opciones taronja y colocarse con un balance de 9-2.<\/p>\n<p>Valencia Basket se mantuvo por delante con peque\u00f1as ventajas durante unos primeros minutos de puto v\u00e9rtigo, con acciones r\u00e1pidas y continuadas. Dos buenas acciones consecutivas en defensa de Braxton Key otorgaron m\u00e1s posesiones a los taronja que tradujeron en puntos. Jean Montero, reci\u00e9n incorporado a la pista, anot\u00f3 un triple en transici\u00f3n que coloc\u00f3 el 8-15 e hizo solicitar tiempo muerto s Sito Alonso. La reacci\u00f3n local lleg\u00f3 desde la defensa. UCAM Murcia se activ\u00f3 atr\u00e1s para crear un parcial de 9-2 e igualar el marcador (17-17) de la mano de Dylan Ennis y un acertado Michael Forrest, con 9 puntos en el primer cuarto. El escolta anot\u00f3 la canasta que cerr\u00f3 el marcador del periodo (19-21).<\/p>\n<p>Forrest, con 14 puntos en sus primeros nueve minutos en pista, le dio el empuj\u00f3n necesario al UCAM Murcia durante el segundo cuarto para colocarse por delante. Los locales cortaron de cuajo el ritmo anotador de los taronja, limit\u00e1ndoles a 13 puntos en diez minutos. Con su dominio en el rebote ofensivo (9 al descanso) UCAM Murcia logr\u00f3 la m\u00e1xima ventaja: 41-34. El equipo de Sito Alonso provoc\u00f3 la primera parte menos anotadora de Valencia Basket en sus diez partidos de Liga Endesa.<\/p>\n<p>Dylan Ennis, con siete puntos en poco m\u00e1s de dos minutos, no tard\u00f3 en colocar la primera distancia de dobles d\u00edgitos (48-36) tras un triple de mucha dificultad. Los duelos individuales, la lucha en el rebote -con Wilhelm Falk destacando en los tableros con 9 rebotes, 6 de ellos ofensivos- y el acierto en ataque crearon el mejor momento del UCAM Murcia, que segu\u00eda colapsando la ofensiva visitante. Devontae Cacok con un 2+1 (err\u00f3 el tiro libre) y una canasta a su nombre posterior que lleg\u00f3 por otro rebote ofensivo coloc\u00f3 el +14. Gracias a los triples de Darius Thompson y Josep Puerto, el Valencia revivi\u00f3 y con la \u00faltima canasta redujo la desventaja a ocho puntos (63-55) de cara al \u00faltimo cuarto.<\/p>\n<p>Ambos equipo se desataron con un intercambio de canastas que favoreci\u00f3 a los locales en primera instancia. Forrest volvi\u00f3 a aparecer con canastas consecutivas y Wilhelm Falk se estren\u00f3 en anotaci\u00f3n para el 74-61. Pero Omari Moore ten\u00eda guardados dos triples consecutivos que aliviaron la situaci\u00f3n para el Valencia (77-69, min. 35). Pero UCAM Murcia se mantuvo fuerte y no baj\u00f3 el tono f\u00edsico. Un Valencia Basket sin demasiadas ideas no pudo darle la vuelta al marcador. Los locales rompieron el marcador en los \u00faltimo minutos para cerrarlo en 92-80, con Michael Forrest como gran protagonista: 30 puntos (10\/12 tiros de 2) y 3 asistencias, bien acompa\u00f1ado por los 13 rebotes de Falk y los 18 tantos de Dylan Ennis.<\/p>\n<p>UCAM Murcia \u2013 Valencia Basket: resultado de la jornada 11 de Liga Endesa<\/p>\n<tr>\n<td><strong>Equipo<\/strong><\/td>\n<td><strong>1Q<\/strong><\/td>\n<td><strong>2Q<\/strong><\/td>\n<td><strong>3Q<\/strong><\/td>\n<td><strong>4Q<\/strong><\/td>\n<td><strong>Total<\/strong><\/td>\n<\/tr>\n<tr>\n<td><strong>UCAM Murcia<\/strong><\/td>\n<td>19<\/td>\n<td>22<\/td>\n<td>22<\/td>\n<td>29<\/td>\n<td>92<\/td>\n<\/tr>\n<tr>\n<td><strong>Valencia Basket<\/strong><\/td>\n<td>21<\/td>\n<td>13<\/td>\n<td>21<\/td>\n<td>25<\/td>\n<td>80<\/td>\n<\/tr>\n<p class=\"has-text-align-right\">Foto: Roc\u00edo Jord\u00e1<\/p>\n","protected":false},"excerpt":{"rendered":"UCAM Murcia super\u00f3 a Valencia Basket por 92-80 en el Palacio de los Deportes en una batalla f\u00edsica&hellip;\n","protected":false},"author":2,"featured_media":300270,"comment_status":"","ping_status":"","sticky":false,"template":"","format":"standard","meta":{"footnotes":""},"categories":[269],"tags":[299,298,168,25,24,665,23,167,3918,2916],"class_list":{"0":"post-300269","1":"post","2":"type-post","3":"status-publish","4":"format-standard","5":"has-post-thumbnail","7":"category-baloncesto","8":"tag-baloncesto","9":"tag-basketball","10":"tag-deportes","11":"tag-es","12":"tag-espana","13":"tag-liga-endesa","14":"tag-spain","15":"tag-sports","16":"tag-ucam-murcia","17":"tag-valencia-basket"},"share_on_mastodon":{"url":"https:\/\/pubeurope.com\/@es\/115759409060490639","error":""},"_links":{"self":[{"href":"https:\/\/www.europesays.com\/es\/wp-json\/wp\/v2\/posts\/300269","targetHints":{"allow":["GET"]}}],"collection":[{"href":"https:\/\/www.europesays.com\/es\/wp-json\/wp\/v2\/posts"}],"about":[{"href":"https:\/\/www.europesays.com\/es\/wp-json\/wp\/v2\/types\/post"}],"author":[{"embeddable":true,"href":"https:\/\/www.europesays.com\/es\/wp-json\/wp\/v2\/users\/2"}],"replies":[{"embeddable":true,"href":"https:\/\/www.europesays.com\/es\/wp-json\/wp\/v2\/comments?post=300269"}],"version-history":[{"count":0,"href":"https:\/\/www.europesays.com\/es\/wp-json\/wp\/v2\/posts\/300269\/revisions"}],"wp:featuredmedia":[{"embeddable":true,"href":"https:\/\/www.europesays.com\/es\/wp-json\/wp\/v2\/media\/300270"}],"wp:attachment":[{"href":"https:\/\/www.europesays.com\/es\/wp-json\/wp\/v2\/media?parent=300269"}],"wp:term":[{"taxonomy":"category","embeddable":true,"href":"https:\/\/www.europesays.com\/es\/wp-json\/wp\/v2\/categories?post=300269"},{"taxonomy":"post_tag","embeddable":true,"href":"https:\/\/www.europesays.com\/es\/wp-json\/wp\/v2\/tags?post=300269"}],"curies":[{"name":"wp","href":"https:\/\/api.w.org\/{rel}","templated":true}]}}