{"id":300277,"date":"2025-12-21T20:23:11","date_gmt":"2025-12-21T20:23:11","guid":{"rendered":"https:\/\/www.europesays.com\/es\/300277\/"},"modified":"2025-12-21T20:23:11","modified_gmt":"2025-12-21T20:23:11","slug":"puedo-votar-durante-la-gran-final-de-hoy-domingo-21-de-diciembre","status":"publish","type":"post","link":"https:\/\/www.europesays.com\/es\/300277\/","title":{"rendered":"\u00bfPuedo votar durante la gran final de HOY domingo 21 de diciembre?"},"content":{"rendered":"<p>A pocas horas de conocer al <b>gran ganador de La Granja Vip<\/b> recuerda que est\u00e1 en tus manos el destino de tu granjero favorito para que puede llevarse los <b>dos millones de pesos,<\/b> por eso te recordamos que la <b>votaci\u00f3n de este 21 de diciembre ya est\u00e1 abierta oficialmente <\/b>y si a\u00fan te cuestionas si puedes <\/p>\n<p>      <a class=\"link  \" href=\"https:\/\/www.tvazteca.com\/aztecauno\/la-granja-vip\/la-granja-vip-eleazar-gomez-se-va-con-mucho-aprendizaje-y-crecimiento\/\" target=\"_blank\" rel=\"nofollow noopener\">emitir tu voto durante el programa<\/a><\/p>\n<p>, aqu\u00ed te decimos que s\u00ed,<b> tu votaci\u00f3n podr\u00e1 ser valida durante toda la transmisi\u00f3n del programa hasta que Adal Ramones anuncie el corte de votaciones.<\/b><\/p>\n<p>\u00bfCu\u00e1l es la hora l\u00edmite para votar este domingo en La Granja VIP?\n<\/p>\n<p>Como toda gran final los nervios invaden a cada granjero pero no solo a ellos si no a cada fan de cada uno de ellos, pues con el papel que desempe\u00f1aron durante el reality los trajo hasta la final, por tal motivo hoy <b>La Bea, Eleazar G\u00f3mez, Alfredo Adame, C\u00e9sar Doroteo y Kim Santal<\/b>, necesitan de tu apoyo en esta <\/p>\n<p>      <a class=\"link  \" href=\"https:\/\/www.tvazteca.com\/aztecauno\/la-granja-vip\/oficial-lista-actualizada-finalistas-confirmados\/\" target=\"_blank\" rel=\"nofollow noopener\">etapa decisiva de la competencia <\/a><\/p>\n<p>por eso durante todo el d\u00eda y <b>durante la transmisi\u00f3n<\/b> cada seguidor de La Granja VIP puede <b>emitir su voto,<\/b> recuerda que con tus votos puedes hacer la gran diferencia,<\/p>\n<p>\u00bfC\u00f3mo puedo votar por mi granjero favorito de La Granja VIP?\n<\/p>\n<p>Durante toda la transmisi\u00f3n del programa EN VIVO de hoy 21 de diciembre los seguidores <b>pueden votar hasta que d\u00e9 la se\u00f1al de corte nuestro conductor Adal Ramones<\/b> pero si eres nuevo en este proceso y a\u00fan tienes dudas de c\u00f3mo ejercer tu voto aqu\u00ed te dejamos los pasos a seguir.<\/p>\n<p>Visita el sitio <\/p>\n<p>      <a class=\"link  \" href=\"http:\/\/lagranjavip.tv\/vota\" rel=\"nofollow noopener\" target=\"_blank\">lagranjavip.tv\/vota<\/a><\/p>\n<p> una vez entrando ver\u00e1s una tabla de color azul que tiene el nombre de los cinco finalistas: Alfredo Adame, C\u00e9sar Doroteo, Eleazar G\u00f3mez, Kim Shantal y La Bea del lado derecho viene una cruz que al presionar suma los votos que le est\u00e1s dando, recuerda que <b>tienes 10 votos gratis<\/b> de cuales todos pueden ser para tu granjero favorito o lo puedes distribuir entre dos o m\u00e1s participantes.<\/p>\n<p>Recuerda que puedes conseguir 10 votos extras si respondes una breve encuesta, as\u00ed que no lo dudes y apoya a tu granjera o granjero favorito y ay\u00fadalo a llevarse los dos millones de pesos.<\/p>\n","protected":false},"excerpt":{"rendered":"A pocas horas de conocer al gran ganador de La Granja Vip recuerda que est\u00e1 en tus manos&hellip;\n","protected":false},"author":2,"featured_media":300278,"comment_status":"","ping_status":"","sticky":false,"template":"","format":"standard","meta":{"footnotes":""},"categories":[171],"tags":[71279,71280,67524,146,147,25,24,71281,71282,71283,71284,19991,23,214],"class_list":{"0":"post-300277","1":"post","2":"type-post","3":"status-publish","4":"format-standard","5":"has-post-thumbnail","7":"category-tv","8":"tag-alfredo-adame","9":"tag-cesar-dorteo","10":"tag-eleazar-gomez","11":"tag-entertainment","12":"tag-entretenimiento","13":"tag-es","14":"tag-espana","15":"tag-final-la-granja-vip","16":"tag-granjeros-finalistas","17":"tag-kim-shantal","18":"tag-la-bea","19":"tag-la-granja-vip","20":"tag-spain","21":"tag-tv"},"share_on_mastodon":{"url":"https:\/\/pubeurope.com\/@es\/115759428865516805","error":""},"_links":{"self":[{"href":"https:\/\/www.europesays.com\/es\/wp-json\/wp\/v2\/posts\/300277","targetHints":{"allow":["GET"]}}],"collection":[{"href":"https:\/\/www.europesays.com\/es\/wp-json\/wp\/v2\/posts"}],"about":[{"href":"https:\/\/www.europesays.com\/es\/wp-json\/wp\/v2\/types\/post"}],"author":[{"embeddable":true,"href":"https:\/\/www.europesays.com\/es\/wp-json\/wp\/v2\/users\/2"}],"replies":[{"embeddable":true,"href":"https:\/\/www.europesays.com\/es\/wp-json\/wp\/v2\/comments?post=300277"}],"version-history":[{"count":0,"href":"https:\/\/www.europesays.com\/es\/wp-json\/wp\/v2\/posts\/300277\/revisions"}],"wp:featuredmedia":[{"embeddable":true,"href":"https:\/\/www.europesays.com\/es\/wp-json\/wp\/v2\/media\/300278"}],"wp:attachment":[{"href":"https:\/\/www.europesays.com\/es\/wp-json\/wp\/v2\/media?parent=300277"}],"wp:term":[{"taxonomy":"category","embeddable":true,"href":"https:\/\/www.europesays.com\/es\/wp-json\/wp\/v2\/categories?post=300277"},{"taxonomy":"post_tag","embeddable":true,"href":"https:\/\/www.europesays.com\/es\/wp-json\/wp\/v2\/tags?post=300277"}],"curies":[{"name":"wp","href":"https:\/\/api.w.org\/{rel}","templated":true}]}}