{"id":300287,"date":"2025-12-21T20:28:14","date_gmt":"2025-12-21T20:28:14","guid":{"rendered":"https:\/\/www.europesays.com\/es\/300287\/"},"modified":"2025-12-21T20:28:14","modified_gmt":"2025-12-21T20:28:14","slug":"la-vision-que-tuvo-achille-maramotti-al-fundar-max-mara-sigue-vigente-quedo-patente-en-el-desfile-resort-con-el-que-la-firma-arrancaba-festejos-por-su-75-aniversario-moda-s-moda","status":"publish","type":"post","link":"https:\/\/www.europesays.com\/es\/300287\/","title":{"rendered":"La visi\u00f3n que tuvo Achille Maramotti al fundar Max Mara sigue vigente. Qued\u00f3 patente en el desfile \u2018resort\u2019 con el que la firma arrancaba festejos por su 75 aniversario | Moda | S Moda"},"content":{"rendered":"<p class=\"\">\u201cSe\u00f1or Rossellini, he visto sus pel\u00edculas y me han gustado mucho\u201d, escribi\u00f3 en <a href=\"https:\/\/elpais.com\/elpais\/2015\/08\/28\/album\/1440780090_462986.html\" target=\"_blank\" rel=\"noreferrer nofollow noopener\" title=\"https:\/\/elpais.com\/elpais\/2015\/08\/28\/album\/1440780090_462986.html\">una c\u00e9lebre carta Ingrid Bergman<\/a> al director italiano Roberto Rossellini en 1948, \u201csi necesita una actriz sueca que hable muy bien ingl\u00e9s (\u2026) estoy preparada para ir a trabajar para usted\u201d, prosegu\u00eda la estrella de Casablanca. De aquella correspondencia naci\u00f3 un par de a\u00f1os despu\u00e9s Stromboli, una de las pel\u00edculas claves <a href=\"https:\/\/elpais.com\/cultura\/2024-06-15\/neorrealismo-que-queda-del-movimiento-que-transformo-el-cine-mundial-pero-no-logro-cambiar-italia.html\" target=\"_blank\" rel=\"noreferrer nofollow noopener\" title=\"https:\/\/elpais.com\/cultura\/2024-06-15\/neorrealismo-que-queda-del-movimiento-que-transformo-el-cine-mundial-pero-no-logro-cambiar-italia.html\">del neorrealismo italiano,<\/a> en la que Bergman pasea por la isla eolia con vestidos de seda y gabardinas o tocada con pa\u00f1uelos estampados. Una est\u00e9tica que, junto con todo el imaginario del neorrealismo de mediados del pasado siglo, era reimaginada en el \u00faltimo desfile crucero de Max Mara. <\/p>\n<p>M\u00e1s informaci\u00f3n<\/p>\n<p class=\"\">La colecci\u00f3n, bautizada como Venere Vesuviana y presentada en julio en Reggia di Caserta (a una hora de N\u00e1poles), integr\u00f3 la majestuosidad del escenario con el enfoque cercano de los dise\u00f1os de <a href=\"https:\/\/elpais.com\/smoda\/moda\/ian-griffiths-el-director-creativo-que-ademas-es-profesor-universitario.html\" target=\"_blank\" rel=\"noreferrer nofollow noopener\" title=\"https:\/\/elpais.com\/smoda\/moda\/ian-griffiths-el-director-creativo-que-ademas-es-profesor-universitario.html\">Ian Griffiths, director creativo de la firma.<\/a> \u201cLa inspiraci\u00f3n son los or\u00edgenes de la italianidad\u201d, explicaba Griffiths tras el desfile en los Scalone d\u2019Onore, la escalinata principal del palacio. \u201cYa que celebramos nuestro 75 aniversario, busqu\u00e9 recuerdos de 1951 y de ese periodo de posguerra, cuando Italia se recuper\u00f3 y se convirti\u00f3 en un actor importante de la econom\u00eda. Sin embargo, en t\u00e9rminos de moda y de c\u00f3mo la moda italiana evolucion\u00f3 como fen\u00f3meno cultural, no hubo grandes dise\u00f1adores estrella como los que exist\u00edan en Par\u00eds. La moda italiana estuvo dominada por las mujeres que la vest\u00edan y el mejor lugar para encontrarla es el cine de esa \u00e9poca. Me fij\u00e9 en Silvana Mangano o en Sophia Loren, dos ejemplos de mujeres con valent\u00eda, determinaci\u00f3n, estilo, sensualidad y voluptuosidad\u201d.<\/p>\n<p><img alt=\"El dise\u00f1ador Ian Griffiths rodeado de varias modelos al finalizar su desfile.\" decoding=\"auto\" class=\"_re lazyload a_m-v\" height=\"518\"  width=\"414\"  src=\"https:\/\/www.europesays.com\/es\/wp-content\/uploads\/2025\/12\/Z2YS7SDUJBAUJBETMBDDQDJRCU.jpg\" loading=\"lazy\"\/>El dise\u00f1ador Ian Griffiths rodeado de varias modelos al finalizar su desfile.Cortes\u00eda de la marca<\/p>\n<p class=\"\">En 2026 Max Mara celebra sus primeros tres cuartos de siglo habi\u00e9ndose posicionado como ep\u00edtome del saber hacer italiano. Cuando en los a\u00f1os cincuenta un joven Achille Maramotti observ\u00f3 que exist\u00eda un nicho entre la fantas\u00eda de la alta costura parisina y el d\u00eda a d\u00eda de las mujeres, pocos pod\u00edan aventurar que su proyecto tendr\u00eda tanto recorrido. Desde entonces la empresa que fund\u00f3 ha sabido trasladar ideas a prendas que las mujeres han hecho suyas, combinando moda y t\u00e9cnica, y a su vez conformando lo que hoy se entiende por estilo italiano. <\/p>\n<p class=\"\">\u201cMe gusta pensar que lo que define a la moda italiana radica precisamente en ese saber hacer; es decir, en la elaboraci\u00f3n del producto con amor. Tambi\u00e9n en la facilidad a la hora de vestir las prendas, el tener objetos que duren mucho tiempo y se conviertan en parte del armario y, por lo tanto, un poco de ti\u201d, as\u00ed lo defin\u00eda poco antes del desfile Maria Giulia Prezioso Maramotti, miembro de la junta directiva del grupo y una de las nietas del fundador.<\/p>\n<p><img alt=\"Vestido de cachemir bordado con microcristales, que se lleva con zapatos mocasines.\" decoding=\"auto\" class=\"_re lazyload a_m-v\" height=\"518\"  width=\"414\"  src=\"https:\/\/www.europesays.com\/es\/wp-content\/uploads\/2025\/12\/ZRM6BLSY4FENNPVZP77GXKWWGY.jpg\" loading=\"lazy\"\/>Vestido de cachemir bordado con microcristales, que se lleva con zapatos mocasines.Cortes\u00eda de la marca<\/p>\n<p class=\"\">La compa\u00f1\u00eda es una de las pocas grandes ense\u00f1as que <a href=\"https:\/\/elpais.com\/smoda\/moda\/2024-01-13\/asi-se-fabrica-el-famoso-abrigo-camel-de-max-mara-el-mas-aspiracional-del-mundo.html\" target=\"_blank\" rel=\"noreferrer nofollow noopener\" title=\"https:\/\/elpais.com\/smoda\/moda\/2024-01-13\/asi-se-fabrica-el-famoso-abrigo-camel-de-max-mara-el-mas-aspiracional-del-mundo.html\">permanecen en manos de la familia fundadora,<\/a> lo que se traduce en libertad de movimiento, con una hoja de ruta que no tiene que contentar a mercados y accionistas. El car\u00e1cter familiar de la casa se siente hasta en citas may\u00fasculas como la de Caserta, precedida la v\u00edspera por una cena en el puerto de N\u00e1poles en la que Gwyneth Paltrow y Alexa Chung terminaron bailando tarantelas y agitando servilletas.<\/p>\n<p><img alt=\"Modelos en el \u2018backstage\u2019 del desfile, con traje de lana y sombrero y con abrigo de cachemir, camisa masculina y pantalones cortos.\" decoding=\"auto\" class=\"_re lazyload a_m-v\" height=\"518\"  width=\"414\"  src=\"https:\/\/www.europesays.com\/es\/wp-content\/uploads\/2025\/12\/V73NO45OQVFMZAPOXFVSVT2Y6I.jpg\" loading=\"lazy\"\/>Modelos en el \u2018backstage\u2019 del desfile, con traje de lana y sombrero y con abrigo de cachemir, camisa masculina y pantalones cortos.Cortes\u00eda de la marca<\/p>\n<p class=\"\">\u201cLa ciudad me inspira porque es m\u00e1s italiana que cualquier otra ciudad\u201d, se\u00f1alaba Griffiths, \u201cal igual que puedes comprar zumo de naranja concentrado al 110%, N\u00e1poles es Italia concentrada al 110%. Con toda su excentricidad y sus locuras es una ciudad preciosa, un lugar maravilloso\u201d. Escenario de cintas como Napoli milionaria (Eduardo De Filippo, 1950), L\u2019Orto di Napoli (Vittorio De Sica, 1954) o Riso amaro (Giuseppe De Santis, 1949) en las que el br\u00edo de sus protagonistas es un personaje m\u00e1s, fuente de inspiraci\u00f3n para Griffiths: \u201cUn desfile crucero es especial porque como marca nos permite contar mejor nuestra historia desde una ciudad concreta\u201d. En este caso, combinando el estilo italiano y la energ\u00eda napolitana desde el palacio de Caserta, mandado construir en el siglo XVIII por el que luego ser\u00eda Carlos III de Espa\u00f1a.<\/p>\n<p><img alt=\"Durante el desfile, una de las entradas a Reggia di Caserta, a una hora del centro de N\u00e1poles.\" decoding=\"auto\" class=\"_re lazyload a_m-v\" height=\"621\"  width=\"414\"  src=\"https:\/\/www.europesays.com\/es\/wp-content\/uploads\/2025\/12\/E5SAVQJOOJHVVNTLTFFBAC7A5A.jpg\" loading=\"lazy\"\/>Durante el desfile, una de las entradas a Reggia di Caserta, a una hora del centro de N\u00e1poles.Photo: Matteo Gebbia \/ Gorunway.La alianza de dos sagas italianas<\/p>\n<p class=\"\">Max Mara comenz\u00f3 a viajar por el mundo para presentar sus colecciones crucero en 2018. Desde entonces ha celebrado desfiles en su sede en Reggio Emilia, en el museo Neues de Berl\u00edn, en el ayuntamiento de Estocolmo o en el Palacio Ducal de Venecia. Para esta temporada, el desplazamiento a la ciudad de Part\u00e9nope les ha permitido explorar una colaboraci\u00f3n con la casa centenaria de corbatas <a href=\"https:\/\/www.emarinella.eu\/\" target=\"_blank\" rel=\"noreferrer nofollow noopener\" title=\"https:\/\/www.emarinella.eu\/\">E. Marinella.<\/a> \u201cAfortunadamente la etiqueta made in Italy sigue teniendo un gran poder\u201d, explicaba la ma\u00f1ana de la cita Alessandro Marinella, cuarta generaci\u00f3n de la ense\u00f1a, \u201csugiere la historia \u00fanica de artesan\u00eda que tiene el pa\u00eds, el saber hacer que las personas han ido transmitiendo de generaci\u00f3n en generaci\u00f3n. Eso nos otorga una singularidad\u201d. <\/p>\n<p><img alt=\"Maurizio y Alessandro Marinella, tercera y cuarta generaci\u00f3n de la centenaria firma E. Marinella.\" decoding=\"auto\" class=\"_re lazyload a_m-h\" height=\"276\"  width=\"414\"  src=\"https:\/\/www.europesays.com\/es\/wp-content\/uploads\/2025\/12\/KIZBL35P5JBZNC4N4S5TRL764Y.jpg\" loading=\"lazy\"\/>Maurizio y Alessandro Marinella, tercera y cuarta generaci\u00f3n de la centenaria firma E. Marinella.FILIPPO MONTEFORTE (AFP via Getty Images)<\/p>\n<p class=\"\">En este caso Marinella abri\u00f3 su ingente archivo en el que se conservan dise\u00f1os pr\u00e1cticamente desde el a\u00f1o de su fundaci\u00f3n, en 1914. \u201cEn Max Mara les interesaban los de 1951, el a\u00f1o de su creaci\u00f3n, y de ellos escogieron cuatro que se han utilizado como patrones para varios estampados que forman parte de la colecci\u00f3n\u201d, agregaba Maurizio Marinella, padre de Alessandro y tercera generaci\u00f3n de la compa\u00f1\u00eda. El desaf\u00edo de liderar una empresa familiar de moda es may\u00fasculo, seg\u00fan el menor de los Marinella: \u201cHay que evolucionar constantemente sin dejar de ser consecuente con tu propia historia\u201d. Un rompecabezas del que ambas sagas familiares conocen la soluci\u00f3n, tal y como ratificaron en la velada en Caserta.<\/p>\n<p><img alt=\"Un conjunto de camisa y pantal\u00f3n de seda personalizados con un estampado del archivo de E. Marinella y cintur\u00f3n con camafeos.\" decoding=\"auto\" class=\"_re lazyload a_m-v\" height=\"518\"  width=\"414\"  src=\"https:\/\/www.europesays.com\/es\/wp-content\/uploads\/2025\/12\/WUAUSXC4UVGYLDXZBRR47OOZ34.jpg\" loading=\"lazy\"\/>Un conjunto de camisa y pantal\u00f3n de seda personalizados con un estampado del archivo de E. Marinella y cintur\u00f3n con camafeos.cortes\u00eda de la marca<\/p>\n","protected":false},"excerpt":{"rendered":"\u201cSe\u00f1or Rossellini, he visto sus pel\u00edculas y me han gustado mucho\u201d, escribi\u00f3 en una c\u00e9lebre carta Ingrid Bergman&hellip;\n","protected":false},"author":2,"featured_media":300288,"comment_status":"","ping_status":"","sticky":false,"template":"","format":"standard","meta":{"footnotes":""},"categories":[91],"tags":[25062,146,147,25,24,1531,68940,1023,9494,23264,23,2922],"class_list":{"0":"post-300287","1":"post","2":"type-post","3":"status-publish","4":"format-standard","5":"has-post-thumbnail","7":"category-entretenimiento","8":"tag-desfiles-modelos","9":"tag-entertainment","10":"tag-entretenimiento","11":"tag-es","12":"tag-espana","13":"tag-lujo","14":"tag-max-mara","15":"tag-moda","16":"tag-napoles","17":"tag-pasarelas-moda","18":"tag-spain","19":"tag-tendencias"},"share_on_mastodon":{"url":"https:\/\/pubeurope.com\/@es\/115759450090538555","error":""},"_links":{"self":[{"href":"https:\/\/www.europesays.com\/es\/wp-json\/wp\/v2\/posts\/300287","targetHints":{"allow":["GET"]}}],"collection":[{"href":"https:\/\/www.europesays.com\/es\/wp-json\/wp\/v2\/posts"}],"about":[{"href":"https:\/\/www.europesays.com\/es\/wp-json\/wp\/v2\/types\/post"}],"author":[{"embeddable":true,"href":"https:\/\/www.europesays.com\/es\/wp-json\/wp\/v2\/users\/2"}],"replies":[{"embeddable":true,"href":"https:\/\/www.europesays.com\/es\/wp-json\/wp\/v2\/comments?post=300287"}],"version-history":[{"count":0,"href":"https:\/\/www.europesays.com\/es\/wp-json\/wp\/v2\/posts\/300287\/revisions"}],"wp:featuredmedia":[{"embeddable":true,"href":"https:\/\/www.europesays.com\/es\/wp-json\/wp\/v2\/media\/300288"}],"wp:attachment":[{"href":"https:\/\/www.europesays.com\/es\/wp-json\/wp\/v2\/media?parent=300287"}],"wp:term":[{"taxonomy":"category","embeddable":true,"href":"https:\/\/www.europesays.com\/es\/wp-json\/wp\/v2\/categories?post=300287"},{"taxonomy":"post_tag","embeddable":true,"href":"https:\/\/www.europesays.com\/es\/wp-json\/wp\/v2\/tags?post=300287"}],"curies":[{"name":"wp","href":"https:\/\/api.w.org\/{rel}","templated":true}]}}