{"id":300289,"date":"2025-12-21T20:29:12","date_gmt":"2025-12-21T20:29:12","guid":{"rendered":"https:\/\/www.europesays.com\/es\/300289\/"},"modified":"2025-12-21T20:29:12","modified_gmt":"2025-12-21T20:29:12","slug":"si-tienes-un-iphone-y-notas-que-la-bateria-nunca-te-dura-desactiva-el-wi-fi-y-el-bluetooth","status":"publish","type":"post","link":"https:\/\/www.europesays.com\/es\/300289\/","title":{"rendered":"\u201cSi tienes un iPhone y notas que la bater\u00eda nunca te dura, desactiva el Wi\u2011Fi y el Bluetooth\u201d"},"content":{"rendered":"<p class=\"paragraph\">El experto en tecnolog\u00eda Guillem Cort\u00e9s dedic\u00f3 un post en sus redes sociales para los miles de usuarios que usan iPhone. Su v\u00eddeo se basa en una serie de recomendaciones pr\u00e1cticas para mejorar la autonom\u00eda del dispositivo y preservar la salud de la bater\u00eda a largo plazo.\u00a0<\/p>\n<p class=\"paragraph\">Hay un cierto n\u00famero de clientes que perciben que la bater\u00eda de su iPhone \u201cno aguanta durante todo el d\u00eda\u201d, y esto es un problema cada vez m\u00e1s habitual en un contexto de uso intensivo del m\u00f3vil.<\/p>\n<p>\u00bfC\u00f3mo cuidar la bater\u00eda de tu iPhone?<\/p>\n<p class=\"paragraph\">Entre las primeras recomendaciones, Guillem insiste en la importancia de desactivar las conexiones inal\u00e1mbricas cuando no se est\u00e1n utilizando. \u201cSi tienes un iPhone y sientes que la bater\u00eda no aguanta durante todo el d\u00eda, aqu\u00ed te dejo cinco ajustes para ahorrar bater\u00eda y cuidarla al m\u00e1ximo. Lo primero que te recomiendo es que si vas por la calle y no usas ni Wi-Fi ni Bluetooth, es que lo dejes apagado\u201d, explica.\u00a0<\/p>\n<p class=\"paragraph\">Seg\u00fan detalla, al desactivar estas funciones desde el centro de control \u2014incluyendo tambi\u00e9n AirDrop\u2014 se evita que el tel\u00e9fono est\u00e9 \u201cconstantemente buscando redes u otros dispositivos\u201d, lo que supone un ahorro significativo de energ\u00eda.<\/p>\n<p class=\"paragraph\">Otro punto clave que destaca el experto est\u00e1 relacionado con los h\u00e1bitos de carga. Cort\u00e9s subraya que, para prolongar la vida \u00fatil de la bater\u00eda, es preferible cargar el dispositivo mediante cable y evitar hacerlo con la funda puesta, ya que el aumento de temperatura puede afectar negativamente a la bater\u00eda con el paso del tiempo.<\/p>\n<p><img decoding=\"async\" class=\"w-full\"   alt=\"Un joven sostiene su iPhone sin bater\u00eda\" data-full-src=\"https:\/\/www.lavanguardia.com\/uploads\/2022\/02\/02\/61f9e76580487.jpeg\" src=\"https:\/\/www.europesays.com\/es\/wp-content\/uploads\/2025\/12\/61f9e76580487.jpeg\" width=\"449\" height=\"310\" loading=\"lazy\"\/>Un joven sostiene su iPhone sin bater\u00edaGetty Images\/iStockphoto<\/p>\n<p class=\"paragraph\">Adem\u00e1s, recomienda no superar el 80% de carga y conectar el iPhone cuando el nivel baja del 20%, un rango que, seg\u00fan diversos fabricantes, resulta menos agresivo para las bater\u00edas de ion-litio.<\/p>\n<p class=\"paragraph\">El creador de contenido tambi\u00e9n pone el foco en la gesti\u00f3n del software. En este sentido, aconseja desactivar las actualizaciones en segundo plano desde el men\u00fa de ajustes, ya que esta funci\u00f3n permite que las aplicaciones se actualicen de forma constante sin que el usuario lo note, consumiendo recursos y bater\u00eda. \u201cDe esta manera las aplicaciones no van a estar actualiz\u00e1ndose constantemente en segundo plano\u201d, afirma.<\/p>\n<p><img decoding=\"async\" class=\"w-full\"   alt=\"iPhone 15\" data-full-src=\"https:\/\/www.lavanguardia.com\/uploads\/2024\/01\/30\/65b8acbe56acb.jpeg\" src=\"https:\/\/www.europesays.com\/es\/wp-content\/uploads\/2025\/12\/65b8acbe56acb.r_d.1932-1288.jpeg\" width=\"449\" height=\"299\" loading=\"lazy\"\/>iPhone 15Getty Images<\/p>\n<p class=\"paragraph\">Para concluir con la publicaci\u00f3n, el experto recomienda activar el modo oscuro y desactivar la funci\u00f3n de pantalla siempre activa en los modelos compatibles. \u201cSi tienes un iPhone con pantalla OLED, esto va a afectar much\u00edsimo menos a la bater\u00eda\u201d, explica.\u00a0<\/p>\n<p class=\"paragraph\">Un estudio de la <a href=\"https:\/\/www.purdue.edu\/newsroom\/archive\/releases\/2021\/Q3\/dark-mode-may-not-save-your-phones-battery-life-as-much-as-you-think%2C-but-there-are-a-few-silver-linings.html\" rel=\"nofollow noreferrer noopener\" target=\"_blank\">Universidad de Purdue<\/a> (Estados Unidos), que demostr\u00f3 que el uso del modo oscuro en pantallas OLED puede reducir el consumo energ\u00e9tico entre un 39 % y un 47 % cuando el brillo es alto. De este modo, peque\u00f1os ajustes en la configuraci\u00f3n diaria pueden marcar una gran diferencia en la duraci\u00f3n de la bater\u00eda tu iPhone.<\/p>\n","protected":false},"excerpt":{"rendered":"El experto en tecnolog\u00eda Guillem Cort\u00e9s dedic\u00f3 un post en sus redes sociales para los miles de usuarios&hellip;\n","protected":false},"author":2,"featured_media":300290,"comment_status":"","ping_status":"","sticky":false,"template":"","format":"standard","meta":{"footnotes":""},"categories":[81],"tags":[119,123,124,25,24,117,121,122,23,118,120],"class_list":{"0":"post-300289","1":"post","2":"type-post","3":"status-publish","4":"format-standard","5":"has-post-thumbnail","7":"category-ciencia-y-tecnologia","8":"tag-ciencia","9":"tag-ciencia-y-tecnologia","10":"tag-cienciaytecnologia","11":"tag-es","12":"tag-espana","13":"tag-science","14":"tag-science-and-technology","15":"tag-scienceandtechnology","16":"tag-spain","17":"tag-technology","18":"tag-tecnologia"},"share_on_mastodon":{"url":"https:\/\/pubeurope.com\/@es\/115759452641624775","error":""},"_links":{"self":[{"href":"https:\/\/www.europesays.com\/es\/wp-json\/wp\/v2\/posts\/300289","targetHints":{"allow":["GET"]}}],"collection":[{"href":"https:\/\/www.europesays.com\/es\/wp-json\/wp\/v2\/posts"}],"about":[{"href":"https:\/\/www.europesays.com\/es\/wp-json\/wp\/v2\/types\/post"}],"author":[{"embeddable":true,"href":"https:\/\/www.europesays.com\/es\/wp-json\/wp\/v2\/users\/2"}],"replies":[{"embeddable":true,"href":"https:\/\/www.europesays.com\/es\/wp-json\/wp\/v2\/comments?post=300289"}],"version-history":[{"count":0,"href":"https:\/\/www.europesays.com\/es\/wp-json\/wp\/v2\/posts\/300289\/revisions"}],"wp:featuredmedia":[{"embeddable":true,"href":"https:\/\/www.europesays.com\/es\/wp-json\/wp\/v2\/media\/300290"}],"wp:attachment":[{"href":"https:\/\/www.europesays.com\/es\/wp-json\/wp\/v2\/media?parent=300289"}],"wp:term":[{"taxonomy":"category","embeddable":true,"href":"https:\/\/www.europesays.com\/es\/wp-json\/wp\/v2\/categories?post=300289"},{"taxonomy":"post_tag","embeddable":true,"href":"https:\/\/www.europesays.com\/es\/wp-json\/wp\/v2\/tags?post=300289"}],"curies":[{"name":"wp","href":"https:\/\/api.w.org\/{rel}","templated":true}]}}