{"id":300295,"date":"2025-12-21T20:32:24","date_gmt":"2025-12-21T20:32:24","guid":{"rendered":"https:\/\/www.europesays.com\/es\/300295\/"},"modified":"2025-12-21T20:32:24","modified_gmt":"2025-12-21T20:32:24","slug":"convocado-para-este-lunes-por-la-manana-el-pleno-ordinario-del-ayuntamiento-de-galdar-del-mes-de-diciembre","status":"publish","type":"post","link":"https:\/\/www.europesays.com\/es\/300295\/","title":{"rendered":"Convocado para este lunes por la ma\u00f1ana el Pleno ordinario del Ayuntamiento de G\u00e1ldar del mes de diciembre"},"content":{"rendered":"<p>     \t        <a class=\"fancybox-thumb\" rel=\"fancybox-thumb\" href=\"https:\/\/www.europesays.com\/es\/wp-content\/uploads\/2025\/12\/Fachada-de-las-Casas-Consistoriales-scaled-1.jpg\" title=\"Noticias Galdar\"><br \/>\n\t\t \t\t<img decoding=\"async\" class=\"img-responsive\" src=\"https:\/\/www.europesays.com\/es\/wp-content\/uploads\/2025\/12\/Fachada-de-las-Casas-Consistoriales-scaled-1.jpg\"\/><br \/>\n\t\t \t    <\/a><\/p>\n<p>El Ayuntamiento de G\u00e1ldar ha convocado para este lunes 22 de diciembre de 2025, a las 12.00 horas, el Pleno de car\u00e1cter ordinario correspondiente al mes de diciembre. La sesi\u00f3n, que ser\u00e1 retransmitida en directo por el canal oficial de Facebook del Ayuntamiento, se celebrar\u00e1 en el Sal\u00f3n de Plenos de las Casas Consistoriales en base al siguiente Orden del D\u00eda:<\/p>\n<p>1. Ratificaci\u00f3n, si procede, cambio de hora de la sesi\u00f3n plenaria.<br \/>2. Aprobaci\u00f3n, si procede, actas sesiones anteriores.<br \/>3. Expediente 17824\/2025. Moci\u00f3n institucional de los grupos pol\u00edticos del Ayuntamiento de G\u00e1ldar para el apoyo institucional a los\/as trabajadores\/as aut\u00f3nomos\/as del archipi\u00e9lago y la reforma estructural del r\u00e9gimen de cotizaciones. acuerdo procedente.<br \/>4. Expediente 17401\/2025. Adhesi\u00f3n Convenio Marco de Cooperaci\u00f3n entre el Gobierno de Canarias, Consejer\u00eda de Transici\u00f3n Ecol\u00f3gica y Energ\u00eda y Ecoembalajes de Espa\u00f1a S.A. para la gesti\u00f3n de los residuos de envases dom\u00e9sticos. Acuerdo procedente.<br \/>5. Expediente 17194\/2025. Delegaci\u00f3n de la competencia de \u00f3rgano de contrataci\u00f3n del Pleno en el Sr. Alcalde. Acuerdo procedente.<br \/>6. Expediente 17129\/2025. Convalidaci\u00f3n y ratificaci\u00f3n por incompetencia no invalidante de contrataci\u00f3n alcald\u00eda. Acuerdo procedente.<br \/>7. Expediente 16209\/2024. Propuesta de distinciones honor\u00edficas en materia de protecci\u00f3n ciudadana a agentes del Cuerpo de la Polic\u00eda Local. Acuerdo procedente.<br \/>8. Expediente 17612\/2025. Propuesta de acuerdo adhesi\u00f3n a la declaraci\u00f3n de C\u00f3rdoba por las ciudades universalmente accesibles. Acuerdo procedente.<br \/>9. Expediente 17192\/2025. Modificaci\u00f3n de la Ordenanza Fiscal reguladora de la tasa por el aprovechamiento especial del dominio p\u00fablico local con puestos, barracas, casetas de venta, espect\u00e1culos, atracciones o recreos, industrias callejeras y ambulantes y rodaje cinematogr\u00e1fico. Acuerdo procedente.<br \/>10. Expediente 17104\/2025. Propuesta premios canarias 2026. Acuerdo procedente.<br \/>11. Asuntos de la presidencia.<br \/>12. Ruegos y preguntas.<\/p>\n","protected":false},"excerpt":{"rendered":"El Ayuntamiento de G\u00e1ldar ha convocado para este lunes 22 de diciembre de 2025, a las 12.00 horas,&hellip;\n","protected":false},"author":2,"featured_media":300296,"comment_status":"","ping_status":"","sticky":false,"template":"","format":"standard","meta":{"footnotes":""},"categories":[8],"tags":[17,18,25,24,13,14,11,19,20,9,10,15,16,23,12,21,22],"class_list":{"0":"post-300295","1":"post","2":"type-post","3":"status-publish","4":"format-standard","5":"has-post-thumbnail","7":"category-espana","8":"tag-breaking-news","9":"tag-breakingnews","10":"tag-es","11":"tag-espana","12":"tag-featured-news","13":"tag-featurednews","14":"tag-headlines","15":"tag-latest-news","16":"tag-latestnews","17":"tag-news","18":"tag-noticias","19":"tag-noticias-destacadas","20":"tag-noticiasdestacadas","21":"tag-spain","22":"tag-titulares","23":"tag-ultimas-noticias","24":"tag-ultimasnoticias"},"share_on_mastodon":{"url":"https:\/\/pubeurope.com\/@es\/115759464720838503","error":""},"_links":{"self":[{"href":"https:\/\/www.europesays.com\/es\/wp-json\/wp\/v2\/posts\/300295","targetHints":{"allow":["GET"]}}],"collection":[{"href":"https:\/\/www.europesays.com\/es\/wp-json\/wp\/v2\/posts"}],"about":[{"href":"https:\/\/www.europesays.com\/es\/wp-json\/wp\/v2\/types\/post"}],"author":[{"embeddable":true,"href":"https:\/\/www.europesays.com\/es\/wp-json\/wp\/v2\/users\/2"}],"replies":[{"embeddable":true,"href":"https:\/\/www.europesays.com\/es\/wp-json\/wp\/v2\/comments?post=300295"}],"version-history":[{"count":0,"href":"https:\/\/www.europesays.com\/es\/wp-json\/wp\/v2\/posts\/300295\/revisions"}],"wp:featuredmedia":[{"embeddable":true,"href":"https:\/\/www.europesays.com\/es\/wp-json\/wp\/v2\/media\/300296"}],"wp:attachment":[{"href":"https:\/\/www.europesays.com\/es\/wp-json\/wp\/v2\/media?parent=300295"}],"wp:term":[{"taxonomy":"category","embeddable":true,"href":"https:\/\/www.europesays.com\/es\/wp-json\/wp\/v2\/categories?post=300295"},{"taxonomy":"post_tag","embeddable":true,"href":"https:\/\/www.europesays.com\/es\/wp-json\/wp\/v2\/tags?post=300295"}],"curies":[{"name":"wp","href":"https:\/\/api.w.org\/{rel}","templated":true}]}}