{"id":300297,"date":"2025-12-21T20:33:12","date_gmt":"2025-12-21T20:33:12","guid":{"rendered":"https:\/\/www.europesays.com\/es\/300297\/"},"modified":"2025-12-21T20:33:12","modified_gmt":"2025-12-21T20:33:12","slug":"para-silbidos-los-de-lamine-yamal","status":"publish","type":"post","link":"https:\/\/www.europesays.com\/es\/300297\/","title":{"rendered":"Para silbidos, los de Lamine Yamal"},"content":{"rendered":"<p data-mrf-recirculation=\"Links P\u00e1rrafos\" class=\"ue-c-article__paragraph paragraph ue-c-article--first-letter-highlighted\">La jugada clave del partido se produjo en el minuto 39. <strong>Renato realiz\u00f3 una fort\u00edsima entrada por detr\u00e1s a Lamine Yamal.<\/strong> El jugador del Villarreal le golpe\u00f3 con dureza el tobillo. Alberola Rojas no tuvo ninguna duda: roja directa. El jugador del Barcelona qued\u00f3 tendido en el terreno de juego, atendido por los m\u00e9dicos del equipo cul\u00e9.<strong> Tras unos minutos, se recuper\u00f3 y volvi\u00f3 al campo.<\/strong> Cuando recibi\u00f3 el bal\u00f3n, intent\u00f3 una jugada a toda velocidad, regateando a dos jugadores rivales como si nada hubiera pasado.<\/p>\n<p>barcelona (5)<\/p>\n<p data-mrf-recirculation=\"Links P\u00e1rrafos\" class=\"ue-c-article__paragraph paragraph\">El p\u00fablico no se lo perdon\u00f3, interpretando que tan fuerte no debi\u00f3 de ser la entrada de Renato a tenor de su pronta recuperaci\u00f3n. A partir de ese momento, <strong>la afici\u00f3n levantina silb\u00f3 al azulgrana cada vez que tocaba el bal\u00f3n.<\/strong> Ni siquiera el descanso cambi\u00f3 la situaci\u00f3n, y los pitos continuaron. Esto calent\u00f3 de tal manera al jugador del Bar\u00e7a que hasta que no marc\u00f3 no se qued\u00f3 tranquilo.<strong> Para festejarlo, hizo el gesto del silbido mirando a la grada de La Cer\u00e1mica.<\/strong> Es una pena que un jugador de la calidad de Lamine, que deber\u00eda ser aplaudido en cada campo, se vaya ganando enemistades. Y el problema es que \u00e9l no hizo nada: fue la &#8216;v\u00edctima&#8217; de la entrada de Renato.<\/p>\n<p><img decoding=\"async\" width=\"660\" height=\"80\" class=\"ue-c-article__image lazyload\" alt=\"emoticono-EL-CRACK-660\" loading=\"lazy\" src=\"https:\/\/www.europesays.com\/es\/wp-content\/uploads\/2025\/12\/69482771e441f.jpeg\"\/><\/p>\n<p data-mrf-recirculation=\"Links P\u00e1rrafos\" class=\"ue-c-article__paragraph paragraph\">A lo largo de la semana, <strong>Raphinha hab\u00eda sido protagonista<\/strong> porque la FIFA no le hab\u00eda incluido en el once ideal de la temporada. De risa. El brasile\u00f1o sali\u00f3 con ganas y fue el gran motor del equipo en la primera parte. Lo hizo todo: <strong>provoc\u00f3 el penalti que posteriormente transform\u00f3 y envi\u00f3 un excelente disparo desde 25 metros que se estrell\u00f3 en la cruceta<\/strong>. A ciertos jugadores es mejor no picarles.<\/p>\n<p>raphinha (4)<\/p>\n<p><img decoding=\"async\" width=\"660\" height=\"80\" class=\"ue-c-article__image lazyload\" alt=\"cintillo-parataparse660\" loading=\"lazy\" src=\"https:\/\/www.europesays.com\/es\/wp-content\/uploads\/2025\/12\/69482798c6428.jpeg\"\/><\/p>\n<p data-mrf-recirculation=\"Links P\u00e1rrafos\" class=\"ue-c-article__paragraph paragraph\">Los jugadores del Bar\u00e7a<strong> parecieron los Reyes Magos<\/strong> por la cantidad de balones que regalaron al rival. Fue un milagro que el Villarreal no consiguiera uno o dos goles en la primera mitad. Los fallos en el pase fueron clamorosos y numerosos: Gerard Mart\u00edn, Cubars\u00ed, Kound\u00e9, Balde\u2026 todos hicieron alg\u00fan regalo al rival. Tuvieron suerte de que Ayoze, Pep\u00e9 y, sobre todo, Buchanan fallaran una ocasi\u00f3n tras otra. No siempre tendr\u00e1 tanta suerte el Bar\u00e7a.<\/p>\n<p><img decoding=\"async\" width=\"660\" height=\"80\" class=\"ue-c-article__image lazyload\" alt=\"ver-para-creer\" loading=\"lazy\" src=\"https:\/\/www.europesays.com\/es\/wp-content\/uploads\/2025\/12\/694827b85767c.jpeg\"\/><\/p>\n<p data-mrf-recirculation=\"Links P\u00e1rrafos\" class=\"ue-c-article__paragraph paragraph\">Lo de <strong>Joan Garc\u00eda es algo impresionante.<\/strong> Pr\u00e1cticamente en cada partido aparece para abortar alguna ocasi\u00f3n del rival, y as\u00ed sucedi\u00f3 en Villarreal. En la primera parte sac\u00f3 un remate de Buchanan cuando ya se cantaba el gol. Lo mismo ocurri\u00f3 en la segunda parte, en un par de disparos de los valencianos. <strong>Un enorme acierto el fichaje de este portero<\/strong>. No es de extra\u00f1ar que Flick diga que es su portero n\u00famero uno y que no piense cambiarlo. Joan pide a gritos la selecci\u00f3n.<\/p>\n<p><img decoding=\"async\" width=\"660\" height=\"80\" class=\"ue-c-article__image lazyload\" alt=\"emoticono-EL-APUNTE-660\" loading=\"lazy\" src=\"https:\/\/www.europesays.com\/es\/wp-content\/uploads\/2025\/12\/694827db494e3.jpeg\"\/><\/p>\n<p data-mrf-recirculation=\"Links P\u00e1rrafos\" class=\"ue-c-article__paragraph paragraph\">El Bar\u00e7a cerr\u00f3 <strong>un excelente 2025<\/strong>. Ha sido un a\u00f1o redondo en todos los sentidos. <strong>Los de Flick ganaron tres t\u00edtulos<\/strong> y s\u00f3lo se les escap\u00f3 la Champions, cayendo en semifinales. En esta campa\u00f1a se marchan l\u00edderes al par\u00f3n navide\u00f1o y con la clasificaci\u00f3n encarrilada en la m\u00e1xima competici\u00f3n continental. Un a\u00f1o para enmarcar.<\/p>\n","protected":false},"excerpt":{"rendered":"La jugada clave del partido se produjo en el minuto 39. Renato realiz\u00f3 una fort\u00edsima entrada por detr\u00e1s&hellip;\n","protected":false},"author":2,"featured_media":300298,"comment_status":"","ping_status":"","sticky":false,"template":"","format":"standard","meta":{"footnotes":""},"categories":[5],"tags":[17,18,25,24,13,14,11,19,20,9,10,15,16,23,12,21,22],"class_list":{"0":"post-300297","1":"post","2":"type-post","3":"status-publish","4":"format-standard","5":"has-post-thumbnail","7":"category-titulares","8":"tag-breaking-news","9":"tag-breakingnews","10":"tag-es","11":"tag-espana","12":"tag-featured-news","13":"tag-featurednews","14":"tag-headlines","15":"tag-latest-news","16":"tag-latestnews","17":"tag-news","18":"tag-noticias","19":"tag-noticias-destacadas","20":"tag-noticiasdestacadas","21":"tag-spain","22":"tag-titulares","23":"tag-ultimas-noticias","24":"tag-ultimasnoticias"},"share_on_mastodon":{"url":"https:\/\/pubeurope.com\/@es\/115759468403919597","error":""},"_links":{"self":[{"href":"https:\/\/www.europesays.com\/es\/wp-json\/wp\/v2\/posts\/300297","targetHints":{"allow":["GET"]}}],"collection":[{"href":"https:\/\/www.europesays.com\/es\/wp-json\/wp\/v2\/posts"}],"about":[{"href":"https:\/\/www.europesays.com\/es\/wp-json\/wp\/v2\/types\/post"}],"author":[{"embeddable":true,"href":"https:\/\/www.europesays.com\/es\/wp-json\/wp\/v2\/users\/2"}],"replies":[{"embeddable":true,"href":"https:\/\/www.europesays.com\/es\/wp-json\/wp\/v2\/comments?post=300297"}],"version-history":[{"count":0,"href":"https:\/\/www.europesays.com\/es\/wp-json\/wp\/v2\/posts\/300297\/revisions"}],"wp:featuredmedia":[{"embeddable":true,"href":"https:\/\/www.europesays.com\/es\/wp-json\/wp\/v2\/media\/300298"}],"wp:attachment":[{"href":"https:\/\/www.europesays.com\/es\/wp-json\/wp\/v2\/media?parent=300297"}],"wp:term":[{"taxonomy":"category","embeddable":true,"href":"https:\/\/www.europesays.com\/es\/wp-json\/wp\/v2\/categories?post=300297"},{"taxonomy":"post_tag","embeddable":true,"href":"https:\/\/www.europesays.com\/es\/wp-json\/wp\/v2\/tags?post=300297"}],"curies":[{"name":"wp","href":"https:\/\/api.w.org\/{rel}","templated":true}]}}