{"id":300303,"date":"2025-12-21T20:39:10","date_gmt":"2025-12-21T20:39:10","guid":{"rendered":"https:\/\/www.europesays.com\/es\/300303\/"},"modified":"2025-12-21T20:39:10","modified_gmt":"2025-12-21T20:39:10","slug":"las-mejores-imagenes-de-la-lxxi-carrera-del-pavo-en-leon-leonoticias","status":"publish","type":"post","link":"https:\/\/www.europesays.com\/es\/300303\/","title":{"rendered":"Las mejores im\u00e1genes de la LXXI Carrera del Pavo en Le\u00f3n &#8211; Leonoticias"},"content":{"rendered":"<ol>\n<li><a href=\"https:\/\/news.google.com\/rss\/articles\/CBMirAFBVV95cUxNTTUwSF9xTUxxd0pLbjVWaktEb1U2dHp4OVQ5clByT1N3d2Ixd0dyVUdGTmZSUjFNVWhxc0NhOHZnalV1MW93YXhlQk9iTmdtUmVZX2dSVFpJdndoN1dmZVJxWHdhMUIydno5clp0VW9iaFVTV2JjOWJlSW1XU0RYbGRudHJocXZ3V3ZvRHQ5cTdBbklVTldMc3RsdWNfQU5yN3RmQmRGSjczNlFR0gGyAUFVX3lxTE5fUTRrYzhPTi1yQ05UcVR4V3o4TmJDbng0ZlUxblI1MEgwZHpaU3dmWXh4aTZLOHJzbEo3WGZHLUNzZnBkbXVQZlB2bVVHV1ZxMmREV0cyOHhxZ2ZtSkZ6VU13SlZYQVVRbk5nbHQtWmNydEFidHhlMEtGcFdpZzBiOXVSbmZuUGJhYXBKR0tjZ19aSHJlWmFsaS1KNkdZeE5FcTFORE83VTBTY0p1T1JHanc?oc=5\" target=\"_blank\" rel=\"nofollow noopener\">Las mejores im\u00e1genes de la LXXI Carrera del Pavo en Le\u00f3n<\/a>&nbsp;&nbsp;Leonoticias<\/li>\n<li><a href=\"https:\/\/news.google.com\/rss\/articles\/CBMiugFBVV95cUxNN3U5b2xKZlJWVDdDTC1pTnNfbVVHYmxyaUJFVExWQ0t1R3FvQlg1M09WM1M0RmR0WVgyOUd1NklXTDFRSS1aUlhfaXljTG45TlE2M0YxZFVtRGM1QUNQLS1RRUp1UFljRHBEdENHcUpBaWFDaWV1ZVExR18wQllEWkFOMUJWdWpWZk9xNmlpbTRUbXdDY0FlYWtxc3lrZ2dLWGFqWUFzdjdxOXRUZHdXWDcweENrRE5aY0E?oc=5\" target=\"_blank\" rel=\"nofollow noopener\">La tradicional Carrera del Pavo pone un broche navide\u00f1o al a\u00f1o ciclista en Le\u00f3n<\/a>&nbsp;&nbsp;Leonoticias<\/li>\n<li><a href=\"https:\/\/news.google.com\/rss\/articles\/CBMiqgFBVV95cUxPMm5sVUx1Q3h2ME04aWh5OHpmTXRfcnVlMUo2eS1ZNmNBOE9SaFpRLWZkcEZ0QW9Zc1diTjlqbTV0THk3NzhPSGpGMXZ5ZjNLRGF0U2lMYkRfS3h0bWlEYVpIMy1zeHZ3UVVNcURtV1lQVGRKREY4cmROY0FkOWZLNjctN3R3bmRhYS14STcyeTBlQVZOcWd5eGpDYVRtTjl6Vl9KZVJial9BUdIBrwFBVV95cUxNSlA1RFpOMS1yNFNiajgxTTBDNEl6OFROejBwRHdYYlgtMEtfWnlPTndPR2gxMlNpOGU2RjlIOVVLazhVb3FEUFgwejdYNGgtMkprTFRLWWNPX0plaVVxa1oyQUNqYk1HSEhBeUlWdElmbWhqN2daaHc4YVMtNHBTWHZnRHRRanA2WVVaWld5ZHZ2NXcyMjNrNTBGbVFuaUhPTFpMSHk4OEw0enlCOEZN?oc=5\" target=\"_blank\" rel=\"nofollow noopener\">Corte de tr\u00e1fico el 21 de diciembre por la Carrera Ciclista del Pavo en Le\u00f3n<\/a>&nbsp;&nbsp;Diario de Le\u00f3n<\/li>\n<li><a href=\"https:\/\/news.google.com\/rss\/articles\/CBMitAFBVV95cUxPTUlCczRLOGRZWDBLczFsVXV5aWttZVlwMlVoWTBIczM0QnhBSWlWNDJMNFRXOXdSUjVEdm1mdHY4dFZKWnVFWXUwV1pLcllPZ3k0Q3A3WkxKMEc0US1pNm85UGRWRDdFY3YxaFByVDRlYnl6bXZRZV9VRWJwc0dRTTdWM3JBQy1QVnZMemdEWGNyMlpKRFhrY1lEQzlQcGlLMHNTUERRbnV2RmtsckFWNGpMdXHSAboBQVVfeXFMUHNVdC1UT2NLR3BlWkI2dEM4VzcyWUhEaEh5dmdBMlh0VVpGNDJvOTlQMkVVcmJydzVZUzFCQzZROGtCbi1OcjlZNHl5UTllVTJEc204d25yXzZ6MDc1UDVyZzZtUlpZMmRWM0ViLVJtX2FqX21hYmdFM2ppMXBWeXBPREU0WDBUY1BlYzhRZDhkVHc1VmhRZW53aURUTXBuLXRyU1daRE9MSlN2cExfcVdsQXRmaTQ3SzFn?oc=5\" target=\"_blank\" rel=\"nofollow noopener\">Esta importante avenida de Le\u00f3n estar\u00e1 cortada al tr\u00e1fico el domingo por esta raz\u00f3n<\/a>&nbsp;&nbsp;Digital de Le\u00f3n<\/li>\n<li><a href=\"https:\/\/news.google.com\/rss\/articles\/CBMipgFBVV95cUxPejVIU1hja0RGV0xvRFJVd0R4SVd6SEhsU2E1d2FRWE9jOGZfejJHcHBISGdoNmFHaGg5b0wxZnc3UC1OcFhDbWZuOVFSbEs3bml0cXZfZndVTWpQeU5YZkNDUWFtTGpSSFB5dmRKbncyU3BMVFBFX000NlpUVFAzdm5kVGFxcWhNWnJucDdTbHlVQTBUS1JCdFZTYThRWGk4aVVWM01R?oc=5\" target=\"_blank\" rel=\"nofollow noopener\">Le\u00f3n cortar\u00e1 Condesa Sagasta el 21 de diciembre por la Carrera Ciclista del Pavo<\/a>&nbsp;&nbsp;Ahora Le\u00f3n<\/li>\n<\/ol>\n","protected":false},"excerpt":{"rendered":"Las mejores im\u00e1genes de la LXXI Carrera del Pavo en Le\u00f3n&nbsp;&nbsp;Leonoticias La tradicional Carrera del Pavo pone un&hellip;\n","protected":false},"author":2,"featured_media":300304,"comment_status":"","ping_status":"","sticky":false,"template":"","format":"standard","meta":{"footnotes":""},"categories":[273],"tags":[4860,313,312,168,25,24,1641,4108,804,64390,23,167],"class_list":{"0":"post-300303","1":"post","2":"type-post","3":"status-publish","4":"format-standard","5":"has-post-thumbnail","7":"category-ciclismo","8":"tag-carrera","9":"tag-ciclismo","10":"tag-cycling","11":"tag-deportes","12":"tag-es","13":"tag-espana","14":"tag-imagenes","15":"tag-leon","16":"tag-mejores","17":"tag-pavo","18":"tag-spain","19":"tag-sports"},"share_on_mastodon":{"url":"https:\/\/pubeurope.com\/@es\/115759491526235926","error":""},"_links":{"self":[{"href":"https:\/\/www.europesays.com\/es\/wp-json\/wp\/v2\/posts\/300303","targetHints":{"allow":["GET"]}}],"collection":[{"href":"https:\/\/www.europesays.com\/es\/wp-json\/wp\/v2\/posts"}],"about":[{"href":"https:\/\/www.europesays.com\/es\/wp-json\/wp\/v2\/types\/post"}],"author":[{"embeddable":true,"href":"https:\/\/www.europesays.com\/es\/wp-json\/wp\/v2\/users\/2"}],"replies":[{"embeddable":true,"href":"https:\/\/www.europesays.com\/es\/wp-json\/wp\/v2\/comments?post=300303"}],"version-history":[{"count":0,"href":"https:\/\/www.europesays.com\/es\/wp-json\/wp\/v2\/posts\/300303\/revisions"}],"wp:featuredmedia":[{"embeddable":true,"href":"https:\/\/www.europesays.com\/es\/wp-json\/wp\/v2\/media\/300304"}],"wp:attachment":[{"href":"https:\/\/www.europesays.com\/es\/wp-json\/wp\/v2\/media?parent=300303"}],"wp:term":[{"taxonomy":"category","embeddable":true,"href":"https:\/\/www.europesays.com\/es\/wp-json\/wp\/v2\/categories?post=300303"},{"taxonomy":"post_tag","embeddable":true,"href":"https:\/\/www.europesays.com\/es\/wp-json\/wp\/v2\/tags?post=300303"}],"curies":[{"name":"wp","href":"https:\/\/api.w.org\/{rel}","templated":true}]}}