{"id":300305,"date":"2025-12-21T20:41:09","date_gmt":"2025-12-21T20:41:09","guid":{"rendered":"https:\/\/www.europesays.com\/es\/300305\/"},"modified":"2025-12-21T20:41:09","modified_gmt":"2025-12-21T20:41:09","slug":"el-toledo-suma-un-triunfo-de-muchos-quilates-tras-remontar","status":"publish","type":"post","link":"https:\/\/www.europesays.com\/es\/300305\/","title":{"rendered":"El Toledo suma un triunfo de muchos quilates tras remontar"},"content":{"rendered":"<p>El\u00a0Toledo\u00a0volvi\u00f3 a sonre\u00edr, despu\u00e9s de\u00a0hincar la rodilla\u00a0el pasado fin de semana\u00a0en Logro\u00f1o frente al Clavijo de forma dolorosa,\u00a0tras vencer a uno de los equipos que mejor\u00a0juego est\u00e1 desplegando\u00a0esta temporada en la Segunda FEB. Tras ir a remolque del Coto C\u00f3rdoba durante la mayor parte del encuentro,\u00a0un gran \u00faltimo cuarto, con Moreno y Serrano como principales referencias ofensivas, depar\u00f3 una remontada que afianza al elenco de\u00a0Sergio Vicente en la zona media de la clasificaci\u00f3n.\u00a0La aportaci\u00f3n de\u00a0Kocic\u00a0en su estreno con\u00a0el cuadro toledano\u00a0fue otra de las notas positivas\u00a0que dej\u00f3 el \u00faltimo partido del a\u00f1o.\u00a0<\/p>\n<p>No especul\u00f3 el Toledo Basket en el arranque del encuentro. Pese a las acometidas de \u00c1lex Rodr\u00edguez y Gonzalo Orozco,\u00a0un acertado Moreno en el lanzamiento exterior, unido al dominio en la pintura de Mendiola, aup\u00f3 en el tanteador al equipo verde (11-4).\u00a0Sin embargo, el\u00a0conjunto toledano\u00a0se desconect\u00f3 a partir de ese\u00a0momento\u00a0en ambos lados de la pista, situaci\u00f3n que aprovech\u00f3 la\u00a0escuadra cordobesa para voltear el tanteador gracias a un parcial de 0-8 liderado\u00a0por\u00a0Schutte\u00a0y Black. Dos lanzamientos consecutivos de I\u00f1aki \u00c1lvarez desde la l\u00ednea 6,75\u00a0neutralizaron la\u00a0inspiraci\u00f3n\u00a0del\u00a0Coto,\u00a0que resurgi\u00f3 con un Black desatado en\u00a0ataque, secundado\u00a0por\u00a0Ndiaye, lo que propici\u00f3 que la\u00a0formaci\u00f3n de Gonzalo Rodr\u00edguez\u00a0recuperara la\u00a0iniciativa\u00a0en el marcador (18-22).\u00a0<\/p>\n<p>Sendos triples de\u00a0Ndiaye\u00a0y\u00a0Guemeta\u00a0nada m\u00e1s arrancar el segundo acto amenazaron con romper el partido\u00a0(20-28).\u00a0No obstante, la reacci\u00f3n\u00a0del\u00a0cuadro\u00a0de Sergio Vicente fue inmediata. Un\u00a09-0, guiado por\u00a0Stevanic\u00a0y Mendiola,\u00a0cort\u00f3 de ra\u00edz\u00a0el buen hacer\u00a0del\u00a0Coto C\u00f3rdoba (31-29).\u00a0Los \u00faltimos minutos de la primera mitad\u00a0se resumieron en un intercambio de encestes que favoreci\u00f3 a la\u00a0escuadra visitante. Pablo S\u00e1nchez y\u00a0Schutte\u00a0colocaron\u00a0por\u00a0delante, de nuevo, a su\u00a0equipo\u00a0justo antes\u00a0del\u00a0descanso (35-38).\u00a0<\/p>\n<p>El tercer acto estuvo protagonizado por\u00a0las\u00a0rachas anotadoras.\u00a0Las defensas aumentaron su intensidad\u00a0de manera notoria\u00a0tras el intermedio, aunque cinco tantos seguidos del escolta bosnio\u00a0Kocic, en su\u00a0debut\u00a0con la camiseta de la escuadra verdiblanca,\u00a0unidos al acierto de un incisivo\u00a0Lafuente\u00a0ayudaron a contrarrestar los triples de \u00c1lex Rodr\u00edguez y Gonzalo Orozco (45-44).\u00a0<\/p>\n<p>Sin embargo, un nuevo\u00a0y contundente\u00a0parcial de 0-12, con Gonzalo Orozco y Black como baluartes,\u00a0frustr\u00f3 los planes del\u00a0Toledo.\u00a0Serrano y Moreno trataron de mantener en el duelo a la formaci\u00f3n de Sergio Vicente en el tramo final del tercer periodo, pero\u00a0Guemeta\u00a0y\u00a0Ndiaye\u00a0siguieron marcando diferencias (49-57).\u00a0<\/p>\n<p>Todo cambi\u00f3 en el \u00faltimo\u00a0cuarto\u00a0cuando\u00a0I\u00f1aki \u00c1lvarez\u00a0y, especialmente, Serrano tiraron de orgullo y acierto\u00a0para\u00a0acabar con el dominio del equipo cordob\u00e9s (62-59).\u00a0Schutte\u00a0busc\u00f3 variar la din\u00e1mica del choque con su contundencia en la zona, pero Moreno y Luis Garc\u00eda catapultaron en el marcador a un\u00a0Toledo Basket\u00a0muy entonado en ataque.\u00a0Black y\u00a0\u00c1lex Rodr\u00edguez\u00a0comprometieron el triunfo del conjunto toledano\u00a0con sus triples, aunque el tino de Moreno y\u00a0Stevanic\u00a0desde la l\u00ednea de personales certific\u00f3\u00a0la victoria en un partido que a punto estuvo Gonzalo Orozco de mandar al tiempo extra con un tiro de dos puntos que err\u00f3 sobre la bocina (76-74).<\/p>\n<p>\u00a0<\/p>\n","protected":false},"excerpt":{"rendered":"El\u00a0Toledo\u00a0volvi\u00f3 a sonre\u00edr, despu\u00e9s de\u00a0hincar la rodilla\u00a0el pasado fin de semana\u00a0en Logro\u00f1o frente al Clavijo de forma dolorosa,\u00a0tras&hellip;\n","protected":false},"author":2,"featured_media":300306,"comment_status":"","ping_status":"","sticky":false,"template":"","format":"standard","meta":{"footnotes":""},"categories":[269],"tags":[299,298,71287,16143,168,25,24,2612,3923,6173,11013,3977,23,167],"class_list":{"0":"post-300305","1":"post","2":"type-post","3":"status-publish","4":"format-standard","5":"has-post-thumbnail","7":"category-baloncesto","8":"tag-baloncesto","9":"tag-basketball","10":"tag-cb-clavijo","11":"tag-cb-toledo","12":"tag-deportes","13":"tag-es","14":"tag-espana","15":"tag-feb","16":"tag-federacion-espanola-de-baloncesto","17":"tag-logrono","18":"tag-luis-garcia","19":"tag-segunda-feb","20":"tag-spain","21":"tag-sports"},"share_on_mastodon":{"url":"https:\/\/pubeurope.com\/@es\/115759499658660849","error":""},"_links":{"self":[{"href":"https:\/\/www.europesays.com\/es\/wp-json\/wp\/v2\/posts\/300305","targetHints":{"allow":["GET"]}}],"collection":[{"href":"https:\/\/www.europesays.com\/es\/wp-json\/wp\/v2\/posts"}],"about":[{"href":"https:\/\/www.europesays.com\/es\/wp-json\/wp\/v2\/types\/post"}],"author":[{"embeddable":true,"href":"https:\/\/www.europesays.com\/es\/wp-json\/wp\/v2\/users\/2"}],"replies":[{"embeddable":true,"href":"https:\/\/www.europesays.com\/es\/wp-json\/wp\/v2\/comments?post=300305"}],"version-history":[{"count":0,"href":"https:\/\/www.europesays.com\/es\/wp-json\/wp\/v2\/posts\/300305\/revisions"}],"wp:featuredmedia":[{"embeddable":true,"href":"https:\/\/www.europesays.com\/es\/wp-json\/wp\/v2\/media\/300306"}],"wp:attachment":[{"href":"https:\/\/www.europesays.com\/es\/wp-json\/wp\/v2\/media?parent=300305"}],"wp:term":[{"taxonomy":"category","embeddable":true,"href":"https:\/\/www.europesays.com\/es\/wp-json\/wp\/v2\/categories?post=300305"},{"taxonomy":"post_tag","embeddable":true,"href":"https:\/\/www.europesays.com\/es\/wp-json\/wp\/v2\/tags?post=300305"}],"curies":[{"name":"wp","href":"https:\/\/api.w.org\/{rel}","templated":true}]}}