{"id":300310,"date":"2025-12-21T20:46:11","date_gmt":"2025-12-21T20:46:11","guid":{"rendered":"https:\/\/www.europesays.com\/es\/300310\/"},"modified":"2025-12-21T20:46:11","modified_gmt":"2025-12-21T20:46:11","slug":"antena-3-recorta-inesperadamente-la-emision-de-una-nueva-vida-por-un-cambio-en-su-programacion","status":"publish","type":"post","link":"https:\/\/www.europesays.com\/es\/300310\/","title":{"rendered":"Antena 3 recorta inesperadamente la emisi\u00f3n de &#8216;Una nueva vida&#8217; por un cambio en su programaci\u00f3n"},"content":{"rendered":"<p>Los fans de &#8216;<a href=\"https:\/\/eltelevisero.huffingtonpost.es\/2025\/12\/una-nueva-vida-avance-capitulo-del-domingo-21-de-diciembre-ferit-salva-a-seyran-y-el-fin-de-kazim\/\" data-type=\"link\" data-id=\"https:\/\/eltelevisero.huffingtonpost.es\/2025\/12\/una-nueva-vida-avance-capitulo-del-domingo-21-de-diciembre-ferit-salva-a-seyran-y-el-fin-de-kazim\/\" rel=\"nofollow noopener\" target=\"_blank\">Una nueva vida<\/a>&#8216;, la serie turca que emite Antena 3 en la noche de los domingos, deben saber que este domingo 21 de diciembre, su emisi\u00f3n se ver\u00e1 alterada por la celebraci\u00f3n de las elecciones auton\u00f3micas de Extremadura y la emisi\u00f3n de un breve especial. <\/p>\n<p>As\u00ed, Antena 3 ha optado por mantener en emisi\u00f3n la serie turca en su prime time en lugar de apostar por un especial desde \u00faltima hora de la tarde o principio de la noche como si har\u00e1n La 1 y La Sexta y como ha hecho en otras ocasiones la cadena l\u00edder de los informativos de este pa\u00eds. <\/p>\n<p>No obstante, Antena 3 si anuncia que emitir\u00e1 un especial informativo a partir de las 23:30 horas con Mat\u00edas Prats y M\u00f3nica Carrillo en el que se har\u00e1 un repaso a los resultados definitivos y se valorar\u00e1 la situaci\u00f3n pol\u00edtica en la Comunidad extreme\u00f1a, as\u00ed como la posibilidad de pactos o la llave de la gobernabilidad en funci\u00f3n del saldo arrojado por las urnas. Adem\u00e1s, contar\u00e1n con conexiones con analistas y expertos, que aportar\u00e1n sus observaciones. <\/p>\n<p>Cabe decir que Antena 3 no incluye este especial en su programaci\u00f3n, por lo que se desconoce realmente cu\u00e1l ser\u00e1 su duraci\u00f3n y c\u00f3mo afectar\u00e1 al cap\u00edtulo de &#8216;Una nueva vida&#8217;, que vivir\u00e1 un breve par\u00f3n en torno a las 23:30 horas. Asimismo, se desconoce si la cadena optar\u00e1 por emitir un cap\u00edtulo m\u00e1s reducido de la ficci\u00f3n o si simplemente cortar\u00e1 para ofrecer la \u00faltima hora de los comicios extreme\u00f1os y retomar\u00e1 despu\u00e9s. <\/p>\n<p>Este domingo en &#8216;Una nueva vida&#8217;&#8230; <\/p>\n<p>En el pr\u00f3ximo cap\u00edtulo de &#8216;Una nueva vida&#8217;, Ferit consigue salvar a Seyran, despu\u00e9s de que Akin acabase con todo su sufrimiento al pegar un tiro a su madre y otro a \u00e9l mismo.<\/p>\n<p>Seyran es intervenida en el hospital, ya que tiene quemaduras por toda la espalda. Adem\u00e1s, est\u00e1 muy afectada por el maltrato que ha sufrido.<\/p>\n<p>Ifakat busca la manera de acercarse a Halis, ya que quiere volver a la mansi\u00f3n, a pesar de que hayan descubierto su aventura con Sehmuz.<\/p>\n<p>Esme saca el valor que nunca ha tenido para enfrentarse a Kazim y acabar con su matrimonio.<\/p>\n","protected":false},"excerpt":{"rendered":"Los fans de &#8216;Una nueva vida&#8216;, la serie turca que emite Antena 3 en la noche de los&hellip;\n","protected":false},"author":2,"featured_media":300311,"comment_status":"","ping_status":"","sticky":false,"template":"","format":"standard","meta":{"footnotes":""},"categories":[171],"tags":[146,147,25,24,23,214],"class_list":{"0":"post-300310","1":"post","2":"type-post","3":"status-publish","4":"format-standard","5":"has-post-thumbnail","7":"category-tv","8":"tag-entertainment","9":"tag-entretenimiento","10":"tag-es","11":"tag-espana","12":"tag-spain","13":"tag-tv"},"share_on_mastodon":{"url":"https:\/\/pubeurope.com\/@es\/115759519077359562","error":""},"_links":{"self":[{"href":"https:\/\/www.europesays.com\/es\/wp-json\/wp\/v2\/posts\/300310","targetHints":{"allow":["GET"]}}],"collection":[{"href":"https:\/\/www.europesays.com\/es\/wp-json\/wp\/v2\/posts"}],"about":[{"href":"https:\/\/www.europesays.com\/es\/wp-json\/wp\/v2\/types\/post"}],"author":[{"embeddable":true,"href":"https:\/\/www.europesays.com\/es\/wp-json\/wp\/v2\/users\/2"}],"replies":[{"embeddable":true,"href":"https:\/\/www.europesays.com\/es\/wp-json\/wp\/v2\/comments?post=300310"}],"version-history":[{"count":0,"href":"https:\/\/www.europesays.com\/es\/wp-json\/wp\/v2\/posts\/300310\/revisions"}],"wp:featuredmedia":[{"embeddable":true,"href":"https:\/\/www.europesays.com\/es\/wp-json\/wp\/v2\/media\/300311"}],"wp:attachment":[{"href":"https:\/\/www.europesays.com\/es\/wp-json\/wp\/v2\/media?parent=300310"}],"wp:term":[{"taxonomy":"category","embeddable":true,"href":"https:\/\/www.europesays.com\/es\/wp-json\/wp\/v2\/categories?post=300310"},{"taxonomy":"post_tag","embeddable":true,"href":"https:\/\/www.europesays.com\/es\/wp-json\/wp\/v2\/tags?post=300310"}],"curies":[{"name":"wp","href":"https:\/\/api.w.org\/{rel}","templated":true}]}}