{"id":300316,"date":"2025-12-21T20:50:12","date_gmt":"2025-12-21T20:50:12","guid":{"rendered":"https:\/\/www.europesays.com\/es\/300316\/"},"modified":"2025-12-21T20:50:12","modified_gmt":"2025-12-21T20:50:12","slug":"la-falta-de-hierro-en-ninos-puede-afectar-su-desarrollo-y-causar-anemia-como-detectarla-y-prevenirla","status":"publish","type":"post","link":"https:\/\/www.europesays.com\/es\/300316\/","title":{"rendered":"La falta de hierro en ni\u00f1os puede afectar su desarrollo y causar anemia: c\u00f3mo detectarla y prevenirla"},"content":{"rendered":"<p><img alt=\"La deficiencia de hierro en\" class=\"global-image\" decoding=\"async\" fetchpriority=\"high\" height=\"768\" loading=\"eager\" src=\"https:\/\/www.europesays.com\/es\/wp-content\/uploads\/2025\/12\/7YO4NB7PAZBF5G3V3CNZIENKPI.png\" width=\"1408\"\/>La deficiencia de hierro en ni\u00f1os afecta el desarrollo f\u00edsico y cognitivo, seg\u00fan advierte Mayo Clinic (Imagen Ilustrativa Infobae)<\/p>\n<p class=\"paragraph\">La <b>deficiencia de <\/b><a rel=\"noopener noreferrer nofollow\" href=\"https:\/\/www.infobae.com\/tag\/hierro\/\" target=\"_blank\" title=\"https:\/\/www.infobae.com\/tag\/hierro\/\"><b>hierro<\/b><\/a><b> en ni\u00f1os<\/b> es un problema frecuente que puede afectar el desarrollo f\u00edsico y cognitivo, y en casos avanzados, provocar <a rel=\"noopener noreferrer nofollow\" href=\"https:\/\/www.infobae.com\/noticias\/2022\/11\/08\/anemia-cuales-son-las-causas-los-sintomas-y-como-tratarla\/\" target=\"_blank\" title=\"https:\/\/www.infobae.com\/noticias\/2022\/11\/08\/anemia-cuales-son-las-causas-los-sintomas-y-como-tratarla\/\"><b>anemia<\/b><\/a> infantil. Este trastorno, aunque puede pasar inadvertido en sus primeras etapas, es prevenible mediante una alimentaci\u00f3n adecuada y controles m\u00e9dicos peri\u00f3dicos, seg\u00fan advierte Mayo Clinic. Si no se detecta y trata a tiempo, <b>sus consecuencias pueden ser graves<\/b>.<\/p>\n<p class=\"paragraph\">El hierro desempe\u00f1a un papel esencial en el crecimiento infantil, ya que permite el transporte de ox\u00edgeno desde los pulmones hacia el resto del cuerpo y contribuye al funcionamiento muscular. <\/p>\n<p class=\"paragraph\">De acuerdo con Mayo Clinic, una dieta insuficiente en hierro puede llevar a una deficiencia que, sin intervenci\u00f3n, <b>compromete el desarrollo y el bienestar general del ni\u00f1o<\/b>. En los casos m\u00e1s severos, reduce la cantidad de gl\u00f3bulos rojos sanos, lo que se conoce como anemia por deficiencia de hierro.<\/p>\n<p class=\"paragraph\">Las necesidades diarias de hierro<b> var\u00edan seg\u00fan la edad y el sexo<\/b>. Mayo Clinic detalla que<b> los lactantes entre 7 y 12 meses<\/b> requieren 11 miligramos al d\u00eda, mientras que<b> los ni\u00f1os de 1 a 3 a\u00f1os <\/b>necesitan7 miligramos. <b>Entre los 4 y 8 a\u00f1os<\/b>, la recomendaci\u00f3n asciende a 10 miligramos diarios.<\/p>\n<p class=\"paragraph\">Para los<b> ni\u00f1os de 9 a 13 a\u00f1os<\/b>, la cifra baja a 8 miligramos, pero en la adolescencia las necesidades aumentan: las<b> ni\u00f1as de 14 a 18 a\u00f1os<\/b> deben consumir 15 miligramos diarios, y los <b>varones de ese mismo grupo etario<\/b>, 11 miligramos.<\/p>\n<p class=\"paragraph\">Existen grupos de riesgo claramente identificados. <b>Los beb\u00e9s prematuros o con bajo peso al nacer<\/b>, aquellos que consumen leche de vaca o de cabra antes del primer a\u00f1o, o que no reciben alimentos ricos en hierro despu\u00e9s de los seis meses, presentan mayor vulnerabilidad.<\/p>\n<p><img alt=\"Las necesidades diarias de hierro\" class=\"global-image\" decoding=\"async\" fetchpriority=\"low\" height=\"1024\" loading=\"lazy\" src=\"https:\/\/www.europesays.com\/es\/wp-content\/uploads\/2025\/12\/7E6NNM76KVEA5ONBOZJRA6ISFM.png\" width=\"1536\"\/>Las necesidades diarias de hierro var\u00edan seg\u00fan la edad y el sexo, seg\u00fan datos de Mayo Clinic (Imagen Ilustrativa Infobae)<\/p>\n<p class=\"paragraph\">En la infancia temprana, el consumo excesivo de leche (m\u00e1s de 710 mililitros diarios) tambi\u00e9n incrementa el riesgo, al igual que las dietas restringidas, ciertas enfermedades cr\u00f3nicas, la exposici\u00f3n al plomo y el sobrepeso. En la adolescencia, las ni\u00f1as enfrentan un riesgo adicional debido a la p\u00e9rdida de hierro durante la menstruaci\u00f3n.<\/p>\n<p class=\"paragraph\">Los s\u00edntomas de anemia suelen manifestarse cuando la deficiencia de hierro ya ha avanzado. Mayo Clinic se\u00f1ala que los<b> signos m\u00e1s comunes<\/b> incluyen palidez en labios, enc\u00edas, p\u00e1rpados o u\u00f1as, fatiga, dificultad para respirar durante el ejercicio, manos y pies fr\u00edos, retraso en el crecimiento, falta de apetito, respiraci\u00f3n irregular y r\u00e1pida, alteraciones en el comportamiento, infecciones frecuentes y antojos inusuales por sustancias sin valor nutritivo, como hielo, tierra o almid\u00f3n. <\/p>\n<p class=\"paragraph\">Ante la presencia de factores de riesgo, se recomienda consultar al equipo de salud pedi\u00e1trica.<\/p>\n<p class=\"paragraph\">La prevenci\u00f3n de anemia por deficiencia de hierro se basa en <b>una combinaci\u00f3n de alimentaci\u00f3n adecuada, suplementaci\u00f3n cuando sea necesario y controles m\u00e9dicos<\/b>. <\/p>\n<p class=\"paragraph\">Mayo Clinic recomienda que los beb\u00e9s alimentados con f\u00f3rmula reciban <b>productos fortificados con hierro<\/b>, mientras que los lactantes amamantados pueden requerir suplementos a partir de los cuatro meses, hasta que consuman al menos dos porciones diarias de alimentos ricos en hierro, como cereales fortificados, carnes o pur\u00e9 de batata. <\/p>\n<p class=\"paragraph\">En el caso de los beb\u00e9s prematuros, la suplementaci\u00f3n debe iniciarse a las dos semanas de vida y mantenerse hasta el primer a\u00f1o, salvo que la alimentaci\u00f3n principal provenga de f\u00f3rmula fortificada.<\/p>\n<p><img alt=\"La prevenci\u00f3n de anemia por\" class=\"global-image\" decoding=\"async\" fetchpriority=\"low\" height=\"768\" loading=\"lazy\" src=\"https:\/\/www.europesays.com\/es\/wp-content\/uploads\/2025\/12\/CXJGVGPK4BH3JGNHSBMP4EJMQE.png\" width=\"1408\"\/>La prevenci\u00f3n de anemia por deficiencia de hierro requiere una alimentaci\u00f3n adecuada, suplementaci\u00f3n y controles m\u00e9dicos regulares (Imagen Ilustrativa Infobae)<\/p>\n<p class=\"paragraph\">Para los ni\u00f1os mayores, se aconseja ofrecer alimentos ricos en hierro como <b>carnes rojas, pollo, pescado, legumbres y espinaca<\/b>, as\u00ed como limitar el consumo de leche a menos de 710 mililitros diarios entre uno y cinco a\u00f1os. <\/p>\n<p class=\"paragraph\">Adem\u00e1s, la inclusi\u00f3n de alimentos ricos en vitamina C, como c\u00edtricos, fresas, pimientos, tomates y verduras de hoja verde oscuro, favorece la absorci\u00f3n del hierro.<\/p>\n<p class=\"paragraph\"><b>El control m\u00e9dico es fundamental para la detecci\u00f3n temprana<\/b>. Mayo Clinic indica que la anemia por deficiencia de hierro suele diagnosticarse mediante an\u00e1lisis de sangre. La <b>Academia Americana de Pediatr\u00eda<\/b> recomienda realizar pruebas de detecci\u00f3n entre los 9 y 12 meses de edad, y repetirlas en etapas posteriores si existen factores de riesgo. Seg\u00fan los resultados, el pediatra puede indicar suplementos de hierro, multivitam\u00ednicos o ex\u00e1menes adicionales.<\/p>\n<p class=\"paragraph\">Para los padres, la clave est\u00e1 en ofrecer una dieta variada y equilibrada, vigilar el consumo de leche, fomentar la ingesta de alimentos ricos en hierro y vitamina C, y mantener un di\u00e1logo constante con el equipo de salud sobre la necesidad de pruebas o suplementos. Mayo Clinic subraya que, con una atenci\u00f3n adecuada, los ni\u00f1os pueden mantener un desarrollo saludable y pleno.<\/p>\n","protected":false},"excerpt":{"rendered":"La deficiencia de hierro en ni\u00f1os afecta el desarrollo f\u00edsico y cognitivo, seg\u00fan advierte Mayo Clinic (Imagen Ilustrativa&hellip;\n","protected":false},"author":2,"featured_media":300317,"comment_status":"","ping_status":"","sticky":false,"template":"","format":"standard","meta":{"footnotes":""},"categories":[92],"tags":[62556,71289,40851,10752,25,24,367,165,71288,17168,864,166,14288,23],"class_list":{"0":"post-300316","1":"post","2":"type-post","3":"status-publish","4":"format-standard","5":"has-post-thumbnail","7":"category-salud","8":"tag-atencion-medica","9":"tag-bienestar-infantil","10":"tag-consulta-medica","11":"tag-consultorio","12":"tag-es","13":"tag-espana","14":"tag-familia","15":"tag-health","16":"tag-madre-e-hijo","17":"tag-pediatria","18":"tag-preocupacion","19":"tag-salud","20":"tag-salud-infantil","21":"tag-spain"},"share_on_mastodon":{"url":"https:\/\/pubeurope.com\/@es\/115759535098685527","error":""},"_links":{"self":[{"href":"https:\/\/www.europesays.com\/es\/wp-json\/wp\/v2\/posts\/300316","targetHints":{"allow":["GET"]}}],"collection":[{"href":"https:\/\/www.europesays.com\/es\/wp-json\/wp\/v2\/posts"}],"about":[{"href":"https:\/\/www.europesays.com\/es\/wp-json\/wp\/v2\/types\/post"}],"author":[{"embeddable":true,"href":"https:\/\/www.europesays.com\/es\/wp-json\/wp\/v2\/users\/2"}],"replies":[{"embeddable":true,"href":"https:\/\/www.europesays.com\/es\/wp-json\/wp\/v2\/comments?post=300316"}],"version-history":[{"count":0,"href":"https:\/\/www.europesays.com\/es\/wp-json\/wp\/v2\/posts\/300316\/revisions"}],"wp:featuredmedia":[{"embeddable":true,"href":"https:\/\/www.europesays.com\/es\/wp-json\/wp\/v2\/media\/300317"}],"wp:attachment":[{"href":"https:\/\/www.europesays.com\/es\/wp-json\/wp\/v2\/media?parent=300316"}],"wp:term":[{"taxonomy":"category","embeddable":true,"href":"https:\/\/www.europesays.com\/es\/wp-json\/wp\/v2\/categories?post=300316"},{"taxonomy":"post_tag","embeddable":true,"href":"https:\/\/www.europesays.com\/es\/wp-json\/wp\/v2\/tags?post=300316"}],"curies":[{"name":"wp","href":"https:\/\/api.w.org\/{rel}","templated":true}]}}