{"id":300318,"date":"2025-12-21T20:51:28","date_gmt":"2025-12-21T20:51:28","guid":{"rendered":"https:\/\/www.europesays.com\/es\/300318\/"},"modified":"2025-12-21T20:51:28","modified_gmt":"2025-12-21T20:51:28","slug":"eugenia-martinez-de-irujo-con-abrigo-de-terciopelo-de-invierno-y-sandalias-de-fiesta","status":"publish","type":"post","link":"https:\/\/www.europesays.com\/es\/300318\/","title":{"rendered":"Eugenia Mart\u00ednez de Irujo con abrigo de terciopelo de invierno y sandalias de fiesta"},"content":{"rendered":"<p>Es posible que el \u00faltimo look de <a href=\"https:\/\/www.glamour.es\/articulos\/eugenia-martinez-irujo-pantalon-serpiente-fiesta\" rel=\"nofollow noopener\" target=\"_blank\"><strong>Eugenia Mart\u00ednez de Irujo<\/strong><\/a> tenga mucho que ver con tu pr\u00f3ximo estilismo de Nochevieja. O de Nochebuena, o de cualquier compromiso para estas fiestas. A su llegada a la fiesta de Navidad de Fernando Mart\u00ednez de Irujo en el madrile\u00f1o Nuevo Club, luc\u00eda un conjunto que podr\u00edamos calificar como mitad invierno mitad verano. Una f\u00f3rmula con la que <a href=\"https:\/\/www.glamour.es\/articulos\/como-llevar-sandalias-de-tacon-cuando-hace-frio-en-madrid-tamara-falco\" rel=\"nofollow noopener\" target=\"_blank\">ya coquete\u00f3 Tamara Falc\u00f3<\/a> el pasado noviembre -aunque a\u00fan no ten\u00edamos noches tan fr\u00edas- y con la que la duquesa de Montoro se ha marcado un conjunto lleno de elegancia. L\u00f3gicamente, no es apto para caminar por las calles de Madrid durante mucho tiempo bajo estas temperaturas, sino m\u00e1s bien para ir de puerta a puerta. Pero obviando esa peque\u00f1a pega, no nos importar\u00eda nada copi\u00e1rselo.<\/p>\n<p><img decoding=\"async\" alt=\"Eugenia Mart\u00ednez de Irujo y Narc\u00eds Rebollo acuden a la fiesta de Navidad de Fernando Mart\u00ednez de Irujo en Madrid.\" loading=\"lazy\" class=\"ResponsiveImageContainer-eNxvmU cfBbTk responsive-image__image\"   src=\"https:\/\/www.europesays.com\/es\/wp-content\/uploads\/2025\/12\/DL_u597156_002.jpg\"\/><\/p>\n<p>Eugenia Mart\u00ednez de Irujo y Narc\u00eds Rebollo acuden a la fiesta de Navidad de Fernando Mart\u00ednez de Irujo.\u00a9 Gtres Online\/Sergio R Moreno<\/p>\n<p>Para empezar, porque va enfundada en un <a href=\"https:\/\/www.glamour.es\/galerias\/abrigo-extravagante-invierno-2026\" rel=\"nofollow noopener\" target=\"_blank\">abrigo<\/a> de terciopelo cruzado de esos que hacen el look por s\u00ed solos. Da igual lo que a\u00f1adas despu\u00e9s, porque semejante pieza ya acapara toda la atenci\u00f3n y colma de elegancia cualquier prenda que se sume a la ecuaci\u00f3n. Y adem\u00e1s de dotar de empaque a su portadora, es un aliado cien por cien funcional contra el fr\u00edo. Justo lo que la duquesa necesitaba para compensar la presencia de las sandalias:<\/p>\n<p><img decoding=\"async\" alt=\"Eugenia Mart\u00ednez de Irujo y Narc\u00eds Rebollo acuden a la fiesta de Navidad de Fernando Mart\u00ednez de Irujo.\" loading=\"lazy\" class=\"ResponsiveImageContainer-eNxvmU cfBbTk responsive-image__image\"   src=\"https:\/\/www.europesays.com\/es\/wp-content\/uploads\/2025\/12\/DL_u597156_004.jpg\"\/><\/p>\n<p>Abrigo + sandalias, contradictorio pero cien por cien elegante.\u00a9 Gtres Online\/Sergio R Moreno<\/p>\n","protected":false},"excerpt":{"rendered":"Es posible que el \u00faltimo look de Eugenia Mart\u00ednez de Irujo tenga mucho que ver con tu pr\u00f3ximo&hellip;\n","protected":false},"author":2,"featured_media":300319,"comment_status":"","ping_status":"","sticky":false,"template":"","format":"standard","meta":{"footnotes":""},"categories":[91],"tags":[49716,146,147,25,24,20221,63398,23],"class_list":{"0":"post-300318","1":"post","2":"type-post","3":"status-publish","4":"format-standard","5":"has-post-thumbnail","7":"category-entretenimiento","8":"tag-abrigos","9":"tag-entertainment","10":"tag-entretenimiento","11":"tag-es","12":"tag-espana","13":"tag-eugenia-martinez-de-irujo","14":"tag-sandalias","15":"tag-spain"},"share_on_mastodon":{"url":"https:\/\/pubeurope.com\/@es\/115759539076411069","error":""},"_links":{"self":[{"href":"https:\/\/www.europesays.com\/es\/wp-json\/wp\/v2\/posts\/300318","targetHints":{"allow":["GET"]}}],"collection":[{"href":"https:\/\/www.europesays.com\/es\/wp-json\/wp\/v2\/posts"}],"about":[{"href":"https:\/\/www.europesays.com\/es\/wp-json\/wp\/v2\/types\/post"}],"author":[{"embeddable":true,"href":"https:\/\/www.europesays.com\/es\/wp-json\/wp\/v2\/users\/2"}],"replies":[{"embeddable":true,"href":"https:\/\/www.europesays.com\/es\/wp-json\/wp\/v2\/comments?post=300318"}],"version-history":[{"count":0,"href":"https:\/\/www.europesays.com\/es\/wp-json\/wp\/v2\/posts\/300318\/revisions"}],"wp:featuredmedia":[{"embeddable":true,"href":"https:\/\/www.europesays.com\/es\/wp-json\/wp\/v2\/media\/300319"}],"wp:attachment":[{"href":"https:\/\/www.europesays.com\/es\/wp-json\/wp\/v2\/media?parent=300318"}],"wp:term":[{"taxonomy":"category","embeddable":true,"href":"https:\/\/www.europesays.com\/es\/wp-json\/wp\/v2\/categories?post=300318"},{"taxonomy":"post_tag","embeddable":true,"href":"https:\/\/www.europesays.com\/es\/wp-json\/wp\/v2\/tags?post=300318"}],"curies":[{"name":"wp","href":"https:\/\/api.w.org\/{rel}","templated":true}]}}