{"id":300328,"date":"2025-12-21T20:56:11","date_gmt":"2025-12-21T20:56:11","guid":{"rendered":"https:\/\/www.europesays.com\/es\/300328\/"},"modified":"2025-12-21T20:56:11","modified_gmt":"2025-12-21T20:56:11","slug":"asi-fue-la-polemica-roja-directa-a-renato-veiga-por-una-entrada-a-lamine-yamal-en-el-villarreal","status":"publish","type":"post","link":"https:\/\/www.europesays.com\/es\/300328\/","title":{"rendered":"As\u00ed fue la pol\u00e9mica roja directa a Renato Veiga por una entrada a Lamine Yamal en el Villarreal"},"content":{"rendered":"<p class=\"c-paragraph\">El partido de la jornada 17 de LaLiga que enfrent\u00f3 al <b><a href=\"https:\/\/www.20minutos.es\/tags\/deportes\/villarreal.html\" title=\"Villarreal\" rel=\"nofollow noopener\" target=\"_blank\">Villarreal <\/a>con el Bar\u00e7a qued\u00f3 ineludiblemente marcado por la expulsi\u00f3n de Renato Veiga por una entrada sobre<a href=\"https:\/\/www.20minutos.es\/tags\/deportes\/lamine-yamal.html\" title=\"Lamine Yamal\" rel=\"nofollow noopener\" target=\"_blank\"> Lamine Yamal<\/a><\/b><a href=\"\"> <\/a>en la primera parte. El Submarino Amarillo y su p\u00fablico protestaron ostensiblemente por una de las jugadas m\u00e1s pol\u00e9micas del fin de semana.\u00a0<\/p>\n<p class=\"c-paragraph\"><b>El FC Barcelona ya se hab\u00eda adelantado en el marcador gracias a un penalti de Comesa\u00f1a sobre Raphinha<\/b> que el propio delantero brasile\u00f1o transform\u00f3, silenciando La Cer\u00e1mica. A\u00fan as\u00ed, los locales encadenaron muchas acciones de peligro que no llegaron a culminar en el empate.\u00a0<\/p>\n<p class=\"c-paragraph\">Y en el minuto 39 llegaron las peores noticias para el Villarreal.<b> Renato Veiga entr\u00f3 a destiempo a Lamine Yamal<\/b>, que ya hab\u00eda redistribuido el esf\u00e9rico en su posesi\u00f3n. <b>Javier Alberola Rojas no lo dud\u00f3, y le mostr\u00f3 la cartulina roja directa al futbolista portugu\u00e9s<\/b>, desatando las protestas del combinado castellonense y su afici\u00f3n, aunque sin la intervenci\u00f3n del VAR, la ventaja de jugadores para el Bar\u00e7a qued\u00f3 sentenciada.\u00a0<\/p>\n","protected":false},"excerpt":{"rendered":"El partido de la jornada 17 de LaLiga que enfrent\u00f3 al Villarreal con el Bar\u00e7a qued\u00f3 ineludiblemente marcado&hellip;\n","protected":false},"author":2,"featured_media":300329,"comment_status":"","ping_status":"","sticky":false,"template":"","format":"standard","meta":{"footnotes":""},"categories":[5],"tags":[17,18,25,24,3193,881,13,14,11,288,8138,19,20,9,10,15,16,33711,23,12,21,22,10560],"class_list":{"0":"post-300328","1":"post","2":"type-post","3":"status-publish","4":"format-standard","5":"has-post-thumbnail","7":"category-titulares","8":"tag-breaking-news","9":"tag-breakingnews","10":"tag-es","11":"tag-espana","12":"tag-expulsion","13":"tag-fc-barcelona","14":"tag-featured-news","15":"tag-featurednews","16":"tag-headlines","17":"tag-laliga","18":"tag-lamine-yamal","19":"tag-latest-news","20":"tag-latestnews","21":"tag-news","22":"tag-noticias","23":"tag-noticias-destacadas","24":"tag-noticiasdestacadas","25":"tag-renato-veiga","26":"tag-spain","27":"tag-titulares","28":"tag-ultimas-noticias","29":"tag-ultimasnoticias","30":"tag-villarreal"},"share_on_mastodon":{"url":"https:\/\/pubeurope.com\/@es\/115759558395386402","error":""},"_links":{"self":[{"href":"https:\/\/www.europesays.com\/es\/wp-json\/wp\/v2\/posts\/300328","targetHints":{"allow":["GET"]}}],"collection":[{"href":"https:\/\/www.europesays.com\/es\/wp-json\/wp\/v2\/posts"}],"about":[{"href":"https:\/\/www.europesays.com\/es\/wp-json\/wp\/v2\/types\/post"}],"author":[{"embeddable":true,"href":"https:\/\/www.europesays.com\/es\/wp-json\/wp\/v2\/users\/2"}],"replies":[{"embeddable":true,"href":"https:\/\/www.europesays.com\/es\/wp-json\/wp\/v2\/comments?post=300328"}],"version-history":[{"count":0,"href":"https:\/\/www.europesays.com\/es\/wp-json\/wp\/v2\/posts\/300328\/revisions"}],"wp:featuredmedia":[{"embeddable":true,"href":"https:\/\/www.europesays.com\/es\/wp-json\/wp\/v2\/media\/300329"}],"wp:attachment":[{"href":"https:\/\/www.europesays.com\/es\/wp-json\/wp\/v2\/media?parent=300328"}],"wp:term":[{"taxonomy":"category","embeddable":true,"href":"https:\/\/www.europesays.com\/es\/wp-json\/wp\/v2\/categories?post=300328"},{"taxonomy":"post_tag","embeddable":true,"href":"https:\/\/www.europesays.com\/es\/wp-json\/wp\/v2\/tags?post=300328"}],"curies":[{"name":"wp","href":"https:\/\/api.w.org\/{rel}","templated":true}]}}